{"id":36394,"date":"2021-03-26T21:21:36","date_gmt":"2021-03-27T00:21:36","guid":{"rendered":"http:\/\/vocesparalelas.com.ar\/sitio\/?p=36394"},"modified":"2021-03-26T21:31:36","modified_gmt":"2021-03-27T00:31:36","slug":"se-llama-a-los-docentes-universitarios-a-un-paro-nacional-por-48-hs-el-6-y-7-de-abril","status":"publish","type":"post","link":"https:\/\/vocesparalelas.com.ar\/sitio\/se-llama-a-los-docentes-universitarios-a-un-paro-nacional-por-48-hs-el-6-y-7-de-abril\/","title":{"rendered":"Se llama a los Docentes Universitarios a un Paro Nacional por 48 hs.; el 6 y 7 de Abril"},"content":{"rendered":"<p>El Plenario de Secretar\u00edas Generales de la Federaci\u00f3n CONADU Hist\u00f3rica resolvi\u00f3 en la reuni\u00f3n virtual, con la presencia de 26 asociaciones de base.<\/p>\n<p>La medida de fuerza obedece a las dilaciones del Gobierno Nacional en la convocatoria a la Mesa de Negociaci\u00f3n Salarial del sector, cuya paritaria se encuentra vencida desde fines de Febrero y con una p\u00e9rdida en los haberes superior al 20% con relaci\u00f3n a la inflaci\u00f3n.<\/p>\n<p>La docencia universitaria y preuniversitaria exige una recomposici\u00f3n salarial que supere las previsiones inflacionarias del presente a\u00f1o, y hasta el momento no ha tenido respuesta ni convocatoria a reuni\u00f3n. Demanda, adem\u00e1s, el reconocimiento de gastos en la ense\u00f1anza virtual y cumplimiento del Convenio Colectivo de Trabajo en lo referido a las condiciones y ambiente de trabajo en el marco de la pandemia.<\/p>\n<p>Adem\u00e1s, los docentes denuncian que durante todo el a\u00f1o 2020 sostuvieron la ense\u00f1anza y el v\u00ednculo con casi dos millones de estudiantes sin apoyo estatal ni de las universidades, que se mantuvieron cerradas a causa de las medidas de ASPO dispuestas en el marco de la emergencia sanitaria\u201d.<\/p>\n<p>\u201cA\u00fan hoy contin\u00faan las actividades acad\u00e9micas, pero esto no es reconocido nacionalmente. Trabajamos desde nuestros hogares, mayor cantidad de horas muchas veces, corriendo con los gastos de Internet y de los medios tecnol\u00f3gicos, con lo cual se trasladan los costos de la ense\u00f1anza a cada docente\u00bb, manifestaron.<\/p>\n<p>El Plenario de CONADU HIST\u00d3RICA denunci\u00f3 tambi\u00e9n la negativa de algunos Rectores a constituir las Paritarias Particulares para la discusi\u00f3n del retorno progresivo y cuidado a actividades presenciales, en relaci\u00f3n a las condiciones y protocolos sanitarios tal cual lo establece el Convenio Colectivo de Trabajo.<\/p>\n<p>Por lo expuesto, y ante las dilaciones y falta de respuestas, la Federaci\u00f3n resolvi\u00f3 la continuidad del Plan de Lucha y convocar a un Paro Nacional Docente en las Universidades Nacionales para los d\u00edas 6 y 7 de abril. La medida se cumplir\u00e1 con suspensi\u00f3n TOTAL de actividades acad\u00e9micas y de investigaci\u00f3n tanto presenciales como virtuales, y volver\u00e1n a reunirse el 8 de Abril para evaluar el estado de situaci\u00f3n de la negociaci\u00f3n.<\/p>\n<p>&nbsp;<\/p>\n<p>&nbsp;<\/p>\n<p>&nbsp;<\/p>\n","protected":false},"excerpt":{"rendered":"<p>El Plenario de Secretar\u00edas Generales de la Federaci\u00f3n CONADU Hist\u00f3rica resolvi\u00f3 en la reuni\u00f3n virtual, con la presencia de 26<\/p>\n","protected":false},"author":3,"featured_media":36396,"comment_status":"closed","ping_status":"closed","sticky":false,"template":"","format":"standard","meta":{"_acf_changed":false,"_seopress_robots_primary_cat":"none","_seopress_titles_title":"","_seopress_titles_desc":"","_seopress_robots_index":"","colormag_page_container_layout":"default_layout","colormag_page_sidebar_layout":"default_layout","footnotes":""},"categories":[1],"tags":[],"class_list":["post-36394","post","type-post","status-publish","format-standard","has-post-thumbnail","hentry","category-destacadas"],"acf":[],"_links":{"self":[{"href":"https:\/\/vocesparalelas.com.ar\/sitio\/wp-json\/wp\/v2\/posts\/36394","targetHints":{"allow":["GET"]}}],"collection":[{"href":"https:\/\/vocesparalelas.com.ar\/sitio\/wp-json\/wp\/v2\/posts"}],"about":[{"href":"https:\/\/vocesparalelas.com.ar\/sitio\/wp-json\/wp\/v2\/types\/post"}],"author":[{"embeddable":true,"href":"https:\/\/vocesparalelas.com.ar\/sitio\/wp-json\/wp\/v2\/users\/3"}],"replies":[{"embeddable":true,"href":"https:\/\/vocesparalelas.com.ar\/sitio\/wp-json\/wp\/v2\/comments?post=36394"}],"version-history":[{"count":1,"href":"https:\/\/vocesparalelas.com.ar\/sitio\/wp-json\/wp\/v2\/posts\/36394\/revisions"}],"predecessor-version":[{"id":36397,"href":"https:\/\/vocesparalelas.com.ar\/sitio\/wp-json\/wp\/v2\/posts\/36394\/revisions\/36397"}],"wp:featuredmedia":[{"embeddable":true,"href":"https:\/\/vocesparalelas.com.ar\/sitio\/wp-json\/wp\/v2\/media\/36396"}],"wp:attachment":[{"href":"https:\/\/vocesparalelas.com.ar\/sitio\/wp-json\/wp\/v2\/media?parent=36394"}],"wp:term":[{"taxonomy":"category","embeddable":true,"href":"https:\/\/vocesparalelas.com.ar\/sitio\/wp-json\/wp\/v2\/categories?post=36394"},{"taxonomy":"post_tag","embeddable":true,"href":"https:\/\/vocesparalelas.com.ar\/sitio\/wp-json\/wp\/v2\/tags?post=36394"}],"curies":[{"name":"wp","href":"https:\/\/api.w.org\/{rel}","templated":true}]}}