{"id":36378,"date":"2021-03-26T15:44:59","date_gmt":"2021-03-26T18:44:59","guid":{"rendered":"http:\/\/vocesparalelas.com.ar\/sitio\/?p=36378"},"modified":"2021-03-30T01:48:57","modified_gmt":"2021-03-30T04:48:57","slug":"somos-la-unsj-con-candidatos-a-rector-arq-roberto-gomez-y-a-vicerrectora-dra-ana-naranjo","status":"publish","type":"post","link":"https:\/\/vocesparalelas.com.ar\/sitio\/somos-la-unsj-con-candidatos-a-rector-arq-roberto-gomez-y-a-vicerrectora-dra-ana-naranjo\/","title":{"rendered":"\u00abSomos la UNSJ\u00bb con candidatos a Rector Arq. Roberto Gomez y a Vicerrectora Dra. Ana Naranjo"},"content":{"rendered":"<p>En uno de los patios del CUIM de la UNSJ, se desarroll\u00f3 el lanzamiento de los candidatos a Rector Arq. Roberto Gomez y Vicerrectora Dra. Ana Naranjo 2021 &#8211; 2025, de la Agrupaci\u00f3n \u00abSomos la UNSJ\u00bb, para las elecciones 2021, que las mismas se desarrollan el 10 de Junio para la renovacci\u00f3n de las autoridades en la Universidad Nacional de San Juan.<\/p>\n<p>El acto se realiz\u00f3 con todo el protocolo sanitario que corresponde a la pandemia del COVID &#8211; 19, por ello, hubo gente presencial otras en forma virtual, adem\u00e1s fue transmitido v\u00eda Zoom.<\/p>\n<p>Todos pudieron disfrutar \u00abConmemorando los 100 a\u00f1os del nacimiento de Astor Piazzolla\u00bb a cago de los egresados del Departamento de M\u00fasica de la Facultad de Filosof\u00eda, Humanidades y Artes de la UNSJ, Prof. Emmanuel Lucero en Flauta Traversa y el Prof. El\u00edas Mart\u00ednez, en Guitarra.<\/p>\n<p>\u00abBurdel 1900\u00bb<\/p>\n<p><iframe loading=\"lazy\" title=\"SOMOS LA UNSJ\" width=\"800\" height=\"450\" src=\"https:\/\/www.youtube.com\/embed\/mca-oudz9z8?feature=oembed\" frameborder=\"0\" allow=\"accelerometer; autoplay; clipboard-write; encrypted-media; gyroscope; picture-in-picture\" allowfullscreen><\/iframe><\/p>\n<p>\u00abNight Club\u00bb<\/p>\n<p><iframe loading=\"lazy\" title=\"SOMOS LA UNSJ\" width=\"800\" height=\"450\" src=\"https:\/\/www.youtube.com\/embed\/pm0L-aYbrj8?feature=oembed\" frameborder=\"0\" allow=\"accelerometer; autoplay; clipboard-write; encrypted-media; gyroscope; picture-in-picture\" allowfullscreen><\/iframe><\/p>\n<p>A continuaci\u00f3n se present\u00f3 un video donde los candidatos presentan su proyecto de trabajo y hacia donde apuntan el futuro de la Universidad Nacional de San Juan.<\/p>\n<p><iframe loading=\"lazy\" title=\"SOMOS LA UNSJ\" width=\"800\" height=\"450\" src=\"https:\/\/www.youtube.com\/embed\/J2eYnjWV2xc?feature=oembed\" frameborder=\"0\" allow=\"accelerometer; autoplay; clipboard-write; encrypted-media; gyroscope; picture-in-picture\" allowfullscreen><\/iframe><\/p>\n<figure id=\"attachment_36384\" aria-describedby=\"caption-attachment-36384\" style=\"width: 800px\" class=\"wp-caption alignnone\"><img loading=\"lazy\" decoding=\"async\" class=\"wp-image-36384 size-full\" src=\"https:\/\/vocesparalelas.com.ar\/sitio\/wp-content\/uploads\/2021\/03\/SOMOS-LA-UNSJ-04.jpg\" alt=\"\" width=\"800\" height=\"533\" srcset=\"https:\/\/vocesparalelas.com.ar\/sitio\/wp-content\/uploads\/2021\/03\/SOMOS-LA-UNSJ-04.jpg 800w, https:\/\/vocesparalelas.com.ar\/sitio\/wp-content\/uploads\/2021\/03\/SOMOS-LA-UNSJ-04-300x200.jpg 300w, https:\/\/vocesparalelas.com.ar\/sitio\/wp-content\/uploads\/2021\/03\/SOMOS-LA-UNSJ-04-768x512.jpg 768w\" sizes=\"auto, (max-width: 800px) 100vw, 800px\" \/><figcaption id=\"caption-attachment-36384\" class=\"wp-caption-text\">Candidatos a Rector Arq. Roberto Gomez y Vicerrectora Dra. Ana Naranjo 2021 &#8211; 2025, por SOMOS LA UNSJ.<\/figcaption><\/figure>\n<p>Posteriormente, la candidata a Vicerrectora Dra. Ana Naranjo, quien destac\u00f3 el por qu\u00e9 acept\u00f3 el gran desaf\u00edo de acompa\u00f1ar en la tarea, que la agrupaci\u00f3n SOMOS LA UNSJ le ofreci\u00f3 junto al Arq. Roberto Gomez.<\/p>\n<p><iframe loading=\"lazy\" title=\"SOMOS UNSJ\" width=\"800\" height=\"450\" src=\"https:\/\/www.youtube.com\/embed\/-GnVM5wSJag?feature=oembed\" frameborder=\"0\" allow=\"accelerometer; autoplay; clipboard-write; encrypted-media; gyroscope; picture-in-picture\" allowfullscreen><\/iframe><\/p>\n<p>&nbsp;<\/p>\n<p>Seguidamente, el candidato a Rector Arq. Roberto Gomez \u00a0destac\u00f3 la importancia del binomio de SOMOS LA UNSJ<\/p>\n<p>&nbsp;<\/p>\n<p><iframe loading=\"lazy\" title=\"SOMOS LA UNSJ\" width=\"800\" height=\"450\" src=\"https:\/\/www.youtube.com\/embed\/f-vVUb5jk64?feature=oembed\" frameborder=\"0\" allow=\"accelerometer; autoplay; clipboard-write; encrypted-media; gyroscope; picture-in-picture\" allowfullscreen><\/iframe><\/p>\n<p>&nbsp;<\/p>\n<p><img loading=\"lazy\" decoding=\"async\" class=\"alignnone wp-image-36385 size-full\" src=\"https:\/\/vocesparalelas.com.ar\/sitio\/wp-content\/uploads\/2021\/03\/SOMOS-LA-UNSJ-05.jpg\" alt=\"\" width=\"800\" height=\"533\" srcset=\"https:\/\/vocesparalelas.com.ar\/sitio\/wp-content\/uploads\/2021\/03\/SOMOS-LA-UNSJ-05.jpg 800w, https:\/\/vocesparalelas.com.ar\/sitio\/wp-content\/uploads\/2021\/03\/SOMOS-LA-UNSJ-05-300x200.jpg 300w, https:\/\/vocesparalelas.com.ar\/sitio\/wp-content\/uploads\/2021\/03\/SOMOS-LA-UNSJ-05-768x512.jpg 768w\" sizes=\"auto, (max-width: 800px) 100vw, 800px\" \/><\/p>\n<p>&nbsp;<\/p>\n<p><img loading=\"lazy\" decoding=\"async\" class=\"alignnone wp-image-36382 size-full\" src=\"https:\/\/vocesparalelas.com.ar\/sitio\/wp-content\/uploads\/2021\/03\/SOMOS-LA-UNSJ-02.jpg\" alt=\"\" width=\"800\" height=\"533\" srcset=\"https:\/\/vocesparalelas.com.ar\/sitio\/wp-content\/uploads\/2021\/03\/SOMOS-LA-UNSJ-02.jpg 800w, https:\/\/vocesparalelas.com.ar\/sitio\/wp-content\/uploads\/2021\/03\/SOMOS-LA-UNSJ-02-300x200.jpg 300w, https:\/\/vocesparalelas.com.ar\/sitio\/wp-content\/uploads\/2021\/03\/SOMOS-LA-UNSJ-02-768x512.jpg 768w\" sizes=\"auto, (max-width: 800px) 100vw, 800px\" \/><\/p>\n<p><img loading=\"lazy\" decoding=\"async\" class=\"alignnone wp-image-36381 size-full\" src=\"https:\/\/vocesparalelas.com.ar\/sitio\/wp-content\/uploads\/2021\/03\/SOMOS-LA-UNSJ-01.jpg\" alt=\"\" width=\"800\" height=\"533\" srcset=\"https:\/\/vocesparalelas.com.ar\/sitio\/wp-content\/uploads\/2021\/03\/SOMOS-LA-UNSJ-01.jpg 800w, https:\/\/vocesparalelas.com.ar\/sitio\/wp-content\/uploads\/2021\/03\/SOMOS-LA-UNSJ-01-300x200.jpg 300w, https:\/\/vocesparalelas.com.ar\/sitio\/wp-content\/uploads\/2021\/03\/SOMOS-LA-UNSJ-01-768x512.jpg 768w\" sizes=\"auto, (max-width: 800px) 100vw, 800px\" \/><\/p>\n<p>&nbsp;<\/p>\n<p>&nbsp;<\/p>\n","protected":false},"excerpt":{"rendered":"<p>En uno de los patios del CUIM de la UNSJ, se desarroll\u00f3 el lanzamiento de los candidatos a Rector Arq.<\/p>\n","protected":false},"author":3,"featured_media":36383,"comment_status":"closed","ping_status":"closed","sticky":false,"template":"","format":"video","meta":{"_acf_changed":false,"_seopress_robots_primary_cat":"none","_seopress_titles_title":"","_seopress_titles_desc":"","_seopress_robots_index":"","colormag_page_container_layout":"default_layout","colormag_page_sidebar_layout":"default_layout","footnotes":""},"categories":[10,7],"tags":[],"class_list":["post-36378","post","type-post","status-publish","format-video","has-post-thumbnail","hentry","category-opiniones","category-videos","post_format-post-format-video"],"acf":[],"_links":{"self":[{"href":"https:\/\/vocesparalelas.com.ar\/sitio\/wp-json\/wp\/v2\/posts\/36378","targetHints":{"allow":["GET"]}}],"collection":[{"href":"https:\/\/vocesparalelas.com.ar\/sitio\/wp-json\/wp\/v2\/posts"}],"about":[{"href":"https:\/\/vocesparalelas.com.ar\/sitio\/wp-json\/wp\/v2\/types\/post"}],"author":[{"embeddable":true,"href":"https:\/\/vocesparalelas.com.ar\/sitio\/wp-json\/wp\/v2\/users\/3"}],"replies":[{"embeddable":true,"href":"https:\/\/vocesparalelas.com.ar\/sitio\/wp-json\/wp\/v2\/comments?post=36378"}],"version-history":[{"count":1,"href":"https:\/\/vocesparalelas.com.ar\/sitio\/wp-json\/wp\/v2\/posts\/36378\/revisions"}],"predecessor-version":[{"id":36386,"href":"https:\/\/vocesparalelas.com.ar\/sitio\/wp-json\/wp\/v2\/posts\/36378\/revisions\/36386"}],"wp:featuredmedia":[{"embeddable":true,"href":"https:\/\/vocesparalelas.com.ar\/sitio\/wp-json\/wp\/v2\/media\/36383"}],"wp:attachment":[{"href":"https:\/\/vocesparalelas.com.ar\/sitio\/wp-json\/wp\/v2\/media?parent=36378"}],"wp:term":[{"taxonomy":"category","embeddable":true,"href":"https:\/\/vocesparalelas.com.ar\/sitio\/wp-json\/wp\/v2\/categories?post=36378"},{"taxonomy":"post_tag","embeddable":true,"href":"https:\/\/vocesparalelas.com.ar\/sitio\/wp-json\/wp\/v2\/tags?post=36378"}],"curies":[{"name":"wp","href":"https:\/\/api.w.org\/{rel}","templated":true}]}}