{"id":36367,"date":"2021-03-26T01:49:51","date_gmt":"2021-03-26T04:49:51","guid":{"rendered":"http:\/\/vocesparalelas.com.ar\/sitio\/?p=36367"},"modified":"2021-03-26T01:49:51","modified_gmt":"2021-03-26T04:49:51","slug":"cristian-cardozo-interesado-en-conocer-el-desarrollo-economico-y-ambiental-de-san-juan","status":"publish","type":"post","link":"https:\/\/vocesparalelas.com.ar\/sitio\/cristian-cardozo-interesado-en-conocer-el-desarrollo-economico-y-ambiental-de-san-juan\/","title":{"rendered":"Cristian Cardozo interesado en conocer el desarrollo econ\u00f3mico y ambiental de San Juan"},"content":{"rendered":"<p>El gobernador de San Juan, Dr. Sergio U\u00f1ac recibi\u00f3 en Casa de Gobierno al intendente de La Costa, Cristian Cardozo y su equipo de trabajo.<\/p>\n<p>Acompa\u00f1aron durante la reuni\u00f3n, el ministro de Producci\u00f3n y Desarrollo Econ\u00f3mico, Lic. Andr\u00e9s D\u00edaz Cano; y el secretario de Agricultura, Ganader\u00eda y Agroindustria, Lic. Marcelo Balderramo.<\/p>\n<p>La reuni\u00f3n tuvo como eje principal los intercambios de promoci\u00f3n tur\u00edstica y de los productos \u201cOrigen San Juan\u201d, y el desarrollo de San Juan en materia productiva y de ambiente.<\/p>\n<p><img loading=\"lazy\" decoding=\"async\" class=\"alignnone wp-image-36371 size-full\" src=\"https:\/\/vocesparalelas.com.ar\/sitio\/wp-content\/uploads\/2021\/03\/intendente-de-la-costa-03.jpg\" alt=\"\" width=\"800\" height=\"407\" srcset=\"https:\/\/vocesparalelas.com.ar\/sitio\/wp-content\/uploads\/2021\/03\/intendente-de-la-costa-03.jpg 800w, https:\/\/vocesparalelas.com.ar\/sitio\/wp-content\/uploads\/2021\/03\/intendente-de-la-costa-03-300x153.jpg 300w, https:\/\/vocesparalelas.com.ar\/sitio\/wp-content\/uploads\/2021\/03\/intendente-de-la-costa-03-768x391.jpg 768w\" sizes=\"auto, (max-width: 800px) 100vw, 800px\" \/><\/p>\n<p>El Partido de La Costa se caracteriza por ser un importante destino tur\u00edstico que, previo a la pandemia, recib\u00eda a m\u00e1s de 5 millones de personas durante la temporada estival.<\/p>\n<p>Al t\u00e9rmino de la visita, Cristian Cardozo detall\u00f3 que durante su estada en San Juan se reuni\u00f3 con el ministro de Producci\u00f3n, Lic. Andr\u00e9s D\u00edaz Cano y el secretario de Ambiente, Lic. Ra\u00fal Tello, con el fin de interiorizarse en diversos temas relacionados a las carteras que dirigen.<\/p>\n<figure id=\"attachment_36369\" aria-describedby=\"caption-attachment-36369\" style=\"width: 800px\" class=\"wp-caption alignnone\"><img loading=\"lazy\" decoding=\"async\" class=\"wp-image-36369 size-full\" src=\"https:\/\/vocesparalelas.com.ar\/sitio\/wp-content\/uploads\/2021\/03\/INTENDENTE-DE-LA-COSTA-01.jpg\" alt=\"\" width=\"800\" height=\"533\" srcset=\"https:\/\/vocesparalelas.com.ar\/sitio\/wp-content\/uploads\/2021\/03\/INTENDENTE-DE-LA-COSTA-01.jpg 800w, https:\/\/vocesparalelas.com.ar\/sitio\/wp-content\/uploads\/2021\/03\/INTENDENTE-DE-LA-COSTA-01-300x200.jpg 300w, https:\/\/vocesparalelas.com.ar\/sitio\/wp-content\/uploads\/2021\/03\/INTENDENTE-DE-LA-COSTA-01-768x512.jpg 768w\" sizes=\"auto, (max-width: 800px) 100vw, 800px\" \/><figcaption id=\"caption-attachment-36369\" class=\"wp-caption-text\">Intendente de La Costa, Cristian Cardozo<\/figcaption><\/figure>\n<p>&nbsp;<\/p>\n<p><iframe loading=\"lazy\" title=\"INTENDENTE CRISTIAN CARDOZO\" width=\"800\" height=\"450\" src=\"https:\/\/www.youtube.com\/embed\/oovWFIXBsUM?feature=oembed\" frameborder=\"0\" allow=\"accelerometer; autoplay; clipboard-write; encrypted-media; gyroscope; picture-in-picture\" allowfullscreen><\/iframe><\/p>\n<p>\u201cPudimos ver de primera mano toda la experiencia que tiene San Juan, la impronta del gobernador Sergio U\u00f1ac y como lleva estas cuestiones que hacen a que la comunidad est\u00e9 mejor. Una gran experiencia que enriquece a nuestro municipio\u201d, asegur\u00f3 Cardozo.<\/p>\n<p>En ese sentido, destac\u00f3 la figura del gobernador al se\u00f1alar que \u201clos paso que dio el gobernador en materia de Producci\u00f3n y Desarrollo Econ\u00f3mico son modelo en la Rep\u00fablica Argentina\u201d.<\/p>\n<p>Luego, el intendente de La Costa puso a su disposici\u00f3n la infraestructura de su ciudad para que San Juan pueda promocionar sus destinos y productos.<\/p>\n<p>Finalmente, valor\u00f3 la experiencia y asegur\u00f3 que \u00abnos llevamos muchas ideas qu\u00e9 se podr\u00e1n aplicar en el partido de La Costa y la provincia de Buenos Aires, sobre todo en el desarrollo de la generaci\u00f3n de fuentes de empleos, infraestructura, desarrollo urban\u00edstico y el trabajo en materia ambiental\u201d.<\/p>\n","protected":false},"excerpt":{"rendered":"<p>El gobernador de San Juan, Dr. Sergio U\u00f1ac recibi\u00f3 en Casa de Gobierno al intendente de La Costa, Cristian Cardozo<\/p>\n","protected":false},"author":3,"featured_media":36370,"comment_status":"closed","ping_status":"closed","sticky":false,"template":"","format":"video","meta":{"_acf_changed":false,"_seopress_robots_primary_cat":"none","_seopress_titles_title":"","_seopress_titles_desc":"","_seopress_robots_index":"","colormag_page_container_layout":"default_layout","colormag_page_sidebar_layout":"default_layout","footnotes":""},"categories":[1,7],"tags":[],"class_list":["post-36367","post","type-post","status-publish","format-video","has-post-thumbnail","hentry","category-destacadas","category-videos","post_format-post-format-video"],"acf":[],"_links":{"self":[{"href":"https:\/\/vocesparalelas.com.ar\/sitio\/wp-json\/wp\/v2\/posts\/36367","targetHints":{"allow":["GET"]}}],"collection":[{"href":"https:\/\/vocesparalelas.com.ar\/sitio\/wp-json\/wp\/v2\/posts"}],"about":[{"href":"https:\/\/vocesparalelas.com.ar\/sitio\/wp-json\/wp\/v2\/types\/post"}],"author":[{"embeddable":true,"href":"https:\/\/vocesparalelas.com.ar\/sitio\/wp-json\/wp\/v2\/users\/3"}],"replies":[{"embeddable":true,"href":"https:\/\/vocesparalelas.com.ar\/sitio\/wp-json\/wp\/v2\/comments?post=36367"}],"version-history":[{"count":1,"href":"https:\/\/vocesparalelas.com.ar\/sitio\/wp-json\/wp\/v2\/posts\/36367\/revisions"}],"predecessor-version":[{"id":36372,"href":"https:\/\/vocesparalelas.com.ar\/sitio\/wp-json\/wp\/v2\/posts\/36367\/revisions\/36372"}],"wp:featuredmedia":[{"embeddable":true,"href":"https:\/\/vocesparalelas.com.ar\/sitio\/wp-json\/wp\/v2\/media\/36370"}],"wp:attachment":[{"href":"https:\/\/vocesparalelas.com.ar\/sitio\/wp-json\/wp\/v2\/media?parent=36367"}],"wp:term":[{"taxonomy":"category","embeddable":true,"href":"https:\/\/vocesparalelas.com.ar\/sitio\/wp-json\/wp\/v2\/categories?post=36367"},{"taxonomy":"post_tag","embeddable":true,"href":"https:\/\/vocesparalelas.com.ar\/sitio\/wp-json\/wp\/v2\/tags?post=36367"}],"curies":[{"name":"wp","href":"https:\/\/api.w.org\/{rel}","templated":true}]}}