{"id":36357,"date":"2021-03-26T01:11:43","date_gmt":"2021-03-26T04:11:43","guid":{"rendered":"http:\/\/vocesparalelas.com.ar\/sitio\/?p=36357"},"modified":"2021-03-26T01:11:43","modified_gmt":"2021-03-26T04:11:43","slug":"se-desarrollo-la-sesion-preparatoria-en-san-juan","status":"publish","type":"post","link":"https:\/\/vocesparalelas.com.ar\/sitio\/se-desarrollo-la-sesion-preparatoria-en-san-juan\/","title":{"rendered":"Se desarroll\u00f3 la Sesi\u00f3n Preparatoria en San Juan"},"content":{"rendered":"<div class=\"itemFullText jbintrotext\">\n<p>La C\u00e1mara de Diputados de San Juan celebr\u00f3 el Jueves, 25 de Marzo la Sesi\u00f3n Preparatoria conforme al art\u00edculo 1\u00ba del Reglamento Interno. Durante su transcurso, los parlamentarios designaron las autoridades del cuerpo para el per\u00edodo legislativo 2021, definieron d\u00eda y horario de las asambleas ordinarias y conformaron las comisiones de Exterior e Interior, que ser\u00e1n las encargadas de acompa\u00f1ar y recibir al gobernador en su mensaje anual que pronunciar\u00e1 este pr\u00f3ximo jueves 1 de abril durante la apertura del per\u00edodo ordinario de sesiones.<\/p>\n<\/div>\n<div class=\"itemFullText\">\n<p>La reuni\u00f3n deliberativa estuvo conducida por el vicegobernador y presidente nato del Poder Legislativo, CPN Roberto Gattoni, quien estuvo acompa\u00f1ado por los secretarios Legislativo, Dr. Nicol\u00e1s Alvo y Administrativo, Dr. Roberto Iglesias.<\/p>\n<p><span style=\"color: #800080;\"><strong>Designaci\u00f3n de autoridades<\/strong><\/span><\/p>\n<p>En primer t\u00e9rmino, los diputados designaron las autoridades del cuerpo legislativo de acuerdo a lo que estipula el art\u00edculo 5\u00ba del Reglamento Interno y la Ley N\u00ba 501-E.<\/p>\n<p>De esta manera el titular del bloque Justicialista del Poder Legislativo, diputado Juan Carlos Abarca propuso para el cargo de Vicepresidente Primero al legislador Eduardo Cabello. Mientras el presidente del bloque Producci\u00f3n y Trabajo, diputado Sergio Miodowsky, formul\u00f3 para el cargo de Vicepresidente Segundo al parlamentario Carlos Platero. Y por \u00faltimo, el titular del bloque Bloquista, legislador Andr\u00e9s Chanampa, postul\u00f3 para el cargo de Vicepresidente Alterno al diputado Edgardo Sancassani.<\/p>\n<p>Tras la realizaci\u00f3n de la votaci\u00f3n nominal por cada una de las tres propuestas, todas resultaron aprobadas por unanimidad. Posteriormente, el vicegobernador y presidente nato de la C\u00e1mara de Diputados, Roberto Gattoni, procedi\u00f3 a tomarles juramento por la asunci\u00f3n a los cargos que deber\u00e1n desempe\u00f1ar cumpliendo y haciendo cumplir la Constituci\u00f3n y las leyes de la provincia.<\/p>\n<p><span style=\"color: #800080;\"><strong>D\u00eda y hora de las sesiones ordinarias<\/strong><\/span><\/p>\n<p>Luego, la C\u00e1mara fij\u00f3 el d\u00eda y hora de las Sesiones del Per\u00edodo Ordinario 2021, tal cual lo establece el art\u00edculo 99\u00ba del Reglamento Interno, que se\u00f1ala que \u201cLa C\u00e1mara fijar\u00e1 los d\u00edas y horas de la semana para realizar sesi\u00f3n, los cuales podr\u00e1 alterar cuando lo estime conveniente\u201d.<\/p>\n<p>En este sentido, el diputado Juan Carlos Abarca hizo moci\u00f3n para continuar con la realizaci\u00f3n de las sesiones del nuevo Per\u00edodo Ordinario los d\u00edas jueves como lo viene haciendo en a\u00f1os anteriores; y con la frecuencia y horario que la Comisi\u00f3n de Labor Parlamentaria lo determine necesario.<\/p>\n<p><span style=\"color: #800080;\"><strong>Comisiones de Exterior e Interior<\/strong><\/span><\/p>\n<p>Finalmente, el cuerpo parlamentario design\u00f3 a los miembros de las Comisiones encargadas de acompa\u00f1ar y recibir al Gobernador de San Juan en su mensaje Anual ante la Asamblea Legislativa. Sobre este particular, el legislador Juan Carlos Abarca propuso que la Comisi\u00f3n de Exterior est\u00e9 integrada por titulares de los bloques, ConFe Somos San Juan, diputada Florencia Pe\u00f1aloza; Justicialista, diputado Juan Carlos Abarca; Producci\u00f3n y Trabajo, diputado Sergio Miodowsky; Actuar, diputado Gustavo Us\u00edn y del bloque Bloquista, diputado Andr\u00e9s Chanampa. Y la Comisi\u00f3n de Interior, por los presidentes de los bloques, Frente Grande- Unidad Ciudadana, diputado Horacio Quiroga; San Juan Primero, diputado, Enrique Monta\u00f1o; PRO Juntos por el Cambio, diputado Enzo Cornejo; y del bloque del Este, diputado Andr\u00e9s Mallea. Ambas mociones fueron aprobadas por unanimidad.<\/p>\n<\/div>\n<p><img loading=\"lazy\" decoding=\"async\" class=\"alignnone wp-image-36360 size-full\" src=\"https:\/\/vocesparalelas.com.ar\/sitio\/wp-content\/uploads\/2021\/03\/CAMARA-HOY-02.jpg\" alt=\"\" width=\"800\" height=\"455\" srcset=\"https:\/\/vocesparalelas.com.ar\/sitio\/wp-content\/uploads\/2021\/03\/CAMARA-HOY-02.jpg 800w, https:\/\/vocesparalelas.com.ar\/sitio\/wp-content\/uploads\/2021\/03\/CAMARA-HOY-02-300x171.jpg 300w, https:\/\/vocesparalelas.com.ar\/sitio\/wp-content\/uploads\/2021\/03\/CAMARA-HOY-02-768x437.jpg 768w\" sizes=\"auto, (max-width: 800px) 100vw, 800px\" \/><\/p>\n","protected":false},"excerpt":{"rendered":"<p>La C\u00e1mara de Diputados de San Juan celebr\u00f3 el Jueves, 25 de Marzo la Sesi\u00f3n Preparatoria conforme al art\u00edculo 1\u00ba<\/p>\n","protected":false},"author":3,"featured_media":36359,"comment_status":"closed","ping_status":"closed","sticky":false,"template":"","format":"standard","meta":{"_acf_changed":false,"_seopress_robots_primary_cat":"none","_seopress_titles_title":"","_seopress_titles_desc":"","_seopress_robots_index":"","colormag_page_container_layout":"default_layout","colormag_page_sidebar_layout":"default_layout","footnotes":""},"categories":[1],"tags":[],"class_list":["post-36357","post","type-post","status-publish","format-standard","has-post-thumbnail","hentry","category-destacadas"],"acf":[],"_links":{"self":[{"href":"https:\/\/vocesparalelas.com.ar\/sitio\/wp-json\/wp\/v2\/posts\/36357","targetHints":{"allow":["GET"]}}],"collection":[{"href":"https:\/\/vocesparalelas.com.ar\/sitio\/wp-json\/wp\/v2\/posts"}],"about":[{"href":"https:\/\/vocesparalelas.com.ar\/sitio\/wp-json\/wp\/v2\/types\/post"}],"author":[{"embeddable":true,"href":"https:\/\/vocesparalelas.com.ar\/sitio\/wp-json\/wp\/v2\/users\/3"}],"replies":[{"embeddable":true,"href":"https:\/\/vocesparalelas.com.ar\/sitio\/wp-json\/wp\/v2\/comments?post=36357"}],"version-history":[{"count":1,"href":"https:\/\/vocesparalelas.com.ar\/sitio\/wp-json\/wp\/v2\/posts\/36357\/revisions"}],"predecessor-version":[{"id":36361,"href":"https:\/\/vocesparalelas.com.ar\/sitio\/wp-json\/wp\/v2\/posts\/36357\/revisions\/36361"}],"wp:featuredmedia":[{"embeddable":true,"href":"https:\/\/vocesparalelas.com.ar\/sitio\/wp-json\/wp\/v2\/media\/36359"}],"wp:attachment":[{"href":"https:\/\/vocesparalelas.com.ar\/sitio\/wp-json\/wp\/v2\/media?parent=36357"}],"wp:term":[{"taxonomy":"category","embeddable":true,"href":"https:\/\/vocesparalelas.com.ar\/sitio\/wp-json\/wp\/v2\/categories?post=36357"},{"taxonomy":"post_tag","embeddable":true,"href":"https:\/\/vocesparalelas.com.ar\/sitio\/wp-json\/wp\/v2\/tags?post=36357"}],"curies":[{"name":"wp","href":"https:\/\/api.w.org\/{rel}","templated":true}]}}