{"id":36347,"date":"2021-03-25T19:09:08","date_gmt":"2021-03-25T22:09:08","guid":{"rendered":"http:\/\/vocesparalelas.com.ar\/sitio\/?p=36347"},"modified":"2021-03-26T23:52:48","modified_gmt":"2021-03-27T02:52:48","slug":"calendario-de-pago-a-la-administracion-publica-de-san-juan","status":"publish","type":"post","link":"https:\/\/vocesparalelas.com.ar\/sitio\/calendario-de-pago-a-la-administracion-publica-de-san-juan\/","title":{"rendered":"Calendario de pago a la Administraci\u00f3n P\u00fablica de San Juan"},"content":{"rendered":"<p>El Ministerio de Hacienda y Finanzas del Gobierno de San Juan inform\u00f3 el calendario de pagos correspondiente al mes de marzo de 2021.Con el objetivo de disponibilizar los sueldos del mes de marzo antes de Semana Santa y continuar manteniendo el distanciamiento social cuidando la salud de la poblaci\u00f3n de San Juan, los haberes de los agentes p\u00fablicos estar\u00e1n disponibles en los cajeros seg\u00fan el siguiente calendario:<\/p>\n<ul>\n<li>Salud, Seguridad y Documentos terminados en 0 y 1: lunes 29 de marzo<\/li>\n<li>Documentos terminados en 2, 3, 4 y 5: martes 30 de marzo<\/li>\n<li>Documentos terminados en 6, 7, 8 y 9: mi\u00e9rcoles 31 de marzo<\/li>\n<\/ul>\n<p>Los haberes de marzo incluyen el 30% de aumento establecido para dicho mes. Los siguientes ser\u00e1n del 7% en mayo, el 6% en el mes de julio y el 7% de aumento en octubre hasta completar el 50% acordado en paritarias 2021.<\/p>\n<p>Asimismo, se recuerda que los cajeros autom\u00e1ticos funcionan las 24 horas, por lo que se solicita evitar horarios y cajeros con gran afluencia de p\u00fablico, no asistir acompa\u00f1ados, usar tapabocas, mantener dos metros de distancia entre personas y desinfectar las manos luego del uso de cajeros y manipulaci\u00f3n de dinero.<\/p>\n<p>Tambi\u00e9n se solicita a la poblaci\u00f3n tener presente que est\u00e1n vigentes las extracciones con tarjeta de d\u00e9bito en los principales supermercados y estaciones de servicio de la provincia, entre otros comercios identificados con el logo de Visa &#8211; Extra cash.<\/p>\n<p>La forma m\u00e1s eficaz de luchar contra la pandemia es con la colaboraci\u00f3n y la responsabilidad de todos los sanjuaninos.<\/p>\n<p>&nbsp;<\/p>\n<p>&nbsp;<\/p>\n","protected":false},"excerpt":{"rendered":"<p>El Ministerio de Hacienda y Finanzas del Gobierno de San Juan inform\u00f3 el calendario de pagos correspondiente al mes de<\/p>\n","protected":false},"author":3,"featured_media":1245,"comment_status":"closed","ping_status":"closed","sticky":false,"template":"","format":"standard","meta":{"_acf_changed":false,"_seopress_robots_primary_cat":"none","_seopress_titles_title":"","_seopress_titles_desc":"","_seopress_robots_index":"","colormag_page_container_layout":"default_layout","colormag_page_sidebar_layout":"default_layout","footnotes":""},"categories":[6],"tags":[],"class_list":["post-36347","post","type-post","status-publish","format-standard","has-post-thumbnail","hentry","category-eventos"],"acf":[],"_links":{"self":[{"href":"https:\/\/vocesparalelas.com.ar\/sitio\/wp-json\/wp\/v2\/posts\/36347","targetHints":{"allow":["GET"]}}],"collection":[{"href":"https:\/\/vocesparalelas.com.ar\/sitio\/wp-json\/wp\/v2\/posts"}],"about":[{"href":"https:\/\/vocesparalelas.com.ar\/sitio\/wp-json\/wp\/v2\/types\/post"}],"author":[{"embeddable":true,"href":"https:\/\/vocesparalelas.com.ar\/sitio\/wp-json\/wp\/v2\/users\/3"}],"replies":[{"embeddable":true,"href":"https:\/\/vocesparalelas.com.ar\/sitio\/wp-json\/wp\/v2\/comments?post=36347"}],"version-history":[{"count":1,"href":"https:\/\/vocesparalelas.com.ar\/sitio\/wp-json\/wp\/v2\/posts\/36347\/revisions"}],"predecessor-version":[{"id":36349,"href":"https:\/\/vocesparalelas.com.ar\/sitio\/wp-json\/wp\/v2\/posts\/36347\/revisions\/36349"}],"wp:featuredmedia":[{"embeddable":true,"href":"https:\/\/vocesparalelas.com.ar\/sitio\/wp-json\/wp\/v2\/media\/1245"}],"wp:attachment":[{"href":"https:\/\/vocesparalelas.com.ar\/sitio\/wp-json\/wp\/v2\/media?parent=36347"}],"wp:term":[{"taxonomy":"category","embeddable":true,"href":"https:\/\/vocesparalelas.com.ar\/sitio\/wp-json\/wp\/v2\/categories?post=36347"},{"taxonomy":"post_tag","embeddable":true,"href":"https:\/\/vocesparalelas.com.ar\/sitio\/wp-json\/wp\/v2\/tags?post=36347"}],"curies":[{"name":"wp","href":"https:\/\/api.w.org\/{rel}","templated":true}]}}