{"id":36331,"date":"2021-03-25T00:12:55","date_gmt":"2021-03-25T03:12:55","guid":{"rendered":"http:\/\/vocesparalelas.com.ar\/sitio\/?p=36331"},"modified":"2021-03-25T00:36:46","modified_gmt":"2021-03-25T03:36:46","slug":"dia-nacional-de-la-memoria-por-la-verdad-y-la-justicia-en-san-juan","status":"publish","type":"post","link":"https:\/\/vocesparalelas.com.ar\/sitio\/dia-nacional-de-la-memoria-por-la-verdad-y-la-justicia-en-san-juan\/","title":{"rendered":"D\u00eda Nacional de la Memoria por la Verdad y la Justicia en San Juan"},"content":{"rendered":"<div class=\"itemFullText jbintrotext\">\n<p>En el D\u00eda Nacional de la Memoria por la Verdad y la Justicia, el vicegobernador CPN Roberto Gattoni particip\u00f3 junto al titular del Poder Ejecutivo, Dr. Sergio U\u00f1ac, del acto oficial llevado a cabo en el edificio de la ex Legislatura provincial.<\/p>\n<p>Donde realizaron un descubrimiento de una placa recordatoria y la plantaron dos \u00e1rboles en el marco de una campa\u00f1a nacional \u201cPlantemos Memoria\u201d impulsada por organismos de Derechos Humanos, con motivo del 45\u00ba aniversario del \u00faltimo golpe militar.<\/p>\n<p>Asimismo, el primer mandatario anunci\u00f3 importantes proyectos que envi\u00f3 a la C\u00e1mara de Diputados vinculados a la construcci\u00f3n de la Memoria, entre ellos la refuncionalizaci\u00f3n del edificio de la ex Legislatura, a partir de la adhesi\u00f3n a la Ley de Sitios de la Memoria.<\/p>\n<\/div>\n<div class=\"itemFullText\">\n<p>Estuvo presente la ministra de Gobierno, Dra. Fabiola Aubone; el ministro de la Corte de Justicia, Dr. Juan Jos\u00e9 Victoria; los diputados provinciales Juan Carlos Abarca, Horacio Quiroga, Enrique Monta\u00f1o, y Carlos Platero, titular de la Comisi\u00f3n de Derechos Humanos y Garant\u00edas del Poder Legislativo;\u00a0 el secretario de Estado de Ambiente y Desarrollo Sustentable, Ra\u00fal Tello; y el director de Promoci\u00f3n y Protecci\u00f3n de Derechos Humanos, Carlos Alberto Goya Mart\u00ednez Aranda; entre otros funcionarios.<\/p>\n<p><img loading=\"lazy\" decoding=\"async\" class=\"alignnone wp-image-36336 size-full\" src=\"https:\/\/vocesparalelas.com.ar\/sitio\/wp-content\/uploads\/2021\/03\/MEMORIA-02.jpg\" alt=\"\" width=\"800\" height=\"534\" srcset=\"https:\/\/vocesparalelas.com.ar\/sitio\/wp-content\/uploads\/2021\/03\/MEMORIA-02.jpg 800w, https:\/\/vocesparalelas.com.ar\/sitio\/wp-content\/uploads\/2021\/03\/MEMORIA-02-300x200.jpg 300w, https:\/\/vocesparalelas.com.ar\/sitio\/wp-content\/uploads\/2021\/03\/MEMORIA-02-768x513.jpg 768w\" sizes=\"auto, (max-width: 800px) 100vw, 800px\" \/><\/p>\n<p>En primer lugar, el gobernador y el vicegobernador plantaron un \u00e1rbol cada uno en los jardines de la ex Legislatura. Luego, procedieron al descubrimiento de una placa en recuerdo de los desaparecidos y en conmemoraci\u00f3n de un nuevo aniversario del inicio del terrorismo de Estado. De esta forma dieron apertura a la puesta en valor del edificio de la ex legislatura de San Juan que pr\u00f3ximamente ser\u00e1 transformada en un paseo por la Memoria.<\/p>\n<p><img loading=\"lazy\" decoding=\"async\" class=\"alignnone wp-image-36335 size-full\" src=\"https:\/\/vocesparalelas.com.ar\/sitio\/wp-content\/uploads\/2021\/03\/MEMORIA-04.jpg\" alt=\"\" width=\"800\" height=\"515\" srcset=\"https:\/\/vocesparalelas.com.ar\/sitio\/wp-content\/uploads\/2021\/03\/MEMORIA-04.jpg 800w, https:\/\/vocesparalelas.com.ar\/sitio\/wp-content\/uploads\/2021\/03\/MEMORIA-04-300x193.jpg 300w, https:\/\/vocesparalelas.com.ar\/sitio\/wp-content\/uploads\/2021\/03\/MEMORIA-04-768x494.jpg 768w\" sizes=\"auto, (max-width: 800px) 100vw, 800px\" \/><\/p>\n<p>En este sentido, el titular del Poder Ejecutivo expres\u00f3 que \u201ces un d\u00eda donde nosotros hoy ac\u00e1 debemos establecer el ferro compromiso de generar que estos lugares, centros clandestinos de detenci\u00f3n, sean integrados en los lugares donde participa, se distiende y en familia se distrae la sociedad sanjuanina\u201d.<\/p>\n<p>Seguidamente agreg\u00f3 que \u201cac\u00e1 a mis espaldas, atr\u00e1s de la ex Legislatura, un viejo vel\u00f3dromo que todos recordaremos con una tribuna que estaba inutilizada pero cada tanto la us\u00e1bamos cuando se desarrollaba el pr\u00f3logo de la vuelta San Juan. Y era un lugar oscuro y cerrado, donde la sociedad no se sent\u00eda representada. Cuando decidimos ampliar el Parque de Mayo e incorporar este sector, que es casi una postal que a los sanjuaninos nos encanta mostrar, nos dimos cuenta que lo dej\u00e1bamos abierto a la sociedad misma. Entonces, el compromiso en funci\u00f3n querido vicegobernador y diputados provinciales aqu\u00ed presentes, porque tambi\u00e9n ha sido por iniciativa de ustedes por m\u00e1s que sea un proyecto que ayer ingres\u00f3 el Poder Ejecutivo en el Poder Legislativo para que sea tratado y Dios quiera aprobado por Ley que es la adhesi\u00f3n a la Ley de Sitios de la Memoria\u201d.<\/p>\n<p>\u201cEste lugar- se\u00f1alando el edificio de la ex Legislatura- tenga la misma perspectiva que tiene el nuevo Parque de Mayo, este sector que mostramos con much\u00edsimo orgullo y que es parte de lo que quer\u00edamos e hicimos. Este lugar tiene que ser parte de lo mismo. Tiene que ser un lugar que podamos visibilizar, y esa ley tiene que ser el puntapi\u00e9 inicial para que podamos refuncionalizar, respetando por supuesto los preceptos que la propia normativa establece. Un lugar que cuando pasemos por ac\u00e1 est\u00e9 iluminado y lo podamos mirar, para que veamos que esto es parte de lo que pas\u00f3, que nos doli\u00f3, y que solo si lo miramos con esos ojos no lo vamos a volver a cometer\u201d, sostuvo el gobernador U\u00f1ac.<\/p>\n<p>Luego, manifest\u00f3 \u201cme parece que es un d\u00eda propicio para anunciar que la adhesi\u00f3n a la Ley para la refuncionalizaci\u00f3n de este lugar va ser acompa\u00f1ada por algunos otros proyectos importantes, como por ejemplo el proyecto \u201cJ\u00f3venes y Memoria\u201d, que consiste en hacer docencia para que esta democracia participativa, que le queda mucho por dar todav\u00eda, sea el mecanismo que nos permita la construcci\u00f3n del bienestar de los argentinos, las argentinas y de los sanjuaninos y las sanjuaninas nos merecemos. Y tambi\u00e9n, la realizaci\u00f3n de cursos de capacitaci\u00f3n en conjunto con el Ministerio de Gobierno y la Secretar\u00eda de Derechos Humanos de la Presidencia de la Naci\u00f3n, que vamos a llevar a cabo para capacitar a las fuerzas de seguridad en la perspectivas de los derechos humanos y fundamentalmente en la no violencia institucional\u201d.<\/p>\n<p>\u201cCreo en definitiva que hoy es un d\u00eda que nos permite unirnos y reunirnos en estos lugares que nos permiten pensar y repensar nuestra historia reciente pero fundamentalmente que esa sea la base para construir un presente y un futuro que nos abrace a todos. Y esto no quiere decir que debamos pensar de la misma manera pero s\u00ed quiere decir que aun pensando distinto debamos respetarnos en la expresi\u00f3n de las ideas de lo que cada uno cree. Que sean las mayor\u00edas y no las fuerzas las que determinen el camino que debemos transitar entre todos; que sean el respeto y no la imposici\u00f3n, lo que permita sumar a m\u00e1s argentinos y argentinas en este camino que debe ser una necesaria reconstrucci\u00f3n social; que hoy d\u00eda sea para pensar que un pueblo sin memoria es un pueblo que est\u00e1 condenado a seguir fracasando, un pueblo que no tiene la altura institucional y social de reconocer sus errores; un pueblo que es probable que los vuelva a cometer, por eso mi reconocimiento a quienes defendieron durante todo este tiempo, aun en las \u00e9pocas m\u00e1s dif\u00edciles, los derechos humanos. Espero que este sea un d\u00eda en el que podamos mirarnos a los ojos y podamos decir que estamos dispuestos entre todos a construir una provincia con espacios para todos, con pluralidad de pensamientos pero fundamentalmente con la perspectiva de sentar las bases para que la provincia pueda crecer y desarrollarse con los sanjuaninos y las sanjuaninas expres\u00e1ndose de la mejor manera\u201d, concluy\u00f3 as\u00ed su discurso el primer mandatario provincial.<\/p>\n<p>A su turno, la ministra de Gobierno expres\u00f3 que \u201ctomo palabras de Estela de Carlotto y les pido hoy como todos los a\u00f1os que rompamos el silencio y nos animemos a comprometernos con nuestra historia. Es la mirada amorosa, solidaria y humana la que nos permitir\u00e1 reconstruir los lazos de aquel pasado que es nuestro presente\u201d<\/p>\n<p>Por \u00faltimo, el director de Promoci\u00f3n y Protecci\u00f3n de Derechos Humanos se\u00f1al\u00f3 que \u201chay dos cosas que me suenan muy fuerte y es que en su primer discurso el presidente de la Naci\u00f3n dijo que los derechos humanos iban a ser la columna vertebral de su gesti\u00f3n y en el cierre del Acuerdo San Juan el gobernador U\u00f1ac dijo que los derechos humanos y los derechos ambientales son transversales a todas las pol\u00edticas del Estado. Por otro lado, qu\u00e9 hermoso esto que nos llama Abuelas hoy en d\u00eda a plantar memoria, estamos atravesando los dos conceptos de este San Juan que queremos construir que viene. Qu\u00e9 hermosos gesto en donde rein\u00f3 tanto odio, tanto mal, tanto da\u00f1o a la sociedad que en recuerdo de quienes desaparecieron estemos poniendo treinta mil \u00e1rboles, esto nos llena de alegr\u00eda\u201d.<\/p>\n<\/div>\n<p><img loading=\"lazy\" decoding=\"async\" class=\"alignnone wp-image-36337 size-full\" src=\"https:\/\/vocesparalelas.com.ar\/sitio\/wp-content\/uploads\/2021\/03\/MEMORIA-05.jpg\" alt=\"\" width=\"800\" height=\"530\" srcset=\"https:\/\/vocesparalelas.com.ar\/sitio\/wp-content\/uploads\/2021\/03\/MEMORIA-05.jpg 800w, https:\/\/vocesparalelas.com.ar\/sitio\/wp-content\/uploads\/2021\/03\/MEMORIA-05-300x199.jpg 300w, https:\/\/vocesparalelas.com.ar\/sitio\/wp-content\/uploads\/2021\/03\/MEMORIA-05-768x509.jpg 768w\" sizes=\"auto, (max-width: 800px) 100vw, 800px\" \/><\/p>\n<p>&nbsp;<\/p>\n","protected":false},"excerpt":{"rendered":"<p>En el D\u00eda Nacional de la Memoria por la Verdad y la Justicia, el vicegobernador CPN Roberto Gattoni particip\u00f3 junto<\/p>\n","protected":false},"author":3,"featured_media":36333,"comment_status":"closed","ping_status":"closed","sticky":false,"template":"","format":"standard","meta":{"_acf_changed":false,"_seopress_robots_primary_cat":"none","_seopress_titles_title":"","_seopress_titles_desc":"","_seopress_robots_index":"","colormag_page_container_layout":"default_layout","colormag_page_sidebar_layout":"default_layout","footnotes":""},"categories":[1],"tags":[],"class_list":["post-36331","post","type-post","status-publish","format-standard","has-post-thumbnail","hentry","category-destacadas"],"acf":[],"_links":{"self":[{"href":"https:\/\/vocesparalelas.com.ar\/sitio\/wp-json\/wp\/v2\/posts\/36331","targetHints":{"allow":["GET"]}}],"collection":[{"href":"https:\/\/vocesparalelas.com.ar\/sitio\/wp-json\/wp\/v2\/posts"}],"about":[{"href":"https:\/\/vocesparalelas.com.ar\/sitio\/wp-json\/wp\/v2\/types\/post"}],"author":[{"embeddable":true,"href":"https:\/\/vocesparalelas.com.ar\/sitio\/wp-json\/wp\/v2\/users\/3"}],"replies":[{"embeddable":true,"href":"https:\/\/vocesparalelas.com.ar\/sitio\/wp-json\/wp\/v2\/comments?post=36331"}],"version-history":[{"count":1,"href":"https:\/\/vocesparalelas.com.ar\/sitio\/wp-json\/wp\/v2\/posts\/36331\/revisions"}],"predecessor-version":[{"id":36338,"href":"https:\/\/vocesparalelas.com.ar\/sitio\/wp-json\/wp\/v2\/posts\/36331\/revisions\/36338"}],"wp:featuredmedia":[{"embeddable":true,"href":"https:\/\/vocesparalelas.com.ar\/sitio\/wp-json\/wp\/v2\/media\/36333"}],"wp:attachment":[{"href":"https:\/\/vocesparalelas.com.ar\/sitio\/wp-json\/wp\/v2\/media?parent=36331"}],"wp:term":[{"taxonomy":"category","embeddable":true,"href":"https:\/\/vocesparalelas.com.ar\/sitio\/wp-json\/wp\/v2\/categories?post=36331"},{"taxonomy":"post_tag","embeddable":true,"href":"https:\/\/vocesparalelas.com.ar\/sitio\/wp-json\/wp\/v2\/tags?post=36331"}],"curies":[{"name":"wp","href":"https:\/\/api.w.org\/{rel}","templated":true}]}}