{"id":36328,"date":"2021-03-24T23:56:17","date_gmt":"2021-03-25T02:56:17","guid":{"rendered":"http:\/\/vocesparalelas.com.ar\/sitio\/?p=36328"},"modified":"2021-03-24T23:56:17","modified_gmt":"2021-03-25T02:56:17","slug":"reanudan-las-actividades-en-las-instituciones-educativas-que-funcionan-en-la-escuela-sarmiento","status":"publish","type":"post","link":"https:\/\/vocesparalelas.com.ar\/sitio\/reanudan-las-actividades-en-las-instituciones-educativas-que-funcionan-en-la-escuela-sarmiento\/","title":{"rendered":"Reanudan las actividades en las instituciones educativas que funcionan en la Escuela Sarmiento"},"content":{"rendered":"<p>El Ministerio de Educaci\u00f3n del Gobierno de San Juan informa, que cumplida la normativa dispuesta por protocolo preventivo jurisdiccional y nacional, y con el informe epidemiol\u00f3gico de Salud P\u00fablica, este jueves 25 se reanudar\u00e1 la actividad educativa en las escuelas Superior Sarmiento (turno ma\u00f1ana), Paula Albarrac\u00edn de Sarmiento, Nocturna Sarmiento y en el Instituto de Bibliotecolog\u00eda Mariano Moreno que funcionan en el edificio educativo de avenida Libertador 381 oeste.<\/p>\n<p>Las instalaciones fueron desinfectadas por parte del personal de Servicios Generales luego de los seis casos de COVID-19 informados.<\/p>\n<p>Mientras, que retomara la actividad educativa a partir del 29 de marzo el Colegio San Juan Bautista (turno noche), en forma preventiva hasta que culmine la investigaci\u00f3n epidemiol\u00f3gica correspondiente.<\/p>\n<p>&nbsp;<\/p>\n<p>&nbsp;<\/p>\n","protected":false},"excerpt":{"rendered":"<p>El Ministerio de Educaci\u00f3n del Gobierno de San Juan informa, que cumplida la normativa dispuesta por protocolo preventivo jurisdiccional y<\/p>\n","protected":false},"author":3,"featured_media":28629,"comment_status":"closed","ping_status":"closed","sticky":false,"template":"","format":"standard","meta":{"_acf_changed":false,"_seopress_robots_primary_cat":"none","_seopress_titles_title":"","_seopress_titles_desc":"","_seopress_robots_index":"","colormag_page_container_layout":"default_layout","colormag_page_sidebar_layout":"default_layout","footnotes":""},"categories":[1],"tags":[],"class_list":["post-36328","post","type-post","status-publish","format-standard","has-post-thumbnail","hentry","category-destacadas"],"acf":[],"_links":{"self":[{"href":"https:\/\/vocesparalelas.com.ar\/sitio\/wp-json\/wp\/v2\/posts\/36328","targetHints":{"allow":["GET"]}}],"collection":[{"href":"https:\/\/vocesparalelas.com.ar\/sitio\/wp-json\/wp\/v2\/posts"}],"about":[{"href":"https:\/\/vocesparalelas.com.ar\/sitio\/wp-json\/wp\/v2\/types\/post"}],"author":[{"embeddable":true,"href":"https:\/\/vocesparalelas.com.ar\/sitio\/wp-json\/wp\/v2\/users\/3"}],"replies":[{"embeddable":true,"href":"https:\/\/vocesparalelas.com.ar\/sitio\/wp-json\/wp\/v2\/comments?post=36328"}],"version-history":[{"count":1,"href":"https:\/\/vocesparalelas.com.ar\/sitio\/wp-json\/wp\/v2\/posts\/36328\/revisions"}],"predecessor-version":[{"id":36330,"href":"https:\/\/vocesparalelas.com.ar\/sitio\/wp-json\/wp\/v2\/posts\/36328\/revisions\/36330"}],"wp:featuredmedia":[{"embeddable":true,"href":"https:\/\/vocesparalelas.com.ar\/sitio\/wp-json\/wp\/v2\/media\/28629"}],"wp:attachment":[{"href":"https:\/\/vocesparalelas.com.ar\/sitio\/wp-json\/wp\/v2\/media?parent=36328"}],"wp:term":[{"taxonomy":"category","embeddable":true,"href":"https:\/\/vocesparalelas.com.ar\/sitio\/wp-json\/wp\/v2\/categories?post=36328"},{"taxonomy":"post_tag","embeddable":true,"href":"https:\/\/vocesparalelas.com.ar\/sitio\/wp-json\/wp\/v2\/tags?post=36328"}],"curies":[{"name":"wp","href":"https:\/\/api.w.org\/{rel}","templated":true}]}}