{"id":36296,"date":"2021-03-23T09:47:42","date_gmt":"2021-03-23T12:47:42","guid":{"rendered":"http:\/\/vocesparalelas.com.ar\/sitio\/?p=36296"},"modified":"2021-03-24T00:55:26","modified_gmt":"2021-03-24T03:55:26","slug":"el-embajador-de-alemania-en-argentina-dr-ulrich-sante-en-san-juan","status":"publish","type":"post","link":"https:\/\/vocesparalelas.com.ar\/sitio\/el-embajador-de-alemania-en-argentina-dr-ulrich-sante-en-san-juan\/","title":{"rendered":"El embajador de Alemania en Argentina, Dr. Ulrich Sante en San Juan"},"content":{"rendered":"<p>Acompa\u00f1ado por los miembros de su gabinete, el gobernador de San Juan, Sergio U\u00f1ac, recibi\u00f3 este martes la visita del embajador de Alemania en la Rep\u00fablica Argentina, Ulrich Sante, quien lleg\u00f3 a la provincia junto a su esposa, Christina Sante.<\/p>\n<p>La ceremonia tuvo lugar en la Casa de Gobierno, oportunidad en la que se ley\u00f3 el decreto que lo declara Hu\u00e9sped de Honor en San Juan mientras dure su estad\u00eda en la provincia.<\/p>\n<p>&nbsp;<\/p>\n<p><iframe loading=\"lazy\" title=\"El Gobernador recibi\u00f3 al Embajador de Alemania en la Argentina\" width=\"800\" height=\"450\" src=\"https:\/\/www.youtube.com\/embed\/BZCD2DlTEec?feature=oembed\" frameborder=\"0\" allow=\"accelerometer; autoplay; clipboard-write; encrypted-media; gyroscope; picture-in-picture\" allowfullscreen><\/iframe><\/p>\n<p>&nbsp;<\/p>\n<p>Sante agradeci\u00f3 la distinci\u00f3n y asegur\u00f3 que \u201cun embajador no tiene que quedarse en la capital, tiene que viajar para conocer los pa\u00edses. Este es el segundo viaje que hacemos en la Argentina, primero a Tierra del Fuego y luego a esta regi\u00f3n. El mensaje importante para nosotros es que la amistad entre la Argentina y Alemania sigue siendo fuerte. Este pa\u00eds tiene una historia muy importante con Europa y nosotros queremos que el futuro de este pa\u00eds sea de la misma manera con respecto a Alemania\u201d.<\/p>\n<p>El diplom\u00e1tico asever\u00f3 que durante el encuentro con el gobernador dialogaron \u00absobre la transformaci\u00f3n de las nuevas tecnolog\u00edas y la generaci\u00f3n de energ\u00edas renovables, tema en el que Argentina es muy fuerte. Alemania quiere profundizar m\u00e1s en la cooperaci\u00f3n, fundamentalmente en dos \u00e1reas: lo que llamamos Industria 4.0, que es el mundo de los conocimientos y la otra es la de las energ\u00edas renovables, entre las que se encuentra el hidr\u00f3geno verde, una forma muy nueva, que nos permite trabajar en la transferencia de tecnolog\u00eda. En cuanto al \u00e1rea de la educaci\u00f3n, hablamos con el ministro sobre la educaci\u00f3n profesional dual. Necesitamos t\u00e9cnicos, que hoy son sumamente importantes. Agradezco la calurosa bienvenida en San Juan\u201d, concluy\u00f3 Sante.<\/p>\n<p><img loading=\"lazy\" decoding=\"async\" class=\"alignnone wp-image-36299 size-full\" src=\"https:\/\/vocesparalelas.com.ar\/sitio\/wp-content\/uploads\/2021\/03\/ALEMAN-02.jpg\" alt=\"\" width=\"800\" height=\"552\" srcset=\"https:\/\/vocesparalelas.com.ar\/sitio\/wp-content\/uploads\/2021\/03\/ALEMAN-02.jpg 800w, https:\/\/vocesparalelas.com.ar\/sitio\/wp-content\/uploads\/2021\/03\/ALEMAN-02-300x207.jpg 300w, https:\/\/vocesparalelas.com.ar\/sitio\/wp-content\/uploads\/2021\/03\/ALEMAN-02-768x530.jpg 768w, https:\/\/vocesparalelas.com.ar\/sitio\/wp-content\/uploads\/2021\/03\/ALEMAN-02-130x90.jpg 130w\" sizes=\"auto, (max-width: 800px) 100vw, 800px\" \/><\/p>\n<p><img loading=\"lazy\" decoding=\"async\" class=\"alignnone wp-image-36302 size-full\" src=\"https:\/\/vocesparalelas.com.ar\/sitio\/wp-content\/uploads\/2021\/03\/AALEMAN-03.jpg\" alt=\"\" width=\"800\" height=\"560\" srcset=\"https:\/\/vocesparalelas.com.ar\/sitio\/wp-content\/uploads\/2021\/03\/AALEMAN-03.jpg 800w, https:\/\/vocesparalelas.com.ar\/sitio\/wp-content\/uploads\/2021\/03\/AALEMAN-03-300x210.jpg 300w, https:\/\/vocesparalelas.com.ar\/sitio\/wp-content\/uploads\/2021\/03\/AALEMAN-03-768x538.jpg 768w, https:\/\/vocesparalelas.com.ar\/sitio\/wp-content\/uploads\/2021\/03\/AALEMAN-03-130x90.jpg 130w\" sizes=\"auto, (max-width: 800px) 100vw, 800px\" \/><\/p>\n<p>Por su parte, el gobernador U\u00f1ac agradeci\u00f3 la visita del embajador y su esposa a la provincia y dijo que \u201cen un mundo globalizado aprecio que podamos mirar que aspectos tenemos en com\u00fan y que podemos potenciar\u201d.<\/p>\n<p>El mandatario valor\u00f3 asimismo el inter\u00e9s del embajador en la provincia y las reuniones mantenidas con los ministros de Educaci\u00f3n y de Miner\u00eda. Adem\u00e1s, resalt\u00f3 la existencia de empresas alemanas radicadas en San Juan y dijo que \u201clos elementos y maquinarias para el ambicioso plan de construcci\u00f3n de paneles solares fueron importadas de Alemania\u201d.<\/p>\n<p>U\u00f1ac hizo un repaso de la evoluci\u00f3n en la matriz productiva de San Juan, que pas\u00f3 de ser vitivin\u00edcola a agr\u00edcola, industrial, minera y actualmente cuenta con una fuerte inversi\u00f3n en energ\u00edas renovables, considerando que \u201ces una provincia que hizo del trabajo el denominador com\u00fan\u00bb.<\/p>\n<p>El gobernador tambi\u00e9n puso de relieve el inter\u00e9s del embajador alem\u00e1n en la educaci\u00f3n, siendo la provincia la cuna de Domingo Faustino Sarmiento, quien impuls\u00f3 el desarrollo educativo nacional a trav\u00e9s de uno de los proyectos t\u00e9cnicos m\u00e1s importantes de la historia Argentina.<\/p>\n<p>Acompa\u00f1aron al gobernador en el encuentro el vicegobernador de la Provincia, Roberto Gattoni; los ministros de Salud P\u00fablica, Alejandra Venerando; de Desarrollo Humano y Promoci\u00f3n Social Prof. Fabian Aballay; de Educaci\u00f3n, Lic. Felipe De Los R\u00edos; de Gobierno, Dra. Fabiola Aubone; de Hacienda y Finanzas, CPN Marisa L\u00f3pez; de Miner\u00eda, Ing. Carlos Astudillo; de Turismo y Cultura, Lic. Claudia Grynszpan; los secretarios de Seguridad y Orden P\u00fablico, Carlos Munisaga; de Ambiente y Desarrollo Sustentable, Lic. Ra\u00fal Tello; de Deportes, Jorge Chica; el secretario general de la Gobernaci\u00f3n, CPN Juan Flores; el secretario de Relaciones Institucionales, Lic. Marcelo Fretes; el subsecretario de la Unidad Gobernaci\u00f3n, Luis Rueda y el asesor Letrado de Gobierno, Dr. Carlos Lorenzo.<\/p>\n<p><img loading=\"lazy\" decoding=\"async\" class=\"alignnone wp-image-36300 size-full\" src=\"https:\/\/vocesparalelas.com.ar\/sitio\/wp-content\/uploads\/2021\/03\/ALEMAN-04.jpg\" alt=\"\" width=\"800\" height=\"455\" srcset=\"https:\/\/vocesparalelas.com.ar\/sitio\/wp-content\/uploads\/2021\/03\/ALEMAN-04.jpg 800w, https:\/\/vocesparalelas.com.ar\/sitio\/wp-content\/uploads\/2021\/03\/ALEMAN-04-300x171.jpg 300w, https:\/\/vocesparalelas.com.ar\/sitio\/wp-content\/uploads\/2021\/03\/ALEMAN-04-768x437.jpg 768w\" sizes=\"auto, (max-width: 800px) 100vw, 800px\" \/><\/p>\n<p><strong><span style=\"color: #99cc00;\">Ulrich Sante, diplom\u00e1tico y artista<\/span><\/strong><\/p>\n<p>Como hijo de un diplom\u00e1tico, Sante pas\u00f3 muchos a\u00f1os de su infancia y juventud en el extranjero, primero en Canad\u00e1, luego en Rusia y finalmente en los Estados Unidos.<\/p>\n<p>Despu\u00e9s de graduarse de la escuela secundaria en Bad Honnef y completar el servicio militar b\u00e1sico, estudi\u00f3 derecho y una especializaci\u00f3n en historia del arte en la Universidad Albert Ludwig de Friburgo y la Universidad Rheinische Friedrich Wilhelms en Bonn, donde aprob\u00f3 su primer examen estatal de derecho en 1984.<br \/>\nSante complet\u00f3 su formaci\u00f3n como abogado en pr\u00e1cticas en el Tribunal Regional Superior de Celley en el Tribunal Regional Superior de Berl\u00edn, donde se present\u00f3 al examen de evaluador en 1988. En 1989 se doctor\u00f3 en derecho en la Rheinische Friedrich-Wilhelms-Universit\u00e4t de Bonn con su tesis sobre \u00abAspectos constitucionales de una salida del uso pac\u00edfico de la energ\u00eda nuclear ordenada por el legislativo\u00bb.<\/p>\n<p>Adem\u00e1s, el plenipotenciario ingres\u00f3 al servicio diplom\u00e1tico en 1989. Despu\u00e9s de completar su servicio preparatorio , su camino lo llev\u00f3 al Departamento de Relaciones Exteriores de los Estados Unidos en 1990, de all\u00ed a la Embajada de Alemania en Asunci\u00f3n en 1991, de donde fue trasladado a Bonn en 1994 como Subjefe de Capacitaci\u00f3n para el nivel superior.<\/p>\n<p>De 2006 a 2009, dirigi\u00f3 el departamento de prensa de la Embajada de Alemania en Washington DC como portavoz. Esta es parte de su extens\u00edsima carrera diplom\u00e1tica<\/p>\n<p>En julio de 2017, Sante se traslad\u00f3 a Singapur como embajador y permaneci\u00f3 all\u00ed hasta mediados de 2020. Durante su estancia en Singapur, fund\u00f3 el concierto al aire libre \u201c KahChun Wong \u201d junto con el director de orquesta singapurense y ganador del primer premio del Concurso de Direcci\u00f3n Gusta Mahler 2016 , KahChun Wong . \u201cBeethoven en el jard\u00edn en el Jard\u00edn Bot\u00e1nico de Singapur\u201d fue otro concierto, protegido por la UNESCO.<\/p>\n<p>A mediados de 2020, el diplom\u00e1tico se traslad\u00f3 a Buenos Aires, Argentina, como embajador.<\/p>\n<p>Sante es un artista visual, sus materiales preferidos son la madera, la piedra y el metal. Ha realizado exposiciones p\u00fablicas y privadas en Bruselas (2002, 2004, 2017, Dachau (2004), D\u00fcsseldorf (2004), Berl\u00edn (2006) , Washington DC (2009) y Barcelona (2014) .<\/p>\n<p>En agosto de 2020, public\u00f3 \u00abMediaciones: una selecci\u00f3n de obras de Ulrich Sante\u00bb, un video del Museo Privado de Singapur, se lanz\u00f3 como una exposici\u00f3n digital de las obras pl\u00e1sticas que cre\u00f3, incluida una conversaci\u00f3n con el embajador de Singapur para tareas especiales, el profesor Tommy Koh.<\/p>\n<p>&nbsp;<\/p>\n<p>&nbsp;<\/p>\n<p>&nbsp;<\/p>\n","protected":false},"excerpt":{"rendered":"<p>Acompa\u00f1ado por los miembros de su gabinete, el gobernador de San Juan, Sergio U\u00f1ac, recibi\u00f3 este martes la visita del<\/p>\n","protected":false},"author":3,"featured_media":36301,"comment_status":"closed","ping_status":"closed","sticky":false,"template":"","format":"video","meta":{"_acf_changed":false,"_seopress_robots_primary_cat":"none","_seopress_titles_title":"","_seopress_titles_desc":"","_seopress_robots_index":"","colormag_page_container_layout":"default_layout","colormag_page_sidebar_layout":"default_layout","footnotes":""},"categories":[1,7],"tags":[],"class_list":["post-36296","post","type-post","status-publish","format-video","has-post-thumbnail","hentry","category-destacadas","category-videos","post_format-post-format-video"],"acf":[],"_links":{"self":[{"href":"https:\/\/vocesparalelas.com.ar\/sitio\/wp-json\/wp\/v2\/posts\/36296","targetHints":{"allow":["GET"]}}],"collection":[{"href":"https:\/\/vocesparalelas.com.ar\/sitio\/wp-json\/wp\/v2\/posts"}],"about":[{"href":"https:\/\/vocesparalelas.com.ar\/sitio\/wp-json\/wp\/v2\/types\/post"}],"author":[{"embeddable":true,"href":"https:\/\/vocesparalelas.com.ar\/sitio\/wp-json\/wp\/v2\/users\/3"}],"replies":[{"embeddable":true,"href":"https:\/\/vocesparalelas.com.ar\/sitio\/wp-json\/wp\/v2\/comments?post=36296"}],"version-history":[{"count":1,"href":"https:\/\/vocesparalelas.com.ar\/sitio\/wp-json\/wp\/v2\/posts\/36296\/revisions"}],"predecessor-version":[{"id":36303,"href":"https:\/\/vocesparalelas.com.ar\/sitio\/wp-json\/wp\/v2\/posts\/36296\/revisions\/36303"}],"wp:featuredmedia":[{"embeddable":true,"href":"https:\/\/vocesparalelas.com.ar\/sitio\/wp-json\/wp\/v2\/media\/36301"}],"wp:attachment":[{"href":"https:\/\/vocesparalelas.com.ar\/sitio\/wp-json\/wp\/v2\/media?parent=36296"}],"wp:term":[{"taxonomy":"category","embeddable":true,"href":"https:\/\/vocesparalelas.com.ar\/sitio\/wp-json\/wp\/v2\/categories?post=36296"},{"taxonomy":"post_tag","embeddable":true,"href":"https:\/\/vocesparalelas.com.ar\/sitio\/wp-json\/wp\/v2\/tags?post=36296"}],"curies":[{"name":"wp","href":"https:\/\/api.w.org\/{rel}","templated":true}]}}