{"id":36271,"date":"2021-03-23T01:47:31","date_gmt":"2021-03-23T04:47:31","guid":{"rendered":"http:\/\/vocesparalelas.com.ar\/sitio\/?p=36271"},"modified":"2021-03-23T01:48:24","modified_gmt":"2021-03-23T04:48:24","slug":"un-reclamo-judicial-busca-que-un-particular-le-restituya-un-pago-de-un-convenio-firmado-2017-2018-entre-udap-y-el-club-obras-sanitaria","status":"publish","type":"post","link":"https:\/\/vocesparalelas.com.ar\/sitio\/un-reclamo-judicial-busca-que-un-particular-le-restituya-un-pago-de-un-convenio-firmado-2017-2018-entre-udap-y-el-club-obras-sanitaria\/","title":{"rendered":"Un reclamo judicial busca que un particular le restituya un pago de un convenio firmado 2017 &#8211; 2018 entre UDAP y el Club Obras Sanitaria"},"content":{"rendered":"<p>El Gremio UDAP recibi\u00f3 la notificaci\u00f3n de una demanda judicial de un particular Miguel \u00c1ngel Rodr\u00edguez, en Diciembre de 2020, por una situaci\u00f3n de falta de pago por un convenio que se firm\u00f3 entre el gremio y el Club Obras Sanitaria, 2017 &#8211; 2018 como sponsor.<\/p>\n<p>Es importante aclarar que Miguel \u00c1ngel Rodr\u00edguez, fue presidente del Club en aquel entonces y que actualmente, no lo es.<\/p>\n<p>Lo que llama atenci\u00f3n a Voces Paralelas es \u00bfpor qu\u00e9 el demandante se presenta ante la justicia con mucho tiempo posterior a reclamar un pago a UDAP cuando no es presidente del Club Obra Sanitaria?.<\/p>\n<p>Por ello, Voces Paralelas entrevist\u00f3 el Abogado de UDAP, Dr. Daniel Persichella para que aclare la situaci\u00f3n y explique que esta situaci\u00f3n se presente ante la justicia para reclamar una falta de pago al gremio UDAP.<\/p>\n<p>&nbsp;<\/p>\n<p><iframe loading=\"lazy\" title=\"UDAP DR. DANIEL PERSICHELLA\" width=\"800\" height=\"450\" src=\"https:\/\/www.youtube.com\/embed\/mygu91RsFFM?feature=oembed\" frameborder=\"0\" allow=\"accelerometer; autoplay; clipboard-write; encrypted-media; gyroscope; picture-in-picture\" allowfullscreen><\/iframe><\/p>\n<p>&nbsp;<\/p>\n<p>&nbsp;<\/p>\n","protected":false},"excerpt":{"rendered":"<p>El Gremio UDAP recibi\u00f3 la notificaci\u00f3n de una demanda judicial de un particular Miguel \u00c1ngel Rodr\u00edguez, en Diciembre de 2020,<\/p>\n","protected":false},"author":3,"featured_media":36273,"comment_status":"closed","ping_status":"closed","sticky":false,"template":"","format":"video","meta":{"_acf_changed":false,"_seopress_robots_primary_cat":"none","_seopress_titles_title":"","_seopress_titles_desc":"","_seopress_robots_index":"","colormag_page_container_layout":"default_layout","colormag_page_sidebar_layout":"default_layout","footnotes":""},"categories":[1,7],"tags":[],"class_list":["post-36271","post","type-post","status-publish","format-video","has-post-thumbnail","hentry","category-destacadas","category-videos","post_format-post-format-video"],"acf":[],"_links":{"self":[{"href":"https:\/\/vocesparalelas.com.ar\/sitio\/wp-json\/wp\/v2\/posts\/36271","targetHints":{"allow":["GET"]}}],"collection":[{"href":"https:\/\/vocesparalelas.com.ar\/sitio\/wp-json\/wp\/v2\/posts"}],"about":[{"href":"https:\/\/vocesparalelas.com.ar\/sitio\/wp-json\/wp\/v2\/types\/post"}],"author":[{"embeddable":true,"href":"https:\/\/vocesparalelas.com.ar\/sitio\/wp-json\/wp\/v2\/users\/3"}],"replies":[{"embeddable":true,"href":"https:\/\/vocesparalelas.com.ar\/sitio\/wp-json\/wp\/v2\/comments?post=36271"}],"version-history":[{"count":1,"href":"https:\/\/vocesparalelas.com.ar\/sitio\/wp-json\/wp\/v2\/posts\/36271\/revisions"}],"predecessor-version":[{"id":36274,"href":"https:\/\/vocesparalelas.com.ar\/sitio\/wp-json\/wp\/v2\/posts\/36271\/revisions\/36274"}],"wp:featuredmedia":[{"embeddable":true,"href":"https:\/\/vocesparalelas.com.ar\/sitio\/wp-json\/wp\/v2\/media\/36273"}],"wp:attachment":[{"href":"https:\/\/vocesparalelas.com.ar\/sitio\/wp-json\/wp\/v2\/media?parent=36271"}],"wp:term":[{"taxonomy":"category","embeddable":true,"href":"https:\/\/vocesparalelas.com.ar\/sitio\/wp-json\/wp\/v2\/categories?post=36271"},{"taxonomy":"post_tag","embeddable":true,"href":"https:\/\/vocesparalelas.com.ar\/sitio\/wp-json\/wp\/v2\/tags?post=36271"}],"curies":[{"name":"wp","href":"https:\/\/api.w.org\/{rel}","templated":true}]}}