{"id":36258,"date":"2021-03-22T23:50:50","date_gmt":"2021-03-23T02:50:50","guid":{"rendered":"http:\/\/vocesparalelas.com.ar\/sitio\/?p=36258"},"modified":"2021-03-22T23:50:50","modified_gmt":"2021-03-23T02:50:50","slug":"firma-de-convenio-para-la-construccion-de-8-eni-en-san-juan","status":"publish","type":"post","link":"https:\/\/vocesparalelas.com.ar\/sitio\/firma-de-convenio-para-la-construccion-de-8-eni-en-san-juan\/","title":{"rendered":"Firma de convenio para la construcci\u00f3n de 8 ENI en San Juan"},"content":{"rendered":"<p>El gobernador de San Juan Dr. Sergio U\u00f1ac y el ministro de Educaci\u00f3n de la Naci\u00f3n, Dr. Nicol\u00e1s Trotta, firmaron un convenio marco para obras de construcci\u00f3n de escuelas de Nivel Inicial.<\/p>\n<p>La firma se llev\u00f3 a cabo de manera virtual. Acompa\u00f1aron al gobernador en la Sala Rogelio Cerdera de Casa de Gobierno: ministro de Educaci\u00f3n, Felipe De Los R\u00edos; ministro de Obras y Servicios, Julio Ort\u00edz Andino; secretaria de Educaci\u00f3n, Rosana Vicentela; secretaria Administrativa, Alicia Vargas; director de Infraestructura Escolar, Oscar Montero.<\/p>\n<p>Desde Buenos Aires, junto al Dr. Nicol\u00e1s Trotta, participaron el jefe de Gabinete Naci\u00f3n, Mat\u00edas Noboa; subsecretario de Gesti\u00f3n Administrativa de Naci\u00f3n, Tom\u00e1s Liendo; director General de Infraestructura de Naci\u00f3n, Daniel Prades.<\/p>\n<p>Cabe aclarar que el Programa de Apoyo al Plan Nacional de Primera Infancia y a la Universalizaci\u00f3n de la Educaci\u00f3n Inicial &#8211; PRINI &#8211; que implementado por el Ministerio de Educaci\u00f3n de la Naci\u00f3n -con financiamiento del BID- tiene como objetivo ejecutar la construcci\u00f3n y equipamiento de mobiliario en Jardines de Infantes &#8211; Nivel Inicial.<\/p>\n<p>El ministro de Educaci\u00f3n de San Juan, Lic. Felipe De Los Rios, agradeci\u00f3 el esfuerzo que realiz\u00f3 Naci\u00f3n y dijo que \u201cestamos convencidos de que si el chico de primera edad, sobre los 3 o 4 a\u00f1os comienza con la escolaridad, seguramente tiene grandes chances de llegar a la Universidad\u201d.<\/p>\n<p>Posteriormente, se realiz\u00f3 la firma de convenio que beneficia a ocho Escuelas de Nivel Inicial &#8211; ENI &#8211; de San Juan que significa su construcci\u00f3n por empresas de la provincia.<\/p>\n<p><img loading=\"lazy\" decoding=\"async\" class=\"alignnone wp-image-36262 size-full\" src=\"https:\/\/vocesparalelas.com.ar\/sitio\/wp-content\/uploads\/2021\/03\/SAN-JUAN-NACION-ENI-05.jpg\" alt=\"\" width=\"800\" height=\"533\" srcset=\"https:\/\/vocesparalelas.com.ar\/sitio\/wp-content\/uploads\/2021\/03\/SAN-JUAN-NACION-ENI-05.jpg 800w, https:\/\/vocesparalelas.com.ar\/sitio\/wp-content\/uploads\/2021\/03\/SAN-JUAN-NACION-ENI-05-300x200.jpg 300w, https:\/\/vocesparalelas.com.ar\/sitio\/wp-content\/uploads\/2021\/03\/SAN-JUAN-NACION-ENI-05-768x512.jpg 768w\" sizes=\"auto, (max-width: 800px) 100vw, 800px\" \/><\/p>\n<p>Por su parte, el Ministro de Educaci\u00f3n de la Naci\u00f3n, Dr. Nicol\u00e1s Trotta explic\u00f3 que \u201ceste convenio despliega una serie de obras que se est\u00e1n llevando adelante en la provincia de San Juan, que se empieza a poner en movimiento y que reafirma el horizonte que ha marcado nuestro Gobierno relacionado a la priorizaci\u00f3n de la inversi\u00f3n educativa para que ellas tengan la capacidad de respuesta ante los enormes desaf\u00edos que nos impone el presente\u201d.<\/p>\n<p>&nbsp;<\/p>\n<p><iframe loading=\"lazy\" title=\"SAN JUAN NACION ENI\" width=\"800\" height=\"450\" src=\"https:\/\/www.youtube.com\/embed\/ptswW7X__Mo?feature=oembed\" frameborder=\"0\" allow=\"accelerometer; autoplay; clipboard-write; encrypted-media; gyroscope; picture-in-picture\" allowfullscreen><\/iframe><\/p>\n<p>Para finalizar el acto, el Gobernador de San Juan, Dr. Sergio U\u00f1ac le agradeci\u00f3 a Trotta el acompa\u00f1amiento permanente de la cartera que dirige con la provincia que en su momento deriv\u00f3 con San Juan como primera provincia en volver a la presencialidad.<\/p>\n<p>Luego, U\u00f1ac resalt\u00f3 el desaf\u00edo que tendr\u00e1n las directoras de los ocho establecimientos por \u201cllevar adelante la construcci\u00f3n de la Escuela en medio de impartir educaci\u00f3n. Pero entiendo que ser\u00e1 un puntapi\u00e9 para mejorar la calidad educativa en la provincia\u201d.<\/p>\n<p><iframe loading=\"lazy\" title=\"SAN JUAN NACION ENI\" width=\"800\" height=\"450\" src=\"https:\/\/www.youtube.com\/embed\/OJVwBnr-V2Q?feature=oembed\" frameborder=\"0\" allow=\"accelerometer; autoplay; clipboard-write; encrypted-media; gyroscope; picture-in-picture\" allowfullscreen><\/iframe><\/p>\n<p>Seguidamente, el mandatario puso en valor la resiliencia de los sanjuaninos para recomponerse a los desaf\u00edos que propone la naturaleza y cont\u00f3 que \u201cel terremoto del 18 de enero produjo muchos da\u00f1os materiales en casas de familias sanjuaninas y en escuelas que datan de mucho tiempo su inauguraci\u00f3n\u201d.<\/p>\n<p>En ese sentido, resalt\u00f3 la posibilidad de que \u201cestas ocho escuelas de nivel inicial cuenten con una inversi\u00f3n original de m\u00e1s de 400 millones de pesos implica la posibilidad de seguir apostando por la educaci\u00f3n en una provincia que debe hacer gala de esto porque en aqu\u00ed naci\u00f3 uno de los proyectos educativos m\u00e1s importante que los argentinos y americanos podamos recordar\u201d.<\/p>\n<p>Con respecto a las obras dijo que \u201cla infraestructura escolar servir\u00e1 para apuntalar la calidad educativa para formar una mejor sociedad. Adem\u00e1s, implica apostar por m\u00e1s y mejor trabajo que refuerzan este sentido de bienestar que genera el trabajo digno en una sociedad\u201d.<\/p>\n<p>Para finalizar su alocuci\u00f3n, U\u00f1ac agradeci\u00f3 nuevamente a Trotta ya que consider\u00f3 a \u201cSan Juan como una de las trece provincias que est\u00e1n contenidas dentro de este plan de construcci\u00f3n de escuelas de nivel inicial porque cambia el presente, pero tambi\u00e9n mirar y planificar el futuro de los chicos de la provincia\u201d.<\/p>\n<p><span style=\"color: #99cc00;\"><strong>Obras a realizarse<\/strong><\/span><\/p>\n<p><span style=\"color: #99cc00;\"><strong>Sustituci\u00f3n y traslado Escuela Nivel Inicial ENI N\u00ba 40 Adriana Vega.<\/strong><\/span><\/p>\n<p>Departamento Chimbas.<\/p>\n<p>El Presupuesto Oficial asciende a la suma de $62.328.800,27.<\/p>\n<p>La Superficie Total a cubrir es de 1006.64m2.<\/p>\n<p>El edificio se estructura en un partido abierto hacia el interior y cerrado al exterior ya que el acceso se encuentra condicionado por los escasos metros que existen para ingresar a la obra desde la vereda, est\u00e1 desarrollado en su totalidad en una planta.<\/p>\n<p>Los distintos espacios del Programa Arquitect\u00f3nico son: (6) Salitas con Sanitarios y patio privado Direcci\u00f3n, Secretar\u00eda, Sala de Maestros, Sala de Administraci\u00f3n de Redes y fotocopiadora, Sal\u00f3n de Usos M\u00faltiples, Cocina, Dep\u00f3sito, Sanitario para Docentes, Grupo Sanitario para Varones y Mujeres, Sanitario para personas con discapacidad, Patio C\u00edvico y Patio de Juegos.<\/p>\n<p><span style=\"color: #99cc00;\"><strong>Construcci\u00f3n del JINZ Capital Teniente Pedro Nolasco Fonseca.<\/strong><\/span><\/p>\n<p>Est\u00e1 ubicado en Calle del Bono 348 (sur). Departamento Capital.<\/p>\n<p>El presupuesto oficial para esta obra asciende a la suma de $25.409.369,83 financiada con fondos nacionales.<\/p>\n<p>La Superficie total: 401.43m2.<\/p>\n<p>La obra de ampliaci\u00f3n consta de: (3) salitas con sus respectivos sanitarios, dep\u00f3sitos, direcci\u00f3n, cocina con economato, sanitario para personas con discapacidad, sanitario para docentes, sanitario para no docentes, circulaci\u00f3n interior y patio institucional. El dise\u00f1o indica tambi\u00e9n forestaci\u00f3n de los espacios verdes.<\/p>\n<p><span style=\"color: #99cc00;\"><strong>Construcci\u00f3n del ENI N\u00ba 41 Dante Saavedra- Escuela Leonor S\u00e1nchez de Arancibia.<\/strong><\/span><\/p>\n<p>Est\u00e1 ubicado en Ruta Provincial N\u00ba 270 S\/N\u00ba. Departamento Caucete.<\/p>\n<p>El presupuesto oficial para esta obra asciende a la suma de $39.649.776,23 financiada con fondos nacionales. Superficie Total 677.73m2.<\/p>\n<p>La obra de ampliaci\u00f3n consta de: Nivel Inicial: (6) salitas con sus respectivos sanitarios, dep\u00f3sitos, una direcci\u00f3n, una cocina con economato, sanitario para personas con discapacidad, sanitario para docentes, sanitario para no docentes, circulaci\u00f3n interior y patio institucional. El dise\u00f1o indica tambi\u00e9n forestaci\u00f3n de los espacios verdes.<\/p>\n<p><span style=\"color: #99cc00;\"><strong>Construcci\u00f3n del Nivel Inicial de la Escuela Dalmacio V\u00e9lez Sarsfield.<\/strong><\/span><\/p>\n<p>Est\u00e1 ubicado en Ruta 150 S\/N\u00ba Localidad Colola. Departamento Iglesia.<\/p>\n<p>El presupuesto oficial para esta obra asciende a la suma de $24.378.344,23 financiada con fondos nacionales. El plazo de ejecuci\u00f3n de la obra ser\u00e1 de 360 d\u00edas.<\/p>\n<p>Superficie total: 401.43m2.<\/p>\n<p>La obra de ampliaci\u00f3n consta de: (3) salitas con sus respectivos sanitarios, dep\u00f3sitos, direcci\u00f3n, cocina con economato, sanitario para personas con discapacidad, sanitario para docentes, sanitario para no docentes, circulaci\u00f3n interior y patio institucional. Todo se proyect\u00f3 en un nivel. El dise\u00f1o indica tambi\u00e9n forestaci\u00f3n de los espacios verdes.<\/p>\n<p><span style=\"color: #99cc00;\"><strong>Construcci\u00f3n del ENI 60 Werfield Salinas.<\/strong><\/span><\/p>\n<p>Est\u00e1 ubicado en Calle Necochea 1514. Departamento Chimbas.<\/p>\n<p>El presupuesto oficial para esta obra asciende a la suma de $23.493.384,01 financiada con fondos nacionales. Con una superficie total de 401.43m2.<\/p>\n<p>La obra de ampliaci\u00f3n consta de: 3 salitas con sus respectivos sanitarios, dep\u00f3sitos, direcci\u00f3n, cocina con economato, sanitario para personas con discapacidad, sanitario para docentes, sanitario para no docentes, circulaci\u00f3n interior y patio institucional. El dise\u00f1o indica tambi\u00e9n forestaci\u00f3n de los espacios verdes.<\/p>\n<p><span style=\"color: #99cc00;\"><strong>Construcci\u00f3n del ENI N\u00ba 16 Rosario Sarmiento.<\/strong><\/span><\/p>\n<p>Ubicado en Santa Fe y Esmeralda. Departamento Chimbas.<\/p>\n<p>El presupuesto oficial para esta obra asciende a la suma $47.861.139,78 financiada con fondos nacionales. Se construir\u00e1 una superficie Total: 1052,35 m2.<\/p>\n<p>La obra de ampliaci\u00f3n consta de: Nivel Inicial: (9) salitas con sus respectivos sanitarios, dep\u00f3sitos, direcci\u00f3n, cocina con economato, sanitario para personas con discapacidad, sanitario para docentes, sanitario para no docentes, circulaci\u00f3n interior y patio institucional. El dise\u00f1o indica tambi\u00e9n forestaci\u00f3n de los espacios verdes.<\/p>\n<p><span style=\"color: #99cc00;\"><strong>Construcci\u00f3n del ENI N\u00ba 10 Mar\u00eda Elena Walsh<\/strong><\/span><\/p>\n<p>Ubicada en Calle Blanco s\/n. Departamento Chimbas.<\/p>\n<p>El presupuesto oficial para esta obra asciende a la suma de Pesos $50.049.076,33 financiada con fondos nacionales. Superficie Total: 1052,35 m2.<\/p>\n<p>La obra de ampliaci\u00f3n consta de: Nivel Inicial: (9) salitas con sus respectivos sanitarios, dep\u00f3sitos, direcci\u00f3n, cocina con economato, sanitario para personas con discapacidad, sanitario para docentes, sanitario para no docentes, circulaci\u00f3n interior y patio institucional. El dise\u00f1o indica tambi\u00e9n forestaci\u00f3n de los espacios verdes.<\/p>\n<p><span style=\"color: #99cc00;\"><strong>Construcci\u00f3n del ENI N\u00ba55 Dra. Carmen Pe\u00f1aloza de Varese.<\/strong><\/span><\/p>\n<p>Ubicado en Calle Mancini S\/N\u00ba, entre Calles Patagonia y El Paisano, Barrio Los Pinos. Departamento Chimbas.<\/p>\n<p>El presupuesto oficial para esta obra asciende a la suma de Pesos $38.533.998,05 financiada con fondos nacionales. El plazo de ejecuci\u00f3n de la obra ser\u00e1 de 450 d\u00edas.<\/p>\n<p>Superficie. Total 677.73m2.<\/p>\n<p>La obra de ampliaci\u00f3n consta de: Nivel Inicial: (6) salitas con sus respectivos sanitarios, dep\u00f3sitos, direcci\u00f3n, cocina con economato, sanitario para personas con discapacidad, sanitario para docentes, sanitario para no docentes, circulaci\u00f3n interior y patio institucional. El dise\u00f1o indica tambi\u00e9n forestaci\u00f3n de los espacios verdes.<\/p>\n<p>&nbsp;<\/p>\n<figure id=\"attachment_36263\" aria-describedby=\"caption-attachment-36263\" style=\"width: 800px\" class=\"wp-caption alignnone\"><img loading=\"lazy\" decoding=\"async\" class=\"wp-image-36263 size-full\" src=\"https:\/\/vocesparalelas.com.ar\/sitio\/wp-content\/uploads\/2021\/03\/SAN-JUAN-NACION-ENI-01.jpg\" alt=\"\" width=\"800\" height=\"533\" srcset=\"https:\/\/vocesparalelas.com.ar\/sitio\/wp-content\/uploads\/2021\/03\/SAN-JUAN-NACION-ENI-01.jpg 800w, https:\/\/vocesparalelas.com.ar\/sitio\/wp-content\/uploads\/2021\/03\/SAN-JUAN-NACION-ENI-01-300x200.jpg 300w, https:\/\/vocesparalelas.com.ar\/sitio\/wp-content\/uploads\/2021\/03\/SAN-JUAN-NACION-ENI-01-768x512.jpg 768w\" sizes=\"auto, (max-width: 800px) 100vw, 800px\" \/><figcaption id=\"caption-attachment-36263\" class=\"wp-caption-text\">Directivos de los ENI que se construir\u00e1n en San Juan<\/figcaption><\/figure>\n<p>&nbsp;<\/p>\n","protected":false},"excerpt":{"rendered":"<p>El gobernador de San Juan Dr. Sergio U\u00f1ac y el ministro de Educaci\u00f3n de la Naci\u00f3n, Dr. Nicol\u00e1s Trotta, firmaron<\/p>\n","protected":false},"author":3,"featured_media":36261,"comment_status":"closed","ping_status":"closed","sticky":false,"template":"","format":"standard","meta":{"_acf_changed":false,"_seopress_robots_primary_cat":"none","_seopress_titles_title":"","_seopress_titles_desc":"","_seopress_robots_index":"","colormag_page_container_layout":"default_layout","colormag_page_sidebar_layout":"default_layout","footnotes":""},"categories":[1],"tags":[],"class_list":["post-36258","post","type-post","status-publish","format-standard","has-post-thumbnail","hentry","category-destacadas"],"acf":[],"_links":{"self":[{"href":"https:\/\/vocesparalelas.com.ar\/sitio\/wp-json\/wp\/v2\/posts\/36258","targetHints":{"allow":["GET"]}}],"collection":[{"href":"https:\/\/vocesparalelas.com.ar\/sitio\/wp-json\/wp\/v2\/posts"}],"about":[{"href":"https:\/\/vocesparalelas.com.ar\/sitio\/wp-json\/wp\/v2\/types\/post"}],"author":[{"embeddable":true,"href":"https:\/\/vocesparalelas.com.ar\/sitio\/wp-json\/wp\/v2\/users\/3"}],"replies":[{"embeddable":true,"href":"https:\/\/vocesparalelas.com.ar\/sitio\/wp-json\/wp\/v2\/comments?post=36258"}],"version-history":[{"count":1,"href":"https:\/\/vocesparalelas.com.ar\/sitio\/wp-json\/wp\/v2\/posts\/36258\/revisions"}],"predecessor-version":[{"id":36264,"href":"https:\/\/vocesparalelas.com.ar\/sitio\/wp-json\/wp\/v2\/posts\/36258\/revisions\/36264"}],"wp:featuredmedia":[{"embeddable":true,"href":"https:\/\/vocesparalelas.com.ar\/sitio\/wp-json\/wp\/v2\/media\/36261"}],"wp:attachment":[{"href":"https:\/\/vocesparalelas.com.ar\/sitio\/wp-json\/wp\/v2\/media?parent=36258"}],"wp:term":[{"taxonomy":"category","embeddable":true,"href":"https:\/\/vocesparalelas.com.ar\/sitio\/wp-json\/wp\/v2\/categories?post=36258"},{"taxonomy":"post_tag","embeddable":true,"href":"https:\/\/vocesparalelas.com.ar\/sitio\/wp-json\/wp\/v2\/tags?post=36258"}],"curies":[{"name":"wp","href":"https:\/\/api.w.org\/{rel}","templated":true}]}}