{"id":36255,"date":"2021-03-22T22:23:24","date_gmt":"2021-03-23T01:23:24","guid":{"rendered":"http:\/\/vocesparalelas.com.ar\/sitio\/?p=36255"},"modified":"2021-03-22T22:23:24","modified_gmt":"2021-03-23T01:23:24","slug":"se-suspenden-las-actividades-educativas-en-las-escuelas-superior-sarmiento-y-paula-albarracin-de-sarmiento","status":"publish","type":"post","link":"https:\/\/vocesparalelas.com.ar\/sitio\/se-suspenden-las-actividades-educativas-en-las-escuelas-superior-sarmiento-y-paula-albarracin-de-sarmiento\/","title":{"rendered":"Se suspenden las actividades educativas en las Escuelas \u00abSuperior Sarmiento\u00bb y \u00abPaula Albarrac\u00edn de Sarmiento\u00bb"},"content":{"rendered":"<p>El Ministerio de Educaci\u00f3n del Gobierno de San Juan informa que a ra\u00edz de la notificaci\u00f3n de seis casos positivos de COVID-19 distribuidos entre la Escuela Superior Sarmiento, Turno ma\u00f1ana y la Escuela Paula Albarrac\u00edn de Sarmiento, Turno tarde, instituciones que funcionan en el mismo edificio escolar, preventivamente y de acuerdo al protocolo jurisdiccional, determinaron la suspensi\u00f3n de actividades por 48 horas para proceder a la desinfecci\u00f3n y limpieza profunda del edificio escolar.<\/p>\n<p>Mientras, el Ministerio de Salud realiza la investigaci\u00f3n epidemiol\u00f3gica correspondiente para determinar si hay vinculaci\u00f3n entre los casos, para as\u00ed poder establecer las medidas sanitarias correspondientes.<\/p>\n<p>Se da la tranquilidad a la comunidad que se implementaron todas las medidas establecidas que fueron aprobadas ante la posibilidad de que surgieran situaciones como esta. Personal id\u00f3neo est\u00e1 trabajando y ante cualquier novedad que surja se informa por este medio oficial.<\/p>\n<p>&nbsp;<\/p>\n<p>&nbsp;<\/p>\n","protected":false},"excerpt":{"rendered":"<p>El Ministerio de Educaci\u00f3n del Gobierno de San Juan informa que a ra\u00edz de la notificaci\u00f3n de seis casos positivos<\/p>\n","protected":false},"author":3,"featured_media":28629,"comment_status":"closed","ping_status":"closed","sticky":false,"template":"","format":"standard","meta":{"_acf_changed":false,"_seopress_robots_primary_cat":"none","_seopress_titles_title":"","_seopress_titles_desc":"","_seopress_robots_index":"","colormag_page_container_layout":"default_layout","colormag_page_sidebar_layout":"default_layout","footnotes":""},"categories":[1],"tags":[],"class_list":["post-36255","post","type-post","status-publish","format-standard","has-post-thumbnail","hentry","category-destacadas"],"acf":[],"_links":{"self":[{"href":"https:\/\/vocesparalelas.com.ar\/sitio\/wp-json\/wp\/v2\/posts\/36255","targetHints":{"allow":["GET"]}}],"collection":[{"href":"https:\/\/vocesparalelas.com.ar\/sitio\/wp-json\/wp\/v2\/posts"}],"about":[{"href":"https:\/\/vocesparalelas.com.ar\/sitio\/wp-json\/wp\/v2\/types\/post"}],"author":[{"embeddable":true,"href":"https:\/\/vocesparalelas.com.ar\/sitio\/wp-json\/wp\/v2\/users\/3"}],"replies":[{"embeddable":true,"href":"https:\/\/vocesparalelas.com.ar\/sitio\/wp-json\/wp\/v2\/comments?post=36255"}],"version-history":[{"count":1,"href":"https:\/\/vocesparalelas.com.ar\/sitio\/wp-json\/wp\/v2\/posts\/36255\/revisions"}],"predecessor-version":[{"id":36257,"href":"https:\/\/vocesparalelas.com.ar\/sitio\/wp-json\/wp\/v2\/posts\/36255\/revisions\/36257"}],"wp:featuredmedia":[{"embeddable":true,"href":"https:\/\/vocesparalelas.com.ar\/sitio\/wp-json\/wp\/v2\/media\/28629"}],"wp:attachment":[{"href":"https:\/\/vocesparalelas.com.ar\/sitio\/wp-json\/wp\/v2\/media?parent=36255"}],"wp:term":[{"taxonomy":"category","embeddable":true,"href":"https:\/\/vocesparalelas.com.ar\/sitio\/wp-json\/wp\/v2\/categories?post=36255"},{"taxonomy":"post_tag","embeddable":true,"href":"https:\/\/vocesparalelas.com.ar\/sitio\/wp-json\/wp\/v2\/tags?post=36255"}],"curies":[{"name":"wp","href":"https:\/\/api.w.org\/{rel}","templated":true}]}}