{"id":36248,"date":"2021-03-22T21:58:17","date_gmt":"2021-03-23T00:58:17","guid":{"rendered":"http:\/\/vocesparalelas.com.ar\/sitio\/?p=36248"},"modified":"2021-03-24T01:18:25","modified_gmt":"2021-03-24T04:18:25","slug":"dia-mundial-del-teatro-noche-en-salas-en-san-juan","status":"publish","type":"post","link":"https:\/\/vocesparalelas.com.ar\/sitio\/dia-mundial-del-teatro-noche-en-salas-en-san-juan\/","title":{"rendered":"D\u00eda Mundial del Teatro \u00abNoche en Salas\u00bb en San Juan"},"content":{"rendered":"<p>El 27 de Marzo y con motivo del D\u00eda Mundial del Teatro, las salas teatrales de San Juan, nucleadas en colectivo Salas Teatrales Independientes; junto a los teatros oficiales de la provincia, celebran la jornada con una programaci\u00f3n especial denominada \u201cNoche en Salas\u201d.<\/p>\n<p>El evento forma parte de una cogesti\u00f3n entre el Instituto Nacional del Teatro,\u00a0organismo que funciona en la \u00f3rbita del Ministerio de Cultura de la Naci\u00f3n, el Gobierno de San Juan, a trav\u00e9s del Ministerio de Turismo y Cultura y la Fundaci\u00f3n T\u00edteres en Serio &#8211; TES.<\/p>\n<p>La celebraci\u00f3n, totalmente gratuita, propone una nutrida y diversa agenda de actividades especialmente programadas para la tarde noche del \u00faltimo S\u00e1bado de Marzo.<\/p>\n<p>La programaci\u00f3n est\u00e1 integrada por m\u00e1s de 50 actividades esc\u00e9nicas interdisciplinaria, entre homenajes, performances, funciones teatrales, proyecci\u00f3n de registro de obras, feria de artistas productores, intervenciones, muralismo, inauguraciones, instancias de reflexi\u00f3n y aniversario de apertura de la sala teatral TES.<\/p>\n<p>Este gran d\u00eda de fiesta, tiene como finalidad impulsar y difundir el regreso de la presencialidad a las salas y teatros en contexto de pandemia; a la vez que poner en valor el circuito de salas teatrales independientes de la provincia como patrimonio creativo, art\u00edstico y cultural.<\/p>\n<p>\u201cNoche en Salas\u201d es el puntapi\u00e9 inicial del evento Teatro en Temporada &#8211; Festival de Apertura 2021, que se desarrolla posteriormente los d\u00edas 16, 17 y 18 de Abril y que cuenta con la participaci\u00f3n de 15 espect\u00e1culos teatrales, con entradas accesibles.<\/p>\n<p><strong><span style=\"color: #ff6600;\">Las salas independientes que forman parte de \u201cNoche en Salas\u201d son: <\/span><\/strong><\/p>\n<ul>\n<li>Sala Z, Sala IOPPS,<\/li>\n<li>El Patrio de la Lechuza,<\/li>\n<li>Sala de la Biblioteca Franklin,<\/li>\n<li>Espacio Franklin\/Teatro de Arte, Teatro de Arte de San Juan,<\/li>\n<li>Sala TES y<\/li>\n<li>El Avispero Esc\u00e9nica.<\/li>\n<\/ul>\n<p><span style=\"color: #ff6600;\"><strong>Mientras que las salas y teatros oficiales participantes son: <\/strong><\/span><\/p>\n<ul>\n<li>Sala Auditorio del Teatro del Bicentenario,<\/li>\n<li>Cine Teatro Municipal de Capital,<\/li>\n<li>Cine Teatro de Albard\u00f3n y<\/li>\n<li>Teatro Municipal de Rawson \u201cOscar K\u00fcmmel\u201d.<\/li>\n<\/ul>\n<p><span style=\"color: #ff6600;\"><strong>Programa del\u00a027 de Marzo<\/strong><\/span><\/p>\n<p>Sala Z, Sala IOPPS, El patio de la Lechuza,\u00a0Pedro Echag\u00fce 451 oeste, Capital:<\/p>\n<ul>\n<li>19.00 \u201cSinceramente\u201d (Elenco Nosotras) en puerta de ingreso Patio de la Lechuza y \u201cCr\u00f3nicas Cirqueras en Pandemia\u201d (Grupo Circo Flayante) en Patio de la Lechuza.<\/li>\n<li>21:00 Proyecci\u00f3n de obras teatrales al aire libre (Patio de la Lechuza)<\/li>\n<\/ul>\n<p><strong><span style=\"color: #ff6600;\">Sala de la Biblioteca Franklin, Laprida 63 Este, Capital:<\/span><\/strong><\/p>\n<ul>\n<li>19:30 Inauguraci\u00f3n de puesta en valor de la entrada del teatro con cartelera nueva y luminarias.<\/li>\n<li>20:00 Inauguraci\u00f3n de muestra fotogr\u00e1fica de la historia de la Escuela Argentina de Teatro Antropol\u00f3gico en San Juan, en el fouyer del teatro. Homenaje a Jorge Aimetta.<\/li>\n<li>20:30 Recital de percusi\u00f3n en el fouyer del teatro.<\/li>\n<li>21:00 \u201cMi sombra al sol\u201d, adaptaci\u00f3n de Ricardo III de W. Shakespeare, por Jorge Aimetta. Asistencia de direcci\u00f3n: Daniela Olivares.<\/li>\n<\/ul>\n<p><strong><span style=\"color: #ff6600;\">Espacio Franklin\/Teatro de Arte, Entre R\u00edos 1116 Sur, Trinidad<\/span><\/strong><\/p>\n<ul>\n<li>18:00 \u201cUniversos Creativos\u201d<\/li>\n<li>20:00 Puesta en escena de la obra teatral \u201cConversaciones con mam\u00e1\u201d<\/li>\n<li>22:00 \u201cBye, pedir perd\u00f3n\u201d<\/li>\n<li>22.20 Dramaturgia de c\u00e1mara de \u201cEncerradXs\u201d. Proyecci\u00f3n de escena y charla a cargo de Jos\u00e9 Annecchini y Marcelo Olivero.<\/li>\n<\/ul>\n<p><span style=\"color: #ff6600;\"><strong>Teatro de Arte de San Juan, espacio en construcci\u00f3n, O\u00b4Higgins 501 Este, Capital<\/strong><\/span><\/p>\n<ul>\n<li>\u00bfUn teatro en la calle O\u00b4Higgins 501 Este?<\/li>\n<\/ul>\n<p>La sala intenta captar la atenci\u00f3n de los vecinos y futuros espectadores, acercando el teatro a sus veredas y calles aleda\u00f1as. Las acciones, que se desarrollar\u00e1n durante toda la jornada, ser\u00e1n:<\/p>\n<ul>\n<li><span style=\"color: #ff6600;\"><strong>El Puestito:<\/strong> <\/span>Recuperaci\u00f3n de la memoria del antiguo \u201ccine espa\u00f1ol\u201d a trav\u00e9s de grabaciones de an\u00e9cdotas, datos, informaciones, etc. A tal fin se instalar\u00e1 un centro de datos en el acceso del teatro.<\/li>\n<li><strong><span style=\"color: #ff6600;\">La Rondita:<\/span> <\/strong>Ronda de mon\u00f3logos que cuentan la historia del grupo de teatro independiente \u201cCooperativa Teatro de Arte de San Juan\u201d. La ronda recupera la idea del recorrido que hace un sereno en un espacio.<\/li>\n<li><span style=\"color: #ff6600;\"><strong>La Muestrita:<\/strong><\/span> Instalaci\u00f3n escenogr\u00e1fica de objetos, fotograf\u00edas, trajes, elementos escenogr\u00e1ficos de obras realizadas.<\/li>\n<li><span style=\"color: #ff6600;\"><strong>El Pase\u00edto:<\/strong><\/span> Recorrido por el vecindario de personajes marcando los lugares particulares de la zona.<\/li>\n<li><span style=\"color: #ff6600;\"><strong>La Jugadita:<\/strong><\/span> B\u00fasqueda del tesoro teatral: actividad para los ni\u00f1os y ni\u00f1as del barrio.<\/li>\n<li><span style=\"color: #ff6600;\"><strong>La Salidita:<\/strong> <\/span>Invitaci\u00f3n a m\u00fasicos, actores, bailarines a realizar un semimontado sobre la idea de \u201cIr al teatro y sus avatares imposibles\u201d.<\/li>\n<\/ul>\n<p><span style=\"color: #ff6600;\"><strong>Obra \u201cCr\u00edas\u201d de Cooperativa Teatro de Artes. Direcci\u00f3n: Tania Leyes,\u00a0Sala TES, Juan B. Justo 335 Sur, Rivadavia<\/strong><\/span><\/p>\n<p>Intervenci\u00f3n urbana de artes visuales con la realizaci\u00f3n de murales que se llevar\u00e1n a cabo en paredes de casas del vecindario donde est\u00e1 ubicada la sala. Esta acci\u00f3n ser\u00e1 coordinada por Jorge Moreno.<\/p>\n<ul>\n<li>20:00 hs.; con repetici\u00f3n a las 22:00, \u201cBladimir\u201d (teatro lambe lambe) y \u201cLe cachivache\u201d (teatro lambe lambe )<\/li>\n<li><span style=\"line-height: 1.5;\">21.00 (con repetici\u00f3n a las 23.00): \u201cSolas, \u00fanica escena\u201d (unipersonal de corta duraci\u00f3n con Lorena L\u00f3pez y posterior \u201cdeconstrucci\u00f3n\u201d, coordinada por Lila Guzm\u00e1n)<\/span><\/li>\n<\/ul>\n<p><span style=\"color: #ff6600;\"><strong>El Avispero Esc\u00e9nica, <\/strong>Entre R\u00edos 1566 Sur, Trinidad<strong>:<\/strong><\/span><\/p>\n<p>Actividades que se desarrollan en la v\u00eda p\u00fablica, calle, vereda y puerta de la sala:<\/p>\n<ul>\n<li>20:00, hasta las 00:00<\/li>\n<\/ul>\n<p><span style=\"color: #ff6600;\"><strong>La Kermesse:<\/strong><\/span><\/p>\n<ul>\n<li>Feria de artistas productores (gastronom\u00eda, dise\u00f1o y libros)<\/li>\n<li><span style=\"line-height: 1.5;\">Muralismo: Lucas Sep\u00falveda<\/span><\/li>\n<li><span style=\"line-height: 1.5;\">Afro Ra\u00edz<\/span><\/li>\n<li><span style=\"line-height: 1.5;\">KBSonia<\/span><\/li>\n<li><span style=\"line-height: 1.5;\">Performance Andar Origen &amp; Ana \u00c1vila<\/span><\/li>\n<li><span style=\"line-height: 1.5;\">Candombas Unidas por el Tambor<\/span><\/li>\n<li><span style=\"line-height: 1.5;\">Fernando (homenaje intervenci\u00f3n). Dedicado a Fernando Luna.<\/span><\/li>\n<li><span style=\"line-height: 1.5;\">Noche de Epifan\u00eda (fragmento)<\/span><\/li>\n<\/ul>\n<p><span style=\"color: #ff6600;\"><strong>Actividad que se desarrolla en el interior de la sala:<\/strong><\/span><\/p>\n<ul>\n<li>23:00,\u00a0<span style=\"line-height: 1.5;\">La funci\u00f3n\u00a0<\/span><span style=\"line-height: 1.5;\">\u201cBardo Cabaret\u201d. Creaci\u00f3n colectiva. Direcci\u00f3n: Ariel Sampaolesi.<\/span><\/li>\n<\/ul>\n<p><strong><span style=\"color: #ff6600;\">En las salas oficiales de la provincia el p\u00fablico puede disfrutar de los siguientes espect\u00e1culos:<\/span><\/strong><\/p>\n<p><strong><span style=\"color: #ff6600;\">Teatro del Bicentenario, Las Heras 430 Sur Capital<\/span><\/strong><\/p>\n<ul>\n<li>19:00 \u201c\u00bfDon Qu\u00e9&#8230;? DON QUIJOTE\u201d, de El otro grupo. Sala Auditorium.<\/li>\n<\/ul>\n<p><strong>\u00a0<span style=\"color: #ff6600;\">Teatro Municipal de Rawson \u201cOscar K\u00fcmmel\u201d, Mendoza 2773 Sur Villa Krause, Rawson<\/span><\/strong><\/p>\n<ul>\n<li>18:00 \u201cViaje al Espacio\u201d, de Luna Lunera<\/li>\n<li>19:00 \u201cAmores de Papel\u201d, de T\u00edteres Acontramano<\/li>\n<\/ul>\n<p><strong><span style=\"color: #ff6600;\">Teatro Municipal de Albard\u00f3n, Castelli 1830, Albard\u00f3n<\/span><\/strong><\/p>\n<ul>\n<li>19:00 \u201cLa Tierra no es Cuadrada\u201d, de Elenco de la FFHA, UNSJ<\/li>\n<\/ul>\n<p><strong><span style=\"color: #ff6600;\">Cine Teatro Municipal de San Juan, Mitre 41 Este, Capital<\/span><\/strong><\/p>\n<ul>\n<li>21:00 \u201cDe Fiesta\u201d, del Colectivo Fuera de Eje<\/li>\n<\/ul>\n<p>Las entradas a todos los espect\u00e1culos y actividades de <strong>\u201cNoche en Salas\u201d<\/strong> ser\u00e1n gratuitas, y se entregan a los espectadores por orden de llegada, teniendo en cuenta los aforos vigentes por Protocolo Covid-19.<\/p>\n<p>&nbsp;<\/p>\n<p><img loading=\"lazy\" decoding=\"async\" class=\"wp-image-36251 size-full aligncenter\" src=\"https:\/\/vocesparalelas.com.ar\/sitio\/wp-content\/uploads\/2021\/03\/TEATRO-MUNDIAL-02.jpg\" alt=\"\" width=\"576\" height=\"1024\" \/><\/p>\n","protected":false},"excerpt":{"rendered":"<p>El 27 de Marzo y con motivo del D\u00eda Mundial del Teatro, las salas teatrales de San Juan, nucleadas en<\/p>\n","protected":false},"author":3,"featured_media":36250,"comment_status":"closed","ping_status":"closed","sticky":false,"template":"","format":"standard","meta":{"_acf_changed":false,"_seopress_robots_primary_cat":"none","_seopress_titles_title":"","_seopress_titles_desc":"","_seopress_robots_index":"","colormag_page_container_layout":"default_layout","colormag_page_sidebar_layout":"default_layout","footnotes":""},"categories":[20],"tags":[],"class_list":["post-36248","post","type-post","status-publish","format-standard","has-post-thumbnail","hentry","category-cartelera"],"acf":[],"_links":{"self":[{"href":"https:\/\/vocesparalelas.com.ar\/sitio\/wp-json\/wp\/v2\/posts\/36248","targetHints":{"allow":["GET"]}}],"collection":[{"href":"https:\/\/vocesparalelas.com.ar\/sitio\/wp-json\/wp\/v2\/posts"}],"about":[{"href":"https:\/\/vocesparalelas.com.ar\/sitio\/wp-json\/wp\/v2\/types\/post"}],"author":[{"embeddable":true,"href":"https:\/\/vocesparalelas.com.ar\/sitio\/wp-json\/wp\/v2\/users\/3"}],"replies":[{"embeddable":true,"href":"https:\/\/vocesparalelas.com.ar\/sitio\/wp-json\/wp\/v2\/comments?post=36248"}],"version-history":[{"count":1,"href":"https:\/\/vocesparalelas.com.ar\/sitio\/wp-json\/wp\/v2\/posts\/36248\/revisions"}],"predecessor-version":[{"id":36252,"href":"https:\/\/vocesparalelas.com.ar\/sitio\/wp-json\/wp\/v2\/posts\/36248\/revisions\/36252"}],"wp:featuredmedia":[{"embeddable":true,"href":"https:\/\/vocesparalelas.com.ar\/sitio\/wp-json\/wp\/v2\/media\/36250"}],"wp:attachment":[{"href":"https:\/\/vocesparalelas.com.ar\/sitio\/wp-json\/wp\/v2\/media?parent=36248"}],"wp:term":[{"taxonomy":"category","embeddable":true,"href":"https:\/\/vocesparalelas.com.ar\/sitio\/wp-json\/wp\/v2\/categories?post=36248"},{"taxonomy":"post_tag","embeddable":true,"href":"https:\/\/vocesparalelas.com.ar\/sitio\/wp-json\/wp\/v2\/tags?post=36248"}],"curies":[{"name":"wp","href":"https:\/\/api.w.org\/{rel}","templated":true}]}}