{"id":36243,"date":"2021-03-22T20:50:14","date_gmt":"2021-03-22T23:50:14","guid":{"rendered":"http:\/\/vocesparalelas.com.ar\/sitio\/?p=36243"},"modified":"2021-03-24T01:28:11","modified_gmt":"2021-03-24T04:28:11","slug":"se-presento-el-programa-el-sol-esta-de-fiesta","status":"publish","type":"post","link":"https:\/\/vocesparalelas.com.ar\/sitio\/se-presento-el-programa-el-sol-esta-de-fiesta\/","title":{"rendered":"Se present\u00f3 el Programa \u00abEl Sol est\u00e1 de Fiesta\u00bb"},"content":{"rendered":"<p>A un a\u00f1o de la Fiesta Nacional del Sol 2020, debido a la pandemia se trabaj\u00f3 sobre un nuevo formato digital para que el sector pueda participar de diversas actividades y se generen las condiciones para reactivar el trabajo de los hacedores de la cultura sanjuanina.<\/p>\n<p>Con el fin de generar m\u00e1s oportunidades y condiciones laborales para todos, fue presentado \u00abEl Sol est\u00e1 de Fiesta\u00bb, un programa que combina la actividad de los sectores tur\u00edstico y cultural.<\/p>\n<p>El acto de lanzamiento tuvo lugar en la Sala Auditori\u00fam del Teatro del Bicentenario, en Capital, y estuvo encabezada por el gobernador Dr. Sergio U\u00f1ac, acompa\u00f1ado por la ministra de Cultura, Lic. Claudia Grynszpan, la secretaria de Cultura, Virginia Agote; el secretario de Turismo, Roberto Ju\u00e1rez y los intendentes de Capital, Dr. Emilio Baistrocchi; de Rawson, Rub\u00e9n Garc\u00eda; de Chimbas, Fabi\u00e1n Gramajo; de Valle F\u00e9rtil, Omar Ortiz; de Iglesia, Jorge Espejo; de Calingasta, Jorge Casta\u00f1eda y de San Mart\u00edn, Cristian Andino; adem\u00e1s de los secretarios y directores de Cultura de los 19 municipios.<\/p>\n<p>En El Sol est\u00e1 de Fiesta, los paisajes naturales ser\u00e1n el gran escenario para la m\u00fasica y la danza, que llegar\u00e1n al p\u00fablico en entregas televisivas y en el desarrollo de contenidos digitales transmedia.<\/p>\n<p>De esa manera, el p\u00fablico podr\u00e1 conocer sobre la gastronom\u00eda t\u00edpica sanjuanina, los sitios tur\u00edsticos tradicionales y los emergentes, adem\u00e1s de las nuevas propuestas astron\u00f3micas de cada destino: tambi\u00e9n est\u00e1n previstos una serie de encuentros para celebrar bajo el sol sanjuanino.<\/p>\n<p>En ese marco, el gobernador se\u00f1al\u00f3 sobre lo que dej\u00f3 la pandemia y valor\u00f3 la concreci\u00f3n del Acuerdo San Juan que \u00abeste a\u00f1o nos tuvimos que adaptar a distintas circunstancias o situaciones. Este acuerdo fue un elemento distintivo que nos animamos a desarrollar y marc\u00f3 un antes y un despu\u00e9s en el resto de las provincias\u00bb, analiz\u00f3 y a\u00f1adi\u00f3 que \u00abante las situaciones m\u00e1s dif\u00edciles que una sociedad puede atravesar, el \u00fanico camino es el di\u00e1logo\u00bb.<\/p>\n<p><iframe loading=\"lazy\" title=\"La cultura sanjuanina no se detiene: fue presentado el programa &quot;El Sol est\u00e1 de Fiesta&quot;\" width=\"800\" height=\"450\" src=\"https:\/\/www.youtube.com\/embed\/dXIT-l3gbO8?feature=oembed\" frameborder=\"0\" allow=\"accelerometer; autoplay; clipboard-write; encrypted-media; gyroscope; picture-in-picture\" allowfullscreen><\/iframe><\/p>\n<p>\u00abDebemos transitar este tiempo de la mejor manera, adapt\u00e1ndonos a los cambiossiendo cuidadosos con la salud pero sin descuidar las expresiones culturales y la econom\u00eda misma que es parte de lo que nos permite poder vivir\u00bb, agreg\u00f3 para luego afirmar que la Fiesta Nacional del Sol volver\u00e1 a tener su tradicional formato, una vez superada la situaci\u00f3n que atraviesa el mundo a causa del coronavirus.<\/p>\n<p>Mientras tanto, dijo U\u00f1ac, \u00abeste programa nos va a permitir seguir estando en escena. Seguir pensando que cuando algunos cerraron todo tipo de expresiones sociales, incluyendo las culturales, en San Juan nos adaptamos a los desaf\u00edos y pusimos lo mejor de cada uno para proteger algo que nos identifica como sanjuaninos. Vamos a mostrar -de una manera distinta- lo que los sanjuaninos pensamos, sentimos y cuidamos\u00bb.<\/p>\n<p>\u00abNo podemos dejar de hacer cultura porque ser\u00eda dejar de identificarnos en las cosas que nos hacen sentir y pensar como sanjuaninos que es lo que le queremos mostrar al pa\u00eds y al mundo\u201d, finaliz\u00f3 el mandatario sanjuanino.<\/p>\n<p>A su turno, la ministra de Turismo y Cultura detall\u00f3 que \u00aben un contexto donde la preocupaci\u00f3n por el trabajo cotidiano la econom\u00eda se encontraba en jaque, a\u00fan as\u00edseguimos adelante porque hay una decisi\u00f3n del gobernador y una pol\u00edtica de Estado que lo respalda desde el el primer d\u00eda. Este un programa que sigue ayudando al sector, es una continuidad de la Fiesta Nacional del Sol, pasando la acci\u00f3n contextual a contenidos audiovisuales, lo que genera trabajo para las productoras con quienes filman, hacen sonido, iluminaci\u00f3n, escenario, vestuario, maquillaje y caracterizaci\u00f3n, adem\u00e1s de los artistas\u00bb.<\/p>\n<p>Mientras tanto, dijo U\u00f1ac, \u00abeste programa nos va a permitir seguir estando en escena. Seguir pensando que cuando algunos cerraron todo tipo de expresiones sociales, incluyendo las culturales, en San Juan nos adaptamos a los desaf\u00edos y pusimos lo mejor de cada uno para proteger algo que nos identifica como sanjuaninos. Vamos a mostrar -de una manera distinta- lo que los sanjuaninos pensamos, sentimos y cuidamos\u00bb.<\/p>\n<p>\u00abNo podemos dejar de hacer cultura porque ser\u00eda dejar de identificarnos en las cosas que nos hacen sentir y pensar como sanjuaninos que es lo que le queremos mostrar al pa\u00eds y al mundo\u201d, finaliz\u00f3 el mandatario sanjuanino.<\/p>\n<p>A su turno, la ministra de Turismo y Cultura detall\u00f3 que \u00aben un contexto donde la preocupaci\u00f3n por el trabajo cotidiano la econom\u00eda se encontraba en jaque, a\u00fan as\u00edseguimos adelante porque hay una decisi\u00f3n del gobernador y una pol\u00edtica de Estado que lo respalda desde el el primer d\u00eda. Este un programa que sigue ayudando al sector, es una continuidad de la Fiesta Nacional del Sol, pasando la acci\u00f3n contextual a contenidos audiovisuales, lo que genera trabajo para las productoras con quienes filman, hacen sonido, iluminaci\u00f3n, escenario, vestuario, maquillaje y caracterizaci\u00f3n, adem\u00e1s de los artistas\u00bb.<\/p>\n<p>&nbsp;<\/p>\n<p>&nbsp;<\/p>\n<p>&nbsp;<\/p>\n","protected":false},"excerpt":{"rendered":"<p>A un a\u00f1o de la Fiesta Nacional del Sol 2020, debido a la pandemia se trabaj\u00f3 sobre un nuevo formato<\/p>\n","protected":false},"author":3,"featured_media":36245,"comment_status":"closed","ping_status":"closed","sticky":false,"template":"","format":"video","meta":{"_acf_changed":false,"_seopress_robots_primary_cat":"none","_seopress_titles_title":"","_seopress_titles_desc":"","_seopress_robots_index":"","colormag_page_container_layout":"default_layout","colormag_page_sidebar_layout":"default_layout","footnotes":""},"categories":[20,7],"tags":[],"class_list":["post-36243","post","type-post","status-publish","format-video","has-post-thumbnail","hentry","category-cartelera","category-videos","post_format-post-format-video"],"acf":[],"_links":{"self":[{"href":"https:\/\/vocesparalelas.com.ar\/sitio\/wp-json\/wp\/v2\/posts\/36243","targetHints":{"allow":["GET"]}}],"collection":[{"href":"https:\/\/vocesparalelas.com.ar\/sitio\/wp-json\/wp\/v2\/posts"}],"about":[{"href":"https:\/\/vocesparalelas.com.ar\/sitio\/wp-json\/wp\/v2\/types\/post"}],"author":[{"embeddable":true,"href":"https:\/\/vocesparalelas.com.ar\/sitio\/wp-json\/wp\/v2\/users\/3"}],"replies":[{"embeddable":true,"href":"https:\/\/vocesparalelas.com.ar\/sitio\/wp-json\/wp\/v2\/comments?post=36243"}],"version-history":[{"count":1,"href":"https:\/\/vocesparalelas.com.ar\/sitio\/wp-json\/wp\/v2\/posts\/36243\/revisions"}],"predecessor-version":[{"id":36246,"href":"https:\/\/vocesparalelas.com.ar\/sitio\/wp-json\/wp\/v2\/posts\/36243\/revisions\/36246"}],"wp:featuredmedia":[{"embeddable":true,"href":"https:\/\/vocesparalelas.com.ar\/sitio\/wp-json\/wp\/v2\/media\/36245"}],"wp:attachment":[{"href":"https:\/\/vocesparalelas.com.ar\/sitio\/wp-json\/wp\/v2\/media?parent=36243"}],"wp:term":[{"taxonomy":"category","embeddable":true,"href":"https:\/\/vocesparalelas.com.ar\/sitio\/wp-json\/wp\/v2\/categories?post=36243"},{"taxonomy":"post_tag","embeddable":true,"href":"https:\/\/vocesparalelas.com.ar\/sitio\/wp-json\/wp\/v2\/tags?post=36243"}],"curies":[{"name":"wp","href":"https:\/\/api.w.org\/{rel}","templated":true}]}}