{"id":36226,"date":"2021-03-21T21:30:21","date_gmt":"2021-03-22T00:30:21","guid":{"rendered":"http:\/\/vocesparalelas.com.ar\/sitio\/?p=36226"},"modified":"2021-03-23T02:02:21","modified_gmt":"2021-03-23T05:02:21","slug":"temporada-2021-de-la-camerata-san-juan","status":"publish","type":"post","link":"https:\/\/vocesparalelas.com.ar\/sitio\/temporada-2021-de-la-camerata-san-juan\/","title":{"rendered":"Temporada 2021 de la Camerata  San Juan"},"content":{"rendered":"<div class=\"itemImageBlock\">\n<div class=\"clr\"><span style=\"line-height: 1.5;\">La <\/span><span style=\"line-height: 1.5;\">Camerata San Juan<\/span><span style=\"line-height: 1.5;\">, dependiente del Ministerio de Turismo y Cultura, vuelve a deleitar al p\u00fablico en forma presencial con un<\/span><span style=\"line-height: 1.5;\"> microconcierto<\/span><span style=\"line-height: 1.5;\"> en homenaje al maestro Astor Piazzolla en el marco del centenario de su natalicio. En esta oportunidad, la presentaci\u00f3n ser\u00e1 en el <\/span><span style=\"line-height: 1.5;\">Hall del Teatro del Bicentenario<\/span><span style=\"line-height: 1.5;\"> el<\/span><span style=\"line-height: 1.5;\">mi\u00e9rcoles 24 de marzo<\/span><span style=\"line-height: 1.5;\">, a las <\/span><span style=\"line-height: 1.5;\">19 y 21 hs<\/span><span style=\"line-height: 1.5;\">, con <\/span><span style=\"line-height: 1.5;\">entrada gratuita<\/span><span style=\"line-height: 1.5;\"> la que se deber\u00e1 obtener a partir de las 12hs, del lunes 22 de marzo, por tuentrada.com.<\/span><\/div>\n<\/div>\n<div class=\"itemFullText\">\n<p>Cabe destacar que este espect\u00e1culo es gratuito, y para obtener la reserva de su ubicaci\u00f3n, deber\u00e1 crear usuario y contrase\u00f1a en el sistema. S\u00f3lo podr\u00e1n obtenerse hasta un m\u00e1ximo de 2 tickets por usuario registrado. La capacidad es limitada a 60 espectadores por concierto.<\/p>\n<p>Este microconcierto-homenaje al gran Astor Piazzolla, \u201cLos locos que inventaron el amor\u201d, expondr\u00e1 una mirada a la obra l\u00edrica de Piazzolla, con los poemas de Horacio Ferrer, y estar\u00e1 acompa\u00f1ado con las voces de Melisa Quiroga y Emanuel Pagliari. Con un repertorio piazzollano que incluye \u201cMilonga del trovador\u201d, \u201cJacinto Chiclana\u201d, \u201cBalada para un loco\u201d, \u201cVuelvo al sur\u201d, \u201cChiquil\u00edn de Bachin\u201d y \u201cLibertango\u201d, el p\u00fablico asistente recordar\u00e1 al gran arista. Sin dejar de lado una fecha memorable, se interpretar\u00e1 \u201cLa cigarra\u201d e \u201cInconsciente colectivo\u201d en el \u201cD\u00eda Nacional de la Memoria por la Verdad y la Justicia\u201d.<\/p>\n<p><span style=\"color: #339966;\"><strong>El Dato<\/strong><\/span><\/p>\n<p>\u201cLos locos que inventaron el amor\u201d<br \/>\nHomenaje a Astor Piazzolla<br \/>\n24 de marzo<br \/>\n19 y 21hs.<br \/>\nHall Teatro del Bicentenario<\/p>\n<p>Obten\u00e9 tu ubicaci\u00f3n gratuita a partir de las 12hs. del d\u00eda lunes 22 de marzo por tuentrada.com, para ello, es necesario registrarse, crear usuario y solicitar la reserva de ubicaci\u00f3n. S\u00f3lo podr\u00e1n obtenerse hasta un m\u00e1ximo de 2 tickets por usuario registrado. La capacidad es limitada a 60 espectadores por concierto.<\/p>\n<\/div>\n","protected":false},"excerpt":{"rendered":"<p>La Camerata San Juan, dependiente del Ministerio de Turismo y Cultura, vuelve a deleitar al p\u00fablico en forma presencial con<\/p>\n","protected":false},"author":3,"featured_media":36228,"comment_status":"closed","ping_status":"closed","sticky":false,"template":"","format":"standard","meta":{"_acf_changed":false,"_seopress_robots_primary_cat":"none","_seopress_titles_title":"","_seopress_titles_desc":"","_seopress_robots_index":"","colormag_page_container_layout":"default_layout","colormag_page_sidebar_layout":"default_layout","footnotes":""},"categories":[20],"tags":[],"class_list":["post-36226","post","type-post","status-publish","format-standard","has-post-thumbnail","hentry","category-cartelera"],"acf":[],"_links":{"self":[{"href":"https:\/\/vocesparalelas.com.ar\/sitio\/wp-json\/wp\/v2\/posts\/36226","targetHints":{"allow":["GET"]}}],"collection":[{"href":"https:\/\/vocesparalelas.com.ar\/sitio\/wp-json\/wp\/v2\/posts"}],"about":[{"href":"https:\/\/vocesparalelas.com.ar\/sitio\/wp-json\/wp\/v2\/types\/post"}],"author":[{"embeddable":true,"href":"https:\/\/vocesparalelas.com.ar\/sitio\/wp-json\/wp\/v2\/users\/3"}],"replies":[{"embeddable":true,"href":"https:\/\/vocesparalelas.com.ar\/sitio\/wp-json\/wp\/v2\/comments?post=36226"}],"version-history":[{"count":1,"href":"https:\/\/vocesparalelas.com.ar\/sitio\/wp-json\/wp\/v2\/posts\/36226\/revisions"}],"predecessor-version":[{"id":36229,"href":"https:\/\/vocesparalelas.com.ar\/sitio\/wp-json\/wp\/v2\/posts\/36226\/revisions\/36229"}],"wp:featuredmedia":[{"embeddable":true,"href":"https:\/\/vocesparalelas.com.ar\/sitio\/wp-json\/wp\/v2\/media\/36228"}],"wp:attachment":[{"href":"https:\/\/vocesparalelas.com.ar\/sitio\/wp-json\/wp\/v2\/media?parent=36226"}],"wp:term":[{"taxonomy":"category","embeddable":true,"href":"https:\/\/vocesparalelas.com.ar\/sitio\/wp-json\/wp\/v2\/categories?post=36226"},{"taxonomy":"post_tag","embeddable":true,"href":"https:\/\/vocesparalelas.com.ar\/sitio\/wp-json\/wp\/v2\/tags?post=36226"}],"curies":[{"name":"wp","href":"https:\/\/api.w.org\/{rel}","templated":true}]}}