{"id":36223,"date":"2021-03-21T21:26:07","date_gmt":"2021-03-22T00:26:07","guid":{"rendered":"http:\/\/vocesparalelas.com.ar\/sitio\/?p=36223"},"modified":"2021-03-21T21:26:07","modified_gmt":"2021-03-22T00:26:07","slug":"los-departamentos-jachal-y-valle-fertil-quedan-unidos-por-redtulum","status":"publish","type":"post","link":"https:\/\/vocesparalelas.com.ar\/sitio\/los-departamentos-jachal-y-valle-fertil-quedan-unidos-por-redtulum\/","title":{"rendered":"Los Departamentos J\u00e1chal y Valle F\u00e9rtil quedan unidos por RedTulum"},"content":{"rendered":"<p>A un mes de su inicio en los departamentos de Calingasta, J\u00e1chal, Iglesia y Valle F\u00e9rtil, la flamante Red Tulum suma otra l\u00ednea a la conectividad entre los departamentos de San Juan.<\/p>\n<p>La l\u00ednea 850 es la nueva incorporaci\u00f3n al renovado sistema de transporte p\u00fablico, que en este caso unir\u00e1 J\u00e1chal con Valle F\u00e9rtil.<\/p>\n<p>El director de Tr\u00e1nsito y Planeamiento de Movilidad Carlos Romero se\u00f1al\u00f3 que este nuevo recorrido es vital para la conexi\u00f3n interdepartamental del norte sanjuanino. \u2018La l\u00ednea 850 es de suma importancia dado que es una herramienta para promover actividades productivas y tur\u00edsticas, pero adem\u00e1s para fomentar la educaci\u00f3n, ya que hay una importante demanda de docentes y estudiantes universitarios que actualmente se dirigen a La Rioja\u2019.<\/p>\n<p>El funcionamiento de la l\u00ednea 850 ser\u00e1 los d\u00edas lunes y viernes y, con un costo de $759, tiene los siguientes horarios:<\/p>\n<p><strong><span style=\"color: #33cccc;\">Departamentos J\u00e1chal<\/span><\/strong><\/p>\n<ul>\n<li>1.45 hs. Salida desde J\u00e1chal<\/li>\n<li>2.35 hs. Parada en Huaco<\/li>\n<li>4.00 hs. Parada en Baldecitos (para trasbordo con transporte a La Rioja)<\/li>\n<li>5.00 hs. Llegada en Valle F\u00e9rtil<\/li>\n<\/ul>\n<p><strong><span style=\"color: #33cccc;\">Departamentos Valle F\u00e9rtil<\/span><\/strong><\/p>\n<ul>\n<li>14.00 hs. Salida desde Valle F\u00e9rtil<\/li>\n<li>15.00 hs. Parada en Baldecitos<\/li>\n<li>17.30 hs. Llegada a J\u00e1chal<\/li>\n<\/ul>\n<p>&nbsp;<\/p>\n<p>&nbsp;<\/p>\n<p>&nbsp;<\/p>\n","protected":false},"excerpt":{"rendered":"<p>A un mes de su inicio en los departamentos de Calingasta, J\u00e1chal, Iglesia y Valle F\u00e9rtil, la flamante Red Tulum<\/p>\n","protected":false},"author":3,"featured_media":33738,"comment_status":"closed","ping_status":"closed","sticky":false,"template":"","format":"standard","meta":{"_acf_changed":false,"_seopress_robots_primary_cat":"none","_seopress_titles_title":"","_seopress_titles_desc":"","_seopress_robots_index":"","colormag_page_container_layout":"default_layout","colormag_page_sidebar_layout":"default_layout","footnotes":""},"categories":[1],"tags":[],"class_list":["post-36223","post","type-post","status-publish","format-standard","has-post-thumbnail","hentry","category-destacadas"],"acf":[],"_links":{"self":[{"href":"https:\/\/vocesparalelas.com.ar\/sitio\/wp-json\/wp\/v2\/posts\/36223","targetHints":{"allow":["GET"]}}],"collection":[{"href":"https:\/\/vocesparalelas.com.ar\/sitio\/wp-json\/wp\/v2\/posts"}],"about":[{"href":"https:\/\/vocesparalelas.com.ar\/sitio\/wp-json\/wp\/v2\/types\/post"}],"author":[{"embeddable":true,"href":"https:\/\/vocesparalelas.com.ar\/sitio\/wp-json\/wp\/v2\/users\/3"}],"replies":[{"embeddable":true,"href":"https:\/\/vocesparalelas.com.ar\/sitio\/wp-json\/wp\/v2\/comments?post=36223"}],"version-history":[{"count":1,"href":"https:\/\/vocesparalelas.com.ar\/sitio\/wp-json\/wp\/v2\/posts\/36223\/revisions"}],"predecessor-version":[{"id":36225,"href":"https:\/\/vocesparalelas.com.ar\/sitio\/wp-json\/wp\/v2\/posts\/36223\/revisions\/36225"}],"wp:featuredmedia":[{"embeddable":true,"href":"https:\/\/vocesparalelas.com.ar\/sitio\/wp-json\/wp\/v2\/media\/33738"}],"wp:attachment":[{"href":"https:\/\/vocesparalelas.com.ar\/sitio\/wp-json\/wp\/v2\/media?parent=36223"}],"wp:term":[{"taxonomy":"category","embeddable":true,"href":"https:\/\/vocesparalelas.com.ar\/sitio\/wp-json\/wp\/v2\/categories?post=36223"},{"taxonomy":"post_tag","embeddable":true,"href":"https:\/\/vocesparalelas.com.ar\/sitio\/wp-json\/wp\/v2\/tags?post=36223"}],"curies":[{"name":"wp","href":"https:\/\/api.w.org\/{rel}","templated":true}]}}