{"id":36219,"date":"2021-03-21T21:11:05","date_gmt":"2021-03-22T00:11:05","guid":{"rendered":"http:\/\/vocesparalelas.com.ar\/sitio\/?p=36219"},"modified":"2021-03-23T00:06:04","modified_gmt":"2021-03-23T03:06:04","slug":"curso-de-posgrado-herramientas-para-la-interdisciplina-y-la-escritura-cientifica","status":"publish","type":"post","link":"https:\/\/vocesparalelas.com.ar\/sitio\/curso-de-posgrado-herramientas-para-la-interdisciplina-y-la-escritura-cientifica\/","title":{"rendered":"Curso de Posgrado \u00abHerramientas para la interdisciplina y la escritura cient\u00edfica\u00bb"},"content":{"rendered":"<p class=\"andinasH1\">El Departamento de Estudios de Posgrado de la Facultad de Arquitectura, Urbanismo y Dise\u00f1o de la Universidad Nacional de San Juan informa del Curso de Posgrado \u201cLectura y Escritura Cient\u00edfica\u201d a cargo de la Dra. Andrea Benav\u00eddez con la participaci\u00f3n de profesores invitados.<\/p>\n<p>Se desarrolla los Jueves y Viernes, del 8 al 30 de Abril, de 9 a 13 hs.<\/p>\n<ul class=\"ullix1\">\n<li><span style=\"color: #0000ff;\"><strong>Dicta<\/strong><\/span>. Dra. Andrea Benav\u00eddez con la participaci\u00f3n de profesores invitados<\/li>\n<li><span style=\"color: #0000ff;\"><strong>P\u00fablico<\/strong>.<\/span> Profesionales de diferentes disciplinas<\/li>\n<li><span style=\"color: #0000ff;\"><strong>Fecha<\/strong>.<\/span> 08\/04\/21 &#8211; 30\/04\/21<\/li>\n<li><span style=\"color: #0000ff;\"><strong>Carga Horaria<\/strong>.<\/span> 60 hs.<\/li>\n<li><span style=\"color: #0000ff;\"><strong>Horarios<\/strong>.<\/span> 09:00 a 13:00 hs.<\/li>\n<\/ul>\n<article class=\"cols1\">El curso\u00a0pretende aportar un trayecto formativo que pueda profundizar en algunos contenidos relacionados con la \u201cLectura y Escritura Cient\u00edfica\u201d y que ameritan un adecuado dominio conceptual.El eje central del Curso, est\u00e1 puesto en proponer herramientas conceptuales para trabajar en relaci\u00f3n con los abordajes interdisciplinares, con especial \u00e9nfasis en la producci\u00f3n cient\u00edfica y acad\u00e9mica.<\/p>\n<p>A cargo de la Dra. Andrea Benavidez, y con la presencia de los profesores invitados, Dr. Claudio Alessio, Dra. Alicia Pringles, Lic. Mariana Guerra, Mg. Prof. Gabriela Llul y Prof. Pablo Atencio.<\/p>\n<p>Inicia el jueves 8 de abril y\u00a0desarroll\u00e1ndose durante los d\u00edas jueves y viernes hasta el 30 de abril del 2021 inclusive, en horarios de 9 a 13,30 hs., m\u00e1s las instancias de Consulta y Asesoramiento Transversal en horarios a acordar con los\/las Docentes participantes, completando un total de 60 (sesenta) horas.<\/p>\n<p><span style=\"color: #0000ff;\"><strong>Fundamentaci\u00f3n<\/strong><\/span><\/p>\n<p>Se trata de aportar un trayecto formativo que pueda profundizar en algunos contenidos y que ameritan mayor dominio conceptual. El eje central de este curso est\u00e1 puesto en proponer herramientas conceptuales para trabajar en relaci\u00f3n con los abordajes interdisciplinares con especial \u00e9nfasis en la producci\u00f3n cient\u00edfica y acad\u00e9mica.<\/p>\n<p>Las metodolog\u00edas de investigaci\u00f3n suelen abarcar un gran espectro de contenidos te\u00f3ricos y pr\u00e1cticos de muy diversa \u00edndole. En general se refiere a los pasos que deben ser tenidos en cuenta para la realizaci\u00f3n de trabajos de investigaci\u00f3n, ya sea en el campo de las Ciencias Exactas, F\u00edsicas y Naturales, o las Ciencias Sociales y las Human\u00edsticas. Durante el curso de posgrado nos propondremos avanzar en los temas que resultan indispensables para fortalecer las pr\u00e1cticas de producci\u00f3n de conocimiento a t\u00f3picos, precisiones te\u00f3ricas y estrategias en torno a las escrituras que dan cuenta de esos procesos de trabajo.<\/p>\n<p>Mediante el trabajo con los contenidos abordaremos herramientas conceptuales, procedimentales y metodol\u00f3gicas centradas en las interacciones disciplinares. Se trata de focalizar en la producci\u00f3n cient\u00edfica centrada en abordajes disciplinares que se encuentran en di\u00e1logos y que ameritan espacios donde tramar las diversas formas de producci\u00f3n grupal. Tambi\u00e9n, se trabajar\u00e1n estrategias de superaci\u00f3n de obst\u00e1culos con el objetivo de avanzar en la producci\u00f3n cooperativa de equipos de trabajo donde se requiere convivencia disciplinar. Algunas de las tem\u00e1ticas ser\u00e1n fundamentales para avanzar de manera transversal en t\u00e9cnicas del lenguaje, fortalecimiento de argumentaci\u00f3n, enfoques \u00e9ticos, mapeos centrales de las teor\u00edas feministas, vinculaciones disciplinares con el \u00e1rea de salud, sociales, human\u00edsticas, naturales y perspectivas epistemol\u00f3gicas para exploraci\u00f3n de problemas interdisciplinares.<\/p>\n<p><span style=\"color: #0000ff;\"><strong>Cronograma<\/strong><\/span><\/p>\n<ul>\n<li><strong><span style=\"color: #0000ff;\">Jueves 8 de abril.\u00a0M\u00f3dulo I:<\/span><\/strong>Claves epistemol\u00f3gicas para los di\u00e1logos disciplinares. Docente Responsable, Dra. Andrea A. Benavidez. 5 hs.<\/li>\n<li><strong><span style=\"color: #0000ff;\">Viernes 9 de abril.\u00a0M\u00f3dulo II:<\/span><\/strong> \u00c9tica del conocimiento cient\u00edfico. Docente, Prof. Pablo Atencio. 5 hs.<\/li>\n<li><strong><span style=\"color: #0000ff;\">Jueves 15 de abril.\u00a0M\u00f3dulo III:<\/span><\/strong> Los textos acad\u00e9micos. Pr\u00e1cticas de escritura desde las propiedades textuales. Docente: Prof. Gabriela LLull. 5 hs.<\/li>\n<li><strong><span style=\"color: #0000ff;\">Viernes 16 de abril.\u00a0M\u00f3dulo IV:<\/span><\/strong> Usos de la Argumentaci\u00f3n. Docente, Dr. Claudio Alessio. 5 hs.<\/li>\n<li><strong><span style=\"color: #0000ff;\">Jueves 22 de abril.\u00a0M\u00f3dulo VI:<\/span><\/strong>Arquitectura y Salud. Interpretaci\u00f3n del ideario desde an\u00e1lisis del discurso arquitect\u00f3nico. Docente, Dra. Arq. Alicia Pringles Belvideri. 5 hs.<\/li>\n<li><strong><span style=\"color: #0000ff;\">Viernes 23 de abril.\u00a0M\u00f3dulo V:<\/span><\/strong>Abordajes de g\u00e9nero en Latinoam\u00e9rica. Reflexiones cr\u00edticas. Docente, Lic. Mariana Guerra P\u00e9rez. 5 hs.<\/li>\n<li><strong><span style=\"color: #0000ff;\">Jueves 29 de abril.\u00a0M\u00f3dulo VII:<\/span><\/strong> Pr\u00e1ctica de Integraci\u00f3n. Docente Responsable, Dra. Andrea Benavidez, 5 hs.<\/li>\n<li><span style=\"color: #0000ff;\"><strong>Viernes, 30 de abril Modulo VII Taller<\/strong>:<\/span> Pr\u00e1ctica de Integraci\u00f3n. Docente Responsable, Dra. Andrea Benavidez, 5 hs.<\/li>\n<\/ul>\n<p><span style=\"color: #0000ff;\"><strong>Modalidad<\/strong>:<\/span> Profundizaci\u00f3n en herramientas conceptuales para trabajos interdisciplinares y la producci\u00f3n cient\u00edfica.<\/p>\n<p><span style=\"color: #0000ff;\"><strong>Nivel<\/strong>:<\/span> Avanzado. <strong>Dificultad<\/strong>: media.<\/p>\n<p><span style=\"color: #0000ff;\"><strong>Aranceles:<\/strong><\/span>\u00a0Profesionales: $5.000 &#8211; Docentes e Investigadores UNSJ: $5000 \u2013 Docentes y Egresados FAUD (inscriptos Centro de Egresados): $4.400.<\/p>\n<p><strong><span style=\"color: #0000ff;\">Inscripciones y consultas<\/span><\/strong><\/p>\n<p>Departamento de Estudio de Posgrado FAUD de la UNSJ<\/p>\n<\/article>\n<p><img loading=\"lazy\" decoding=\"async\" class=\"alignnone wp-image-24036 size-full\" src=\"https:\/\/vocesparalelas.com.ar\/sitio\/wp-content\/uploads\/2019\/10\/FAUD-EDIFICIO-BANDERA-01.jpg\" alt=\"\" width=\"800\" height=\"528\" srcset=\"https:\/\/vocesparalelas.com.ar\/sitio\/wp-content\/uploads\/2019\/10\/FAUD-EDIFICIO-BANDERA-01.jpg 800w, https:\/\/vocesparalelas.com.ar\/sitio\/wp-content\/uploads\/2019\/10\/FAUD-EDIFICIO-BANDERA-01-300x198.jpg 300w, https:\/\/vocesparalelas.com.ar\/sitio\/wp-content\/uploads\/2019\/10\/FAUD-EDIFICIO-BANDERA-01-768x507.jpg 768w\" sizes=\"auto, (max-width: 800px) 100vw, 800px\" \/><\/p>\n","protected":false},"excerpt":{"rendered":"<p>El Departamento de Estudios de Posgrado de la Facultad de Arquitectura, Urbanismo y Dise\u00f1o de la Universidad Nacional de San<\/p>\n","protected":false},"author":3,"featured_media":36221,"comment_status":"closed","ping_status":"closed","sticky":false,"template":"","format":"standard","meta":{"_acf_changed":false,"_seopress_robots_primary_cat":"none","_seopress_titles_title":"","_seopress_titles_desc":"","_seopress_robots_index":"","colormag_page_container_layout":"default_layout","colormag_page_sidebar_layout":"default_layout","footnotes":""},"categories":[9],"tags":[],"class_list":["post-36219","post","type-post","status-publish","format-standard","has-post-thumbnail","hentry","category-cursos"],"acf":[],"_links":{"self":[{"href":"https:\/\/vocesparalelas.com.ar\/sitio\/wp-json\/wp\/v2\/posts\/36219","targetHints":{"allow":["GET"]}}],"collection":[{"href":"https:\/\/vocesparalelas.com.ar\/sitio\/wp-json\/wp\/v2\/posts"}],"about":[{"href":"https:\/\/vocesparalelas.com.ar\/sitio\/wp-json\/wp\/v2\/types\/post"}],"author":[{"embeddable":true,"href":"https:\/\/vocesparalelas.com.ar\/sitio\/wp-json\/wp\/v2\/users\/3"}],"replies":[{"embeddable":true,"href":"https:\/\/vocesparalelas.com.ar\/sitio\/wp-json\/wp\/v2\/comments?post=36219"}],"version-history":[{"count":2,"href":"https:\/\/vocesparalelas.com.ar\/sitio\/wp-json\/wp\/v2\/posts\/36219\/revisions"}],"predecessor-version":[{"id":36270,"href":"https:\/\/vocesparalelas.com.ar\/sitio\/wp-json\/wp\/v2\/posts\/36219\/revisions\/36270"}],"wp:featuredmedia":[{"embeddable":true,"href":"https:\/\/vocesparalelas.com.ar\/sitio\/wp-json\/wp\/v2\/media\/36221"}],"wp:attachment":[{"href":"https:\/\/vocesparalelas.com.ar\/sitio\/wp-json\/wp\/v2\/media?parent=36219"}],"wp:term":[{"taxonomy":"category","embeddable":true,"href":"https:\/\/vocesparalelas.com.ar\/sitio\/wp-json\/wp\/v2\/categories?post=36219"},{"taxonomy":"post_tag","embeddable":true,"href":"https:\/\/vocesparalelas.com.ar\/sitio\/wp-json\/wp\/v2\/tags?post=36219"}],"curies":[{"name":"wp","href":"https:\/\/api.w.org\/{rel}","templated":true}]}}