{"id":36203,"date":"2021-03-20T22:07:56","date_gmt":"2021-03-21T01:07:56","guid":{"rendered":"http:\/\/vocesparalelas.com.ar\/sitio\/?p=36203"},"modified":"2021-03-20T22:28:41","modified_gmt":"2021-03-21T01:28:41","slug":"entregaron-en-forma-presencial-los-titulos-a-egresados-de-grado-y-posgrado-de-la-fi-de-la-unsj","status":"publish","type":"post","link":"https:\/\/vocesparalelas.com.ar\/sitio\/entregaron-en-forma-presencial-los-titulos-a-egresados-de-grado-y-posgrado-de-la-fi-de-la-unsj\/","title":{"rendered":"Entregaron en forma presencial los T\u00edtulos a egresados de Grado y Posgrado de la FI de la UNSJ"},"content":{"rendered":"<p>En el Monumento a la Ingenier\u00eda, frente al Departamento de Estudios de Posgrado de la Facultad de Ingenier\u00eda de la Universidad Nacional de San Juan, se desarroll\u00f3 el acto de entrega presencial, de 9 t\u00edtulos de Posgrado y 3 t\u00edtulos de Grado a nuevos egresados.<\/p>\n<p>El Decano de la FI de la UNSJ, Mg. Ing. Tadeo Berenguer presidi\u00f3 el acto acompa\u00f1ado por el vicedecano, Ing. Mario Fern\u00e1ndez, el secretario de Investigaciones, Mg. Ing. Ra\u00fal Francisco Navas; el director de la Escuela de Ingenier\u00eda de Caminos de Monta\u00f1a \u2013 EICAM -, Dr. Ing. An\u00edbal Altamira y la directora del Departamento de Estudios de Posgrado, Dr. Ing. Delia Graciela Colom\u00e9, con algunos familiares y con el distanciamiento social sanitario.<\/p>\n<p>El acto se centr\u00f3 en la entrega de t\u00edtulo de especialistas nueve estudiantes de la Facultad de Ingenier\u00eda de la Universidad Nacional de San Juan. Siete corresponden a la Especializaci\u00f3n en Ingenier\u00eda de Caminos de Monta\u00f1a y dos a la Especializaci\u00f3n en Gesti\u00f3n y Vinculaci\u00f3n Tecnol\u00f3gica.\u00a0 Los y las estudiantes de grado que recibieron su t\u00edtulo pertenecen a las carreras de Ingenier\u00eda Industrial e Ingenier\u00eda Civil.<\/p>\n<p><span style=\"color: #339966;\"><strong>Egresados de Carreras de Grado<\/strong><\/span><\/p>\n<p><span style=\"color: #339966;\"><strong>Ingenier\u00eda Civil<\/strong><\/span><\/p>\n<ul>\n<li>Ing. Gonzalo Rojas<\/li>\n<li>Ing. Guadalupe Lucero<\/li>\n<\/ul>\n<p><span style=\"color: #339966;\"><strong>Ingenier\u00eda Industrial<\/strong><\/span><\/p>\n<ul>\n<li>Ing. Mar\u00eda Ayel\u00e9n Figueroa Prieto<\/li>\n<\/ul>\n<p><strong><span style=\"color: #339966;\">Egresados de Carreras de Posgrado<\/span><\/strong><\/p>\n<p><strong><span style=\"color: #339966;\">Especializaci\u00f3n en Ingenier\u00eda de Caminos de Monta\u00f1a<\/span><\/strong><\/p>\n<ul>\n<li>Ing. D\u00e9borah Berger<\/li>\n<li>Ing. Agustina Cardin<\/li>\n<li>Ing. Karina de Jes\u00fas Benavides Burgos<\/li>\n<li>Ing. Cecilia Ines Saavedra Morales<\/li>\n<li>Ing. Mat\u00edas Ariel Reinoso<\/li>\n<li>Ing. Gabriel Math\u00edas Berrocal<\/li>\n<li>Ing. Juan Marcos Molina Palacio<\/li>\n<\/ul>\n<p><span style=\"color: #339966;\"><strong>Especializaci\u00f3n en Gesti\u00f3n y Vinculaci\u00f3n Tecnol\u00f3gica<\/strong><\/span><\/p>\n<ul>\n<li>Lic. Mariela Sandra Rufino<\/li>\n<li>Prof. Liliana Beatriz Martinez Davila<\/li>\n<\/ul>\n<p>Lo interesante es que comenzaron y finalizaron los estudiantes para lograr con gran esfuerzo el t\u00edtulo so\u00f1ado y con el compromiso de perfeccionarse en su rol laboral. Felicitaciones y a seguir capacit\u00e1ndose para ser cada d\u00eda grandes profesionales de la FI de la UNSJ.<\/p>\n<p>Finalizado el acto tan emotivo Voces Paralelas entrevist\u00f3 al Decano de la FI de la UNSJ, Mg. Ing. Tadeo Berenguer, quien explic\u00f3 lo que significa el T\u00edtulo para los egresados.<\/p>\n<figure id=\"attachment_36206\" aria-describedby=\"caption-attachment-36206\" style=\"width: 800px\" class=\"wp-caption alignnone\"><img loading=\"lazy\" decoding=\"async\" class=\"wp-image-36206 size-full\" src=\"https:\/\/vocesparalelas.com.ar\/sitio\/wp-content\/uploads\/2021\/03\/FI-TADEO-BERENGUER.jpg\" alt=\"\" width=\"800\" height=\"533\" srcset=\"https:\/\/vocesparalelas.com.ar\/sitio\/wp-content\/uploads\/2021\/03\/FI-TADEO-BERENGUER.jpg 800w, https:\/\/vocesparalelas.com.ar\/sitio\/wp-content\/uploads\/2021\/03\/FI-TADEO-BERENGUER-300x200.jpg 300w, https:\/\/vocesparalelas.com.ar\/sitio\/wp-content\/uploads\/2021\/03\/FI-TADEO-BERENGUER-768x512.jpg 768w\" sizes=\"auto, (max-width: 800px) 100vw, 800px\" \/><figcaption id=\"caption-attachment-36206\" class=\"wp-caption-text\">Decano de la Facultad de Ingeneir\u00eda de la UNSJ, Ing. Tadeo Berenguer<\/figcaption><\/figure>\n<p>&nbsp;<\/p>\n<p><iframe loading=\"lazy\" title=\"FI DECANO ING. TADEO BERENGUER\" width=\"800\" height=\"450\" src=\"https:\/\/www.youtube.com\/embed\/NQN2GKm6WbE?feature=oembed\" frameborder=\"0\" allow=\"accelerometer; autoplay; clipboard-write; encrypted-media; gyroscope; picture-in-picture\" allowfullscreen><\/iframe><\/p>\n<p><img loading=\"lazy\" decoding=\"async\" class=\"alignnone wp-image-23028 size-large\" src=\"https:\/\/vocesparalelas.com.ar\/sitio\/wp-content\/uploads\/2019\/08\/FI-UNSJ-EDIFICIO-800x600.jpg\" alt=\"\" width=\"800\" height=\"600\" srcset=\"https:\/\/vocesparalelas.com.ar\/sitio\/wp-content\/uploads\/2019\/08\/FI-UNSJ-EDIFICIO-800x600.jpg 800w, https:\/\/vocesparalelas.com.ar\/sitio\/wp-content\/uploads\/2019\/08\/FI-UNSJ-EDIFICIO-300x225.jpg 300w, https:\/\/vocesparalelas.com.ar\/sitio\/wp-content\/uploads\/2019\/08\/FI-UNSJ-EDIFICIO-768x576.jpg 768w, https:\/\/vocesparalelas.com.ar\/sitio\/wp-content\/uploads\/2019\/08\/FI-UNSJ-EDIFICIO.jpg 888w\" sizes=\"auto, (max-width: 800px) 100vw, 800px\" \/><\/p>\n<p>&nbsp;<\/p>\n<p>&nbsp;<\/p>\n<p>&nbsp;<\/p>\n","protected":false},"excerpt":{"rendered":"<p>En el Monumento a la Ingenier\u00eda, frente al Departamento de Estudios de Posgrado de la Facultad de Ingenier\u00eda de la<\/p>\n","protected":false},"author":3,"featured_media":36205,"comment_status":"closed","ping_status":"closed","sticky":false,"template":"","format":"video","meta":{"_acf_changed":false,"_seopress_robots_primary_cat":"none","_seopress_titles_title":"","_seopress_titles_desc":"","_seopress_robots_index":"","colormag_page_container_layout":"default_layout","colormag_page_sidebar_layout":"default_layout","footnotes":""},"categories":[1,7],"tags":[],"class_list":["post-36203","post","type-post","status-publish","format-video","has-post-thumbnail","hentry","category-destacadas","category-videos","post_format-post-format-video"],"acf":[],"_links":{"self":[{"href":"https:\/\/vocesparalelas.com.ar\/sitio\/wp-json\/wp\/v2\/posts\/36203","targetHints":{"allow":["GET"]}}],"collection":[{"href":"https:\/\/vocesparalelas.com.ar\/sitio\/wp-json\/wp\/v2\/posts"}],"about":[{"href":"https:\/\/vocesparalelas.com.ar\/sitio\/wp-json\/wp\/v2\/types\/post"}],"author":[{"embeddable":true,"href":"https:\/\/vocesparalelas.com.ar\/sitio\/wp-json\/wp\/v2\/users\/3"}],"replies":[{"embeddable":true,"href":"https:\/\/vocesparalelas.com.ar\/sitio\/wp-json\/wp\/v2\/comments?post=36203"}],"version-history":[{"count":2,"href":"https:\/\/vocesparalelas.com.ar\/sitio\/wp-json\/wp\/v2\/posts\/36203\/revisions"}],"predecessor-version":[{"id":36209,"href":"https:\/\/vocesparalelas.com.ar\/sitio\/wp-json\/wp\/v2\/posts\/36203\/revisions\/36209"}],"wp:featuredmedia":[{"embeddable":true,"href":"https:\/\/vocesparalelas.com.ar\/sitio\/wp-json\/wp\/v2\/media\/36205"}],"wp:attachment":[{"href":"https:\/\/vocesparalelas.com.ar\/sitio\/wp-json\/wp\/v2\/media?parent=36203"}],"wp:term":[{"taxonomy":"category","embeddable":true,"href":"https:\/\/vocesparalelas.com.ar\/sitio\/wp-json\/wp\/v2\/categories?post=36203"},{"taxonomy":"post_tag","embeddable":true,"href":"https:\/\/vocesparalelas.com.ar\/sitio\/wp-json\/wp\/v2\/tags?post=36203"}],"curies":[{"name":"wp","href":"https:\/\/api.w.org\/{rel}","templated":true}]}}