{"id":36199,"date":"2021-03-20T00:12:53","date_gmt":"2021-03-20T03:12:53","guid":{"rendered":"http:\/\/vocesparalelas.com.ar\/sitio\/?p=36199"},"modified":"2021-03-20T00:14:17","modified_gmt":"2021-03-20T03:14:17","slug":"los-diplomados-recibiran-certificaciones-cuando-se-realicen-los-tramites-legales-las-instituciones-responsables","status":"publish","type":"post","link":"https:\/\/vocesparalelas.com.ar\/sitio\/los-diplomados-recibiran-certificaciones-cuando-se-realicen-los-tramites-legales-las-instituciones-responsables\/","title":{"rendered":"Los diplomados recibir\u00e1n certificaciones cuando se realicen los tr\u00e1mites legales las instituciones responsables"},"content":{"rendered":"<p>El Ministerio de Educaci\u00f3n del Gobierno de San Juan \u00a0inform\u00f3 que tras gestiones efectuadas por el ministro Lic. Felipe De Los R\u00edos ante autoridades de la Direcci\u00f3n Nacional de Gesti\u00f3n Universitaria del Ministerio de Educaci\u00f3n de la Naci\u00f3n, reciben las certificaciones los docentes de las diplomaturas cohorte 2019- 2020 cursadas en el instituto de gesti\u00f3n privada CIICAP por convenio con la Universidad de Congreso.<\/p>\n<p>Cabe recordar que esta situaci\u00f3n es ajena al Ministerio, estas diplomaturas no contaron con el aval, por lo que no est\u00e1n dentro del \u00e1mbito de su competencia.<\/p>\n<p>Pero sensible al grave perjuicio que origina a los educadores que con gran esfuerzo pagaron su profesionalizaci\u00f3n, el titular de la cartera educativa, Lic. Felipe De Los R\u00edos, realiz\u00f3 arduas gestiones ante las autoridades nacionales competentes acordando que para resolver el problema planteado, la Universidad de Congreso realizar\u00e1 y completar\u00e1 ante la Direcci\u00f3n Nacional de Gesti\u00f3n Universitaria, los tr\u00e1mites y procedimientos correspondientes para la certificaci\u00f3n y validez de las diplomaturas cursadas por los docentes de las cohortes 2019 \u2013 2020.<\/p>\n<p>Esta resoluci\u00f3n se notific\u00f3, entreg\u00e1ndoles una copia a las profesoras Graciela Cabrera, Mar\u00eda Lorena Quiroga y Mar\u00eda Eugenia Ortega, quienes representan al grupo de docentes afectados del CIICAP.<\/p>\n<p><span style=\"color: #ff6600;\"><strong>Para tener en cuenta<\/strong><\/span><\/p>\n<p>El instituto CIICAP depende de la Direcci\u00f3n de Educaci\u00f3n Privada y tiene dos funciones: capacitaci\u00f3n e investigaci\u00f3n, adem\u00e1s de un convenio con la Universidad de Congreso.<\/p>\n<p>Las diplomaturas mencionadas y cuestionadas, ofrecidas por la instituci\u00f3n CIICAP en el periodo en cuesti\u00f3n (2019-2020), no poseen el aval del Ministerio de Educaci\u00f3n, procedimiento que se contempla en la Resoluci\u00f3n N\u00b0 187-ME-2019, del Ministerio de Educaci\u00f3n y Resoluci\u00f3n N\u00b0 2161-ME-2020, y que realiza a trav\u00e9s de la Subsecretar\u00eda de Planeamiento Educativo del Ministerio de Educaci\u00f3n.<\/p>\n<p>Las ofertas de la instituci\u00f3n CIICAP tienen el aval de la Universidad de Congreso, con quien poseen un Convenio Marco de Cooperaci\u00f3n.<\/p>\n<p>Ante el an\u00e1lisis e intervenci\u00f3n realizado por Asesor\u00eda Letrada del Ministerio de Educaci\u00f3n, se determina que \u201cconforme constancias de autos y normativa vigente resulta claro que es exclusiva responsabilidad de quienes efectuaron la oferta educativa entregar a los docentes que cursaron esas diplomaturas una certificaci\u00f3n de las mismas con todos los requisitos previstos en la normativa vigente\u201d(\u2026)\u201d\u2026con lo que queda demostrado el Ministerio de Educaci\u00f3n no tiene injerencia en la tramitaci\u00f3n de tales certificaciones\u201d.<\/p>\n<p><strong><span style=\"color: #ff6600;\">Procedimientos que deben cumplir las instituciones de capacitaci\u00f3n<\/span><\/strong><\/p>\n<p>Para evitar en futuro situaciones similares, el Ministerio de Educaci\u00f3n pone en conocimiento de los educadores el procedimiento que deben cumplir las instituciones habilitadas para dictar diplomaturas o actualizaciones.<\/p>\n<ul>\n<li>Por Ley Nacional de Educaci\u00f3n N\u00b0 26.206 y de Educaci\u00f3n Superior N\u00b0 24.521, los Institutos Superiores de Formaci\u00f3n Docente de gesti\u00f3n estatal y privada son los \u00fanicos habilitados para el dictado de diplomaturas, actualizaciones acad\u00e9micas, entre otros.<\/li>\n<li>Los Institutos Superiores de gesti\u00f3n estatal o privada deben estar registrados en el Registro Federal de Instituciones y Ofertas de Formaci\u00f3n Docente &#8211; REFFOD -, que lleva actualizada la nomina de los institutos, y que adem\u00e1s homologa y valida los t\u00edtulos y certificaciones.<\/li>\n<li>Las instituciones universitarias cuando emiten certificaciones, de acuerdo con las normativas vigentes en el pa\u00eds y la jurisdicci\u00f3n, deben ser enviadas a la Direcci\u00f3n Nacional de Gesti\u00f3n Universitaria. Corresponde all\u00ed su presentaci\u00f3n conforme al procedimiento fijado por la Direcci\u00f3n Nacional de Gesti\u00f3n Universitaria dependiente de la Secretar\u00eda de Pol\u00edticas Universitarias del Ministerio de Educaci\u00f3n, para su verificaci\u00f3n y autenticidad en cada documento en cuesti\u00f3n, seg\u00fan Res. N\u00b0 IF-2017-01882783-APN-DVNTYE#ME.<\/li>\n<li>Todas las propuestas de capacitaci\u00f3n y\/o perfeccionamiento docente que se realicen en la provincia de San Juan deben ser tramitadas en la Subsecretar\u00eda de Planeamiento Educativo del Ministerio de Educaci\u00f3n para la resoluci\u00f3n de aval ministerial correspondiente, rigi\u00e9ndose por las normativas vigentes, a saber: Resoluci\u00f3n N\u00b0 187-ME-2019, y Resoluci\u00f3n N\u00b0 2161-ME-2020. Las propuestas se deben presentar con 30 d\u00edas de anticipaci\u00f3n de la fecha de realizaci\u00f3n de la oferta, iniciando el expediente por mesa de entrada, del Ministerio de Educaci\u00f3n.<\/li>\n<\/ul>\n<p>Todo estos requisitos y procedimientos deben cumplirse para que las Juntas de Clasificaci\u00f3n Docente, entidades de aplicaci\u00f3n de normativas, puedan valorar las certificaciones correspondientes, de acuerdo al valorador vigente.<\/p>\n<p>&nbsp;<\/p>\n<p>&nbsp;<\/p>\n<p>&nbsp;<\/p>\n<p>&nbsp;<\/p>\n","protected":false},"excerpt":{"rendered":"<p>El Ministerio de Educaci\u00f3n del Gobierno de San Juan \u00a0inform\u00f3 que tras gestiones efectuadas por el ministro Lic. Felipe De<\/p>\n","protected":false},"author":3,"featured_media":28629,"comment_status":"closed","ping_status":"closed","sticky":false,"template":"","format":"standard","meta":{"_acf_changed":false,"_seopress_robots_primary_cat":"none","_seopress_titles_title":"","_seopress_titles_desc":"","_seopress_robots_index":"","colormag_page_container_layout":"default_layout","colormag_page_sidebar_layout":"default_layout","footnotes":""},"categories":[1],"tags":[],"class_list":["post-36199","post","type-post","status-publish","format-standard","has-post-thumbnail","hentry","category-destacadas"],"acf":[],"_links":{"self":[{"href":"https:\/\/vocesparalelas.com.ar\/sitio\/wp-json\/wp\/v2\/posts\/36199","targetHints":{"allow":["GET"]}}],"collection":[{"href":"https:\/\/vocesparalelas.com.ar\/sitio\/wp-json\/wp\/v2\/posts"}],"about":[{"href":"https:\/\/vocesparalelas.com.ar\/sitio\/wp-json\/wp\/v2\/types\/post"}],"author":[{"embeddable":true,"href":"https:\/\/vocesparalelas.com.ar\/sitio\/wp-json\/wp\/v2\/users\/3"}],"replies":[{"embeddable":true,"href":"https:\/\/vocesparalelas.com.ar\/sitio\/wp-json\/wp\/v2\/comments?post=36199"}],"version-history":[{"count":1,"href":"https:\/\/vocesparalelas.com.ar\/sitio\/wp-json\/wp\/v2\/posts\/36199\/revisions"}],"predecessor-version":[{"id":36201,"href":"https:\/\/vocesparalelas.com.ar\/sitio\/wp-json\/wp\/v2\/posts\/36199\/revisions\/36201"}],"wp:featuredmedia":[{"embeddable":true,"href":"https:\/\/vocesparalelas.com.ar\/sitio\/wp-json\/wp\/v2\/media\/28629"}],"wp:attachment":[{"href":"https:\/\/vocesparalelas.com.ar\/sitio\/wp-json\/wp\/v2\/media?parent=36199"}],"wp:term":[{"taxonomy":"category","embeddable":true,"href":"https:\/\/vocesparalelas.com.ar\/sitio\/wp-json\/wp\/v2\/categories?post=36199"},{"taxonomy":"post_tag","embeddable":true,"href":"https:\/\/vocesparalelas.com.ar\/sitio\/wp-json\/wp\/v2\/tags?post=36199"}],"curies":[{"name":"wp","href":"https:\/\/api.w.org\/{rel}","templated":true}]}}