{"id":36149,"date":"2021-03-17T23:55:15","date_gmt":"2021-03-18T02:55:15","guid":{"rendered":"http:\/\/vocesparalelas.com.ar\/sitio\/?p=36149"},"modified":"2021-03-17T23:55:15","modified_gmt":"2021-03-18T02:55:15","slug":"autoridades-de-cultura-de-san-luis-visitaron-el-archivo-general-de-la-provincia-de-san-juan","status":"publish","type":"post","link":"https:\/\/vocesparalelas.com.ar\/sitio\/autoridades-de-cultura-de-san-luis-visitaron-el-archivo-general-de-la-provincia-de-san-juan\/","title":{"rendered":"Autoridades de Cultura de San Luis visitaron el Archivo General de la Provincia de San Juan"},"content":{"rendered":"<p>Autoridades de San Luis visitaron el Ministerio de Gobierno para conocer las instalaciones y el trabajo del Archivo General de la Provincia de San Juan &#8211; AGP.<\/p>\n<p>La referente de Cultura de la provincia de San Luis, Silvia Rapisarda y a la jefa del Subprograma Patrimonio Hist\u00f3rico y Cultural, Patricia Perkman, fueron recibidas por el secretario de Relaciones Institucionales, Marcelo Fretes, y la direcci\u00f3n y subdirecci\u00f3n del AGP, Gast\u00f3n Reino y Laura Montero respectivamente.<\/p>\n<p><img loading=\"lazy\" decoding=\"async\" class=\"alignnone wp-image-36152 size-full\" src=\"https:\/\/vocesparalelas.com.ar\/sitio\/wp-content\/uploads\/2021\/03\/ARCHIVO-PROVINCIAL-02.jpg\" alt=\"\" width=\"800\" height=\"532\" srcset=\"https:\/\/vocesparalelas.com.ar\/sitio\/wp-content\/uploads\/2021\/03\/ARCHIVO-PROVINCIAL-02.jpg 800w, https:\/\/vocesparalelas.com.ar\/sitio\/wp-content\/uploads\/2021\/03\/ARCHIVO-PROVINCIAL-02-300x200.jpg 300w, https:\/\/vocesparalelas.com.ar\/sitio\/wp-content\/uploads\/2021\/03\/ARCHIVO-PROVINCIAL-02-768x511.jpg 768w\" sizes=\"auto, (max-width: 800px) 100vw, 800px\" \/><\/p>\n<p>Este lunes fue desarrollado el Consejo Federal de Cultura de la regi\u00f3n integrada por San Juan, San Luis y Mendoza organizado por el Ministerio de Turismo y Cultura.<\/p>\n<p>Gracias a este evento y al gran inter\u00e9s que despierta a nivel cultural el patrimonio documental del AGP, las autoridades de San Luis aprovecharon para visitar la repartici\u00f3n del Ministerio de Gobierno.<\/p>\n<p>Silvia Rapisarda realiz\u00f3 un balance positivo de la reuni\u00f3n en la que se intercambiaron experiencias de trabajo e informaci\u00f3n sobre de las pol\u00edticas archiv\u00edsticas de las provincias de San Juan y San Luis. Adem\u00e1s, la funcionaria confirm\u00f3 que comenzar\u00e1n a desarrollar acciones conjuntas debido a que: \u201centendemos que tenemos muchos puntos en com\u00fan\u201d y porque \u201ca trav\u00e9s de los archivos es una manera de vivenciar los hechos y de hacerlos conocer\u201d.<\/p>\n<p>La referente de Cultura de la provincia de San Luis tambi\u00e9n destac\u00f3 la importancia de realizar tareas concretas y mancomunadas lo que ser\u00e1 muy enriquecedor para ambas provincias y para la regi\u00f3n.<\/p>\n<p>Desde el Ministerio de Gobierno agradecieron la visita de las autoridades de Cultura de San Luis y comentaron que planificar\u00e1n acciones a futuro para mejorar el servicio que actualmente se les ofrece a quienes hacen uso del material que se resguarda en los archivos.<\/p>\n<p>Adem\u00e1s, realizaron la entrega de la XV edici\u00f3n de la revista del Archivo Provincial<\/p>\n<p><a href=\"https:\/\/sisanjuan.gob.ar\/ministerio-de-gobierno\/2021-03-03\/30069-presentaron-la-xv-edicion-de-la-revista-del-archivo-provincial\">https:\/\/sisanjuan.gob.ar\/ministerio-de-gobierno\/2021-03-03\/30069-presentaron-la-xv-edicion-de-la-revista-del-archivo-provincial<\/a><\/p>\n<p><img loading=\"lazy\" decoding=\"async\" class=\"alignnone wp-image-36154 size-full\" src=\"https:\/\/vocesparalelas.com.ar\/sitio\/wp-content\/uploads\/2021\/03\/ARCHIVO-PROVINCIAL-03.jpg\" alt=\"\" width=\"800\" height=\"532\" srcset=\"https:\/\/vocesparalelas.com.ar\/sitio\/wp-content\/uploads\/2021\/03\/ARCHIVO-PROVINCIAL-03.jpg 800w, https:\/\/vocesparalelas.com.ar\/sitio\/wp-content\/uploads\/2021\/03\/ARCHIVO-PROVINCIAL-03-300x200.jpg 300w, https:\/\/vocesparalelas.com.ar\/sitio\/wp-content\/uploads\/2021\/03\/ARCHIVO-PROVINCIAL-03-768x511.jpg 768w\" sizes=\"auto, (max-width: 800px) 100vw, 800px\" \/><\/p>\n<p><img loading=\"lazy\" decoding=\"async\" class=\"alignnone wp-image-36153 size-full\" src=\"https:\/\/vocesparalelas.com.ar\/sitio\/wp-content\/uploads\/2021\/03\/ARCHIVO-PROVINCIAL-04.jpg\" alt=\"\" width=\"800\" height=\"532\" srcset=\"https:\/\/vocesparalelas.com.ar\/sitio\/wp-content\/uploads\/2021\/03\/ARCHIVO-PROVINCIAL-04.jpg 800w, https:\/\/vocesparalelas.com.ar\/sitio\/wp-content\/uploads\/2021\/03\/ARCHIVO-PROVINCIAL-04-300x200.jpg 300w, https:\/\/vocesparalelas.com.ar\/sitio\/wp-content\/uploads\/2021\/03\/ARCHIVO-PROVINCIAL-04-768x511.jpg 768w\" sizes=\"auto, (max-width: 800px) 100vw, 800px\" \/><\/p>\n","protected":false},"excerpt":{"rendered":"<p>Autoridades de San Luis visitaron el Ministerio de Gobierno para conocer las instalaciones y el trabajo del Archivo General de<\/p>\n","protected":false},"author":3,"featured_media":36151,"comment_status":"closed","ping_status":"closed","sticky":false,"template":"","format":"standard","meta":{"_acf_changed":false,"_seopress_robots_primary_cat":"none","_seopress_titles_title":"","_seopress_titles_desc":"","_seopress_robots_index":"","colormag_page_container_layout":"default_layout","colormag_page_sidebar_layout":"default_layout","footnotes":""},"categories":[1],"tags":[],"class_list":["post-36149","post","type-post","status-publish","format-standard","has-post-thumbnail","hentry","category-destacadas"],"acf":[],"_links":{"self":[{"href":"https:\/\/vocesparalelas.com.ar\/sitio\/wp-json\/wp\/v2\/posts\/36149","targetHints":{"allow":["GET"]}}],"collection":[{"href":"https:\/\/vocesparalelas.com.ar\/sitio\/wp-json\/wp\/v2\/posts"}],"about":[{"href":"https:\/\/vocesparalelas.com.ar\/sitio\/wp-json\/wp\/v2\/types\/post"}],"author":[{"embeddable":true,"href":"https:\/\/vocesparalelas.com.ar\/sitio\/wp-json\/wp\/v2\/users\/3"}],"replies":[{"embeddable":true,"href":"https:\/\/vocesparalelas.com.ar\/sitio\/wp-json\/wp\/v2\/comments?post=36149"}],"version-history":[{"count":1,"href":"https:\/\/vocesparalelas.com.ar\/sitio\/wp-json\/wp\/v2\/posts\/36149\/revisions"}],"predecessor-version":[{"id":36155,"href":"https:\/\/vocesparalelas.com.ar\/sitio\/wp-json\/wp\/v2\/posts\/36149\/revisions\/36155"}],"wp:featuredmedia":[{"embeddable":true,"href":"https:\/\/vocesparalelas.com.ar\/sitio\/wp-json\/wp\/v2\/media\/36151"}],"wp:attachment":[{"href":"https:\/\/vocesparalelas.com.ar\/sitio\/wp-json\/wp\/v2\/media?parent=36149"}],"wp:term":[{"taxonomy":"category","embeddable":true,"href":"https:\/\/vocesparalelas.com.ar\/sitio\/wp-json\/wp\/v2\/categories?post=36149"},{"taxonomy":"post_tag","embeddable":true,"href":"https:\/\/vocesparalelas.com.ar\/sitio\/wp-json\/wp\/v2\/tags?post=36149"}],"curies":[{"name":"wp","href":"https:\/\/api.w.org\/{rel}","templated":true}]}}