{"id":36119,"date":"2021-03-16T21:57:55","date_gmt":"2021-03-17T00:57:55","guid":{"rendered":"http:\/\/vocesparalelas.com.ar\/sitio\/?p=36119"},"modified":"2021-03-20T00:15:54","modified_gmt":"2021-03-20T03:15:54","slug":"la-investigacion-academica-en-arquitectura-y-urbanismo","status":"publish","type":"post","link":"https:\/\/vocesparalelas.com.ar\/sitio\/la-investigacion-academica-en-arquitectura-y-urbanismo\/","title":{"rendered":"La Investigaci\u00f3n Acad\u00e9mica en Arquitectura y Urbanismo"},"content":{"rendered":"<p>El Panel se propone reflexionar y debatir sobre la investigaci\u00f3n acad\u00e9mica y cient\u00edfica que se desarrolla en las Facultades y Escuelas que integran la Asociaci\u00f3n de Escuelas y Facultades de Arquitectura P\u00fablicas de Am\u00e9rica del Sur -ARQUISUR- y organismos de promoci\u00f3n cient\u00edfica y t\u00e9cnica en los que participan sus profesores e investigadores, a partir de la presentaci\u00f3n de tres destacados panelistas, que tienen amplia experiencia como investigadores y en la gesti\u00f3n cient\u00edfica de grado y posgrado en Universidades y Organismos de Ciencia y Tecnolog\u00eda de Argentina y Brasil.<\/p>\n<p><strong><span style=\"color: #33cccc;\">Las principales preguntas que abordar\u00e1 el panel ser\u00e1n:<\/span><\/strong><\/p>\n<ul>\n<li><em>\u00bfQu\u00e9 particularidades encierran la investigaci\u00f3n en Arquitectura y Urbanismo? <\/em><\/li>\n<li><em>\u00bfCu\u00e1les son las principales \u00e1reas del conocimiento abordadas en Arquitectura y Urbanismo en las \u00faltimas d\u00e9cadas? <\/em><\/li>\n<li><em>\u00bfQu\u00e9 temas de investigaci\u00f3n se consideran prioritarios?\u00a0<\/em><\/li>\n<li><em>\u00bfCu\u00e1les son los principales obst\u00e1culos y desaf\u00edos de la investigaci\u00f3n cient\u00edfica en Arquitectura y Urbanismo en las Facultades y Escuelas que integran la ARQUISUR?<\/em><\/li>\n<\/ul>\n<p><span style=\"color: #33cccc;\"><strong>Organiza<\/strong><\/span><\/p>\n<p>Facultad de Arquitectura y Urbanismo de la Universidad Nacional del Nordeste (FAU\/UNNE) Argentina.<\/p>\n<ul>\n<li><strong><span style=\"color: #33cccc;\">Fecha y hora<\/span>\u00a0<\/strong>Lunes 26 de abril, 19:00 hs de Brasilia \/ Buenos Aires.<\/li>\n<\/ul>\n<p><span style=\"color: #33cccc;\"><strong>APERTURA<\/strong><\/span><\/p>\n<ul>\n<li><span style=\"color: #33cccc;\"><em><strong>Mauricio\u00a0Jos\u00e9 Laguardia Campomori.\u00a0<\/strong><\/em><\/span>Presidente de ARQUISUR y profesor de la Escuela de Arquitectura de la Universidad Federal de Minas Gerais (EAUFMG).<\/li>\n<li><em><strong><span style=\"color: #33cccc;\">Miguel \u00c1ngel Barreto.<\/span>\u00a0<\/strong><\/em>Decano y Profesor investigador de la Facultad de Arquitectura y Urbanismo de la Universidad Nacional del Nordeste (FAU\/UNNE) e Investigador del CONICET.<\/li>\n<\/ul>\n<p><span style=\"color: #33cccc;\"><strong>PANELISTAS<\/strong><\/span><\/p>\n<ul>\n<li><span style=\"color: #33cccc;\"><em><strong>Jo\u00e3o Farias Rovati.\u00a0<\/strong><\/em><\/span>Ex-coordinador del Programa de Pos-graduaci\u00f3n en Planeamiento Urbano y Regional de la Universidad Federal de Rio Grande do Sul (2007-2009) y profesor retirado de la Facultad de Arquitectura y Urbanismo de la UFRGS.<\/li>\n<li><em><strong><span style=\"color: #33cccc;\">Gustavo San Juan.<\/span>\u00a0<\/strong><\/em>Director del Instituto de Investigaciones y Pol\u00edticas del Ambiente Construido (CONICET-UNLP). Profesor de la Facultad de Arquitectura y Urbanismo de la Universidad Nacional de La Plata e Investigador del CONICET.<\/li>\n<li><em><strong><span style=\"color: #33cccc;\">Cecilia Marengo.<\/span>\u00a0<\/strong><\/em>Directora del Doctorado en Arquitectura de la Facultad de Arquitectura, Dise\u00f1o y Urbanismo de la Universidad Nacional de C\u00f3rdoba. Profesora de la FAUD\/UNC e Investigadora del CONICET.<\/li>\n<\/ul>\n<p><span style=\"color: #33cccc;\"><strong>COORDINACI\u00d3N<\/strong><\/span><\/p>\n<ul>\n<li><span style=\"color: #33cccc;\"><em><strong>Carlos Eduardo Burgos.\u00a0<\/strong><\/em><\/span>Vicedecano y Profesor investigador de la Facultad de Arquitectura y Urbanismo de la Universidad Nacional del Nordeste (FAU\/UNNE).<\/li>\n<li><span style=\"color: #33cccc;\"><em><strong>Venettia Romagnoli.\u00a0<\/strong><\/em><\/span>Secretaria de Investigaciones. Profesora de la Facultad de Arquitectura y Urbanismo de la Universidad Nacional del Nordeste (FAU\/UNNE) e Investigadora del CONICET.<\/li>\n<\/ul>\n<p><span style=\"color: #33cccc;\"><strong>INT\u00c9RPRETE<\/strong><\/span><\/p>\n<ul>\n<li><em><strong><span style=\"color: #33cccc;\">Evelyn Abildgaard.<\/span>\u00a0<\/strong><\/em>Docente de la Facultad de Arquitectura y Urbanismo de la Universidad Nacional del Nordeste (FAU\/UNNE) y Becaria doctoral del CONICET.<\/li>\n<\/ul>\n<p><span style=\"color: #33cccc;\"><strong>MODALIDAD<\/strong><\/span><\/p>\n<p>La Coordinaci\u00f3n presentar\u00e1 a los panelistas y el tema en 10 minutos, realizar\u00e1 una s\u00edntesis y moderar\u00e1 el debate final.<\/p>\n<p>Cada panelista tendr\u00e1 20 minutos de exposici\u00f3n.<\/p>\n<p>Al final habr\u00e1 30 minutos para el debate, preguntas y respuestas.<\/p>\n<p>El Panel ser\u00e1 realizado a trav\u00e9s de la plataforma Zoom y transmitido por el canal de YouTube y el v\u00eddeo del evento se alojar\u00e1 en el sitio de la FAU UNNE y de ARQUISUR para accesos futuros.<\/p>\n<p><span style=\"color: #33cccc;\"><strong>INSCRIPCI\u00d3N<\/strong><\/span><\/p>\n<p><a href=\"https:\/\/docs.google.com\/forms\/d\/e\/1FAIpQLSddA58gDkvz6UxtdyGxVYl4xHpslePjJHrG69vm7RvqKecRqA\/viewform\">https:\/\/docs.google.com\/forms\/d\/e\/1FAIpQLSddA58gDkvz6UxtdyGxVYl4xHpslePjJHrG69vm7RvqKecRqA\/viewform<\/a><\/p>\n","protected":false},"excerpt":{"rendered":"<p>El Panel se propone reflexionar y debatir sobre la investigaci\u00f3n acad\u00e9mica y cient\u00edfica que se desarrolla en las Facultades y<\/p>\n","protected":false},"author":3,"featured_media":36121,"comment_status":"closed","ping_status":"closed","sticky":false,"template":"","format":"standard","meta":{"_acf_changed":false,"_seopress_robots_primary_cat":"none","_seopress_titles_title":"","_seopress_titles_desc":"","_seopress_robots_index":"","colormag_page_container_layout":"default_layout","colormag_page_sidebar_layout":"default_layout","footnotes":""},"categories":[9],"tags":[],"class_list":["post-36119","post","type-post","status-publish","format-standard","has-post-thumbnail","hentry","category-cursos"],"acf":[],"_links":{"self":[{"href":"https:\/\/vocesparalelas.com.ar\/sitio\/wp-json\/wp\/v2\/posts\/36119","targetHints":{"allow":["GET"]}}],"collection":[{"href":"https:\/\/vocesparalelas.com.ar\/sitio\/wp-json\/wp\/v2\/posts"}],"about":[{"href":"https:\/\/vocesparalelas.com.ar\/sitio\/wp-json\/wp\/v2\/types\/post"}],"author":[{"embeddable":true,"href":"https:\/\/vocesparalelas.com.ar\/sitio\/wp-json\/wp\/v2\/users\/3"}],"replies":[{"embeddable":true,"href":"https:\/\/vocesparalelas.com.ar\/sitio\/wp-json\/wp\/v2\/comments?post=36119"}],"version-history":[{"count":2,"href":"https:\/\/vocesparalelas.com.ar\/sitio\/wp-json\/wp\/v2\/posts\/36119\/revisions"}],"predecessor-version":[{"id":36123,"href":"https:\/\/vocesparalelas.com.ar\/sitio\/wp-json\/wp\/v2\/posts\/36119\/revisions\/36123"}],"wp:featuredmedia":[{"embeddable":true,"href":"https:\/\/vocesparalelas.com.ar\/sitio\/wp-json\/wp\/v2\/media\/36121"}],"wp:attachment":[{"href":"https:\/\/vocesparalelas.com.ar\/sitio\/wp-json\/wp\/v2\/media?parent=36119"}],"wp:term":[{"taxonomy":"category","embeddable":true,"href":"https:\/\/vocesparalelas.com.ar\/sitio\/wp-json\/wp\/v2\/categories?post=36119"},{"taxonomy":"post_tag","embeddable":true,"href":"https:\/\/vocesparalelas.com.ar\/sitio\/wp-json\/wp\/v2\/tags?post=36119"}],"curies":[{"name":"wp","href":"https:\/\/api.w.org\/{rel}","templated":true}]}}