{"id":36113,"date":"2021-03-16T20:28:12","date_gmt":"2021-03-16T23:28:12","guid":{"rendered":"http:\/\/vocesparalelas.com.ar\/sitio\/?p=36113"},"modified":"2021-03-16T20:28:12","modified_gmt":"2021-03-16T23:28:12","slug":"avanza-en-san-juan-la-vacunacion-a-los-adultos-mayores-de-70-anos","status":"publish","type":"post","link":"https:\/\/vocesparalelas.com.ar\/sitio\/avanza-en-san-juan-la-vacunacion-a-los-adultos-mayores-de-70-anos\/","title":{"rendered":"Avanza en San Juan la vacunaci\u00f3n a los adultos mayores de 70 a\u00f1os"},"content":{"rendered":"<div class=\"itemFullText\">\n<p>El Ministerio de Salud P\u00fablica del Gobierno de San Juan, contin\u00faa con el Plan Provincial de Vacunaci\u00f3n y el Lunes, 15 de Marzo, comenz\u00f3 con un nuevo grupo de vacunaci\u00f3n incluyendo a los adultos mayores de 70 a\u00f1os.<\/p>\n<p>El cronograma establecido de los grupos estrat\u00e9gicos en los diferentes centros operativos de vacunaci\u00f3n distribuidos en los diferentes puntos de la provincia, se vacun\u00f3 a 1310 adultos mayores de 70 a\u00f1os.<\/p>\n<p>Este grupo comenz\u00f3 a solicitar el turno el viernes a las 10.00 hs a trav\u00e9s de SI San Juan y de manera ordenada han ido recibiendo por mensaje de texto el turno y el d\u00eda en el que deben ir a colocarse la vacuna.<\/p>\n<p>Los centros dispuestos para la vacunaci\u00f3n son coincidentes con los de los adultos mayores de 80 a\u00f1os.<\/p>\n<p>Al momento de vacunarse, la persona puede acercarse sola o con un acompa\u00f1ante, debe llevar su DNI y no debe presentar s\u00edntomas.<\/p>\n<p><strong><span style=\"color: #ff0000;\">Lugares previstos por departamento para la vacunaci\u00f3n<\/span><\/strong><\/p>\n<table>\n<tbody>\n<tr>\n<td><strong>Departamento<\/strong><\/td>\n<td><strong>Lugar de vacunaci\u00f3n<\/strong><\/td>\n<\/tr>\n<tr>\n<td>Albard\u00f3n<\/td>\n<td>CIC La Laja<\/td>\n<\/tr>\n<tr>\n<td>Angaco<\/td>\n<td>Uni\u00f3n Vecinal Villa El Salvador<\/td>\n<\/tr>\n<tr>\n<td>Calingasta<\/td>\n<td>Uni\u00f3n Vecinal Villa Calingasta \u2013Barreal: Polideportivo Barreal<\/td>\n<\/tr>\n<tr>\n<td>Capital<\/td>\n<td>Polideportivo Escuela San Mart\u00edn<\/td>\n<\/tr>\n<tr>\n<td>Caucete<\/td>\n<td>Sal\u00f3n San Isidro<\/td>\n<\/tr>\n<tr>\n<td>Chimbas<\/td>\n<td>Parque de Chimbas<\/td>\n<\/tr>\n<tr>\n<td>Iglesia<\/td>\n<td>Polideportivo Municipal de Rodeo<\/td>\n<\/tr>\n<tr>\n<td>J\u00e1chal<\/td>\n<td>Teatro del Bicentenario<\/td>\n<\/tr>\n<tr>\n<td>9 de Julio<\/td>\n<td>Centro de Jubilados<\/td>\n<\/tr>\n<tr>\n<td>Pocito<\/td>\n<td>Sal\u00f3n La Posta (Mendoza entre calles 10 y 11)<\/td>\n<\/tr>\n<tr>\n<td>Rawson<\/td>\n<td>Teatro K\u00fcmmel<\/td>\n<\/tr>\n<tr>\n<td>Rivadavia<\/td>\n<td>C\u00edrculo Andaluz<\/td>\n<\/tr>\n<tr>\n<td>San Mart\u00edn<\/td>\n<td>Estadio Marta Orellana<\/td>\n<\/tr>\n<tr>\n<td>Santa Luc\u00eda<\/td>\n<td>Uni\u00f3n Vecinal Santa Luc\u00eda Centro<\/td>\n<\/tr>\n<tr>\n<td>Sarmiento<\/td>\n<td>Centro Cultural<\/td>\n<\/tr>\n<tr>\n<td>Ullum<\/td>\n<td>CIC Ullum<\/td>\n<\/tr>\n<tr>\n<td>Valle F\u00e9rtil<\/td>\n<td>Sal\u00f3n Cultural<\/td>\n<\/tr>\n<tr>\n<td>25 de Mayo<\/td>\n<td>Polideportivo 25 de Mayo<\/td>\n<\/tr>\n<tr>\n<td>Zonda<\/td>\n<td>Sal\u00f3n de Eventos del Centro de Jubilados<\/td>\n<\/tr>\n<\/tbody>\n<\/table>\n<p>&nbsp;<\/p>\n<\/div>\n<div class=\"clr\"><\/div>\n<div class=\"itemContentFooter\"><\/div>\n","protected":false},"excerpt":{"rendered":"<p>El Ministerio de Salud P\u00fablica del Gobierno de San Juan, contin\u00faa con el Plan Provincial de Vacunaci\u00f3n y el Lunes,<\/p>\n","protected":false},"author":3,"featured_media":36115,"comment_status":"closed","ping_status":"closed","sticky":false,"template":"","format":"standard","meta":{"_acf_changed":false,"_seopress_robots_primary_cat":"none","_seopress_titles_title":"","_seopress_titles_desc":"","_seopress_robots_index":"","colormag_page_container_layout":"default_layout","colormag_page_sidebar_layout":"default_layout","footnotes":""},"categories":[1],"tags":[],"class_list":["post-36113","post","type-post","status-publish","format-standard","has-post-thumbnail","hentry","category-destacadas"],"acf":[],"_links":{"self":[{"href":"https:\/\/vocesparalelas.com.ar\/sitio\/wp-json\/wp\/v2\/posts\/36113","targetHints":{"allow":["GET"]}}],"collection":[{"href":"https:\/\/vocesparalelas.com.ar\/sitio\/wp-json\/wp\/v2\/posts"}],"about":[{"href":"https:\/\/vocesparalelas.com.ar\/sitio\/wp-json\/wp\/v2\/types\/post"}],"author":[{"embeddable":true,"href":"https:\/\/vocesparalelas.com.ar\/sitio\/wp-json\/wp\/v2\/users\/3"}],"replies":[{"embeddable":true,"href":"https:\/\/vocesparalelas.com.ar\/sitio\/wp-json\/wp\/v2\/comments?post=36113"}],"version-history":[{"count":1,"href":"https:\/\/vocesparalelas.com.ar\/sitio\/wp-json\/wp\/v2\/posts\/36113\/revisions"}],"predecessor-version":[{"id":36116,"href":"https:\/\/vocesparalelas.com.ar\/sitio\/wp-json\/wp\/v2\/posts\/36113\/revisions\/36116"}],"wp:featuredmedia":[{"embeddable":true,"href":"https:\/\/vocesparalelas.com.ar\/sitio\/wp-json\/wp\/v2\/media\/36115"}],"wp:attachment":[{"href":"https:\/\/vocesparalelas.com.ar\/sitio\/wp-json\/wp\/v2\/media?parent=36113"}],"wp:term":[{"taxonomy":"category","embeddable":true,"href":"https:\/\/vocesparalelas.com.ar\/sitio\/wp-json\/wp\/v2\/categories?post=36113"},{"taxonomy":"post_tag","embeddable":true,"href":"https:\/\/vocesparalelas.com.ar\/sitio\/wp-json\/wp\/v2\/tags?post=36113"}],"curies":[{"name":"wp","href":"https:\/\/api.w.org\/{rel}","templated":true}]}}