{"id":36102,"date":"2021-03-16T00:09:26","date_gmt":"2021-03-16T03:09:26","guid":{"rendered":"http:\/\/vocesparalelas.com.ar\/sitio\/?p=36102"},"modified":"2021-03-20T22:45:51","modified_gmt":"2021-03-21T01:45:51","slug":"los-seleccionados-para-realizar-la-diplomatura-en-practicas-culturales","status":"publish","type":"post","link":"https:\/\/vocesparalelas.com.ar\/sitio\/los-seleccionados-para-realizar-la-diplomatura-en-practicas-culturales\/","title":{"rendered":"Los seleccionados para realizar la Diplomatura en Pr\u00e1cticas Culturales"},"content":{"rendered":"<div class=\"itemFullText\">\n<p class=\"p1\"><span class=\"s1\">El Ministerio de Turismo y Cultura, la Secretaria de Estado de Ciencia, Tecnolog\u00eda e Innovaci\u00f3n, en cooperaci\u00f3n con el Ministerio de Cultura de la Naci\u00f3n y la Universidad Nacional de San Juan, dieron a conocer a los seleccionados para cursar la Diplomatura de Extensi\u00f3n en Pr\u00e1cticas Culturales, Territorio y Desarrollo para la Regi\u00f3n de Cuyo.<\/span><\/p>\n<p class=\"p1\"><span class=\"s1\">La selecci\u00f3n de los participantes se realiz\u00f3 entre entre mil quince preinscriptos de San Juan, San Luis y Mendoza.<\/span><\/p>\n<p class=\"p1\"><strong><span class=\"s1\" style=\"color: #ff6600;\">Los criterios de evaluaci\u00f3n fueron:<\/span><\/strong><\/p>\n<p class=\"p1\"><span class=\"s1\">1. Que el\/la postulante y su proyecto forme parte de colectivos art\u00edsticos, organizaciones sociales o tenga una clara orientaci\u00f3n social, colectiva y comunitaria.<\/span><\/p>\n<p class=\"p1\"><span class=\"s1\">2. Sin ser excluyente, se prioriz\u00f3 a los postulantes con menor experiencia en actividades de formaci\u00f3n vinculadas a cultura.<\/span><\/p>\n<p class=\"p1\"><span class=\"s1\">3. Se valor\u00f3 que la carta de motivaci\u00f3n reflejara un claro inter\u00e9s en la transferencia de conocimientos al trabajo en las comunidades de cada pr\u00e1ctica.<\/span><\/p>\n<p class=\"p1\"><span style=\"color: #ff6600;\"><strong><span class=\"s1\">El comit\u00e9 evaluador estuvo conformado por:<\/span><\/strong><\/span><\/p>\n<ul>\n<li class=\"p1\"><span class=\"s1\">Ana Celina Puebla (UNSJ)<\/span><\/li>\n<li class=\"p1\"><span class=\"s1\">Daniel Gimeno (UNSJ)<\/span><\/li>\n<li class=\"p1\"><span class=\"s1\">Jorge Baletti (SECITI)<\/span><\/li>\n<li class=\"p1\"><span class=\"s1\">Pablo Mart\u00edn Pulido (Secretar\u00eda de Cultura San Juan)<\/span><\/li>\n<li class=\"p1\"><span class=\"s1\">Juan Aranovich (Direcci\u00f3n Nacional de Formaci\u00f3n Cultural)<\/span><\/li>\n<li class=\"p1\"><span class=\"s1\">Johanna Sporn ( Direcci\u00f3n Nacional de Formaci\u00f3n Cultural)<\/span><\/li>\n<\/ul>\n<p class=\"p1\"><strong><span class=\"s1\" style=\"color: #ff6600;\">Por consultas escribir a <\/span><\/strong><\/p>\n<p class=\"p1\"><span class=\"s1\"><span id=\"cloakd6dc1b48ebcfb1dd4bb4b2c711bce946\"><a href=\"mailto:diplomaturacuyo@gmail.com\">diplomaturacuyo@gmail.com<\/a><\/span><\/span><\/p>\n<p class=\"p1\"><strong><span class=\"s1\" style=\"color: #ff6600;\">Para conocer a los Seleccionados ingresa <\/span><\/strong><\/p>\n<p class=\"p1\"><span class=\"s1\"><a href=\"http:\/\/bit.ly\/SELECCIONDIPLOMATURA\">http:\/\/bit.ly\/SELECCIONDIPLOMATURA<\/a><\/span><\/p>\n<\/div>\n<div class=\"clr\"><\/div>\n<div class=\"itemContentFooter\"><\/div>\n","protected":false},"excerpt":{"rendered":"<p>El Ministerio de Turismo y Cultura, la Secretaria de Estado de Ciencia, Tecnolog\u00eda e Innovaci\u00f3n, en cooperaci\u00f3n con el Ministerio<\/p>\n","protected":false},"author":3,"featured_media":36104,"comment_status":"closed","ping_status":"closed","sticky":false,"template":"","format":"standard","meta":{"_acf_changed":false,"_seopress_robots_primary_cat":"none","_seopress_titles_title":"","_seopress_titles_desc":"","_seopress_robots_index":"","colormag_page_container_layout":"default_layout","colormag_page_sidebar_layout":"default_layout","footnotes":""},"categories":[9],"tags":[],"class_list":["post-36102","post","type-post","status-publish","format-standard","has-post-thumbnail","hentry","category-cursos"],"acf":[],"_links":{"self":[{"href":"https:\/\/vocesparalelas.com.ar\/sitio\/wp-json\/wp\/v2\/posts\/36102","targetHints":{"allow":["GET"]}}],"collection":[{"href":"https:\/\/vocesparalelas.com.ar\/sitio\/wp-json\/wp\/v2\/posts"}],"about":[{"href":"https:\/\/vocesparalelas.com.ar\/sitio\/wp-json\/wp\/v2\/types\/post"}],"author":[{"embeddable":true,"href":"https:\/\/vocesparalelas.com.ar\/sitio\/wp-json\/wp\/v2\/users\/3"}],"replies":[{"embeddable":true,"href":"https:\/\/vocesparalelas.com.ar\/sitio\/wp-json\/wp\/v2\/comments?post=36102"}],"version-history":[{"count":2,"href":"https:\/\/vocesparalelas.com.ar\/sitio\/wp-json\/wp\/v2\/posts\/36102\/revisions"}],"predecessor-version":[{"id":36106,"href":"https:\/\/vocesparalelas.com.ar\/sitio\/wp-json\/wp\/v2\/posts\/36102\/revisions\/36106"}],"wp:featuredmedia":[{"embeddable":true,"href":"https:\/\/vocesparalelas.com.ar\/sitio\/wp-json\/wp\/v2\/media\/36104"}],"wp:attachment":[{"href":"https:\/\/vocesparalelas.com.ar\/sitio\/wp-json\/wp\/v2\/media?parent=36102"}],"wp:term":[{"taxonomy":"category","embeddable":true,"href":"https:\/\/vocesparalelas.com.ar\/sitio\/wp-json\/wp\/v2\/categories?post=36102"},{"taxonomy":"post_tag","embeddable":true,"href":"https:\/\/vocesparalelas.com.ar\/sitio\/wp-json\/wp\/v2\/tags?post=36102"}],"curies":[{"name":"wp","href":"https:\/\/api.w.org\/{rel}","templated":true}]}}