{"id":36095,"date":"2021-03-15T22:10:48","date_gmt":"2021-03-16T01:10:48","guid":{"rendered":"http:\/\/vocesparalelas.com.ar\/sitio\/?p=36095"},"modified":"2021-03-18T00:33:20","modified_gmt":"2021-03-18T03:33:20","slug":"el-ingeniero-tadeo-alberto-berenguer-el-hombre-del-momento-politico-universitario-provincial-entre-audacia-y-experiencia","status":"publish","type":"post","link":"https:\/\/vocesparalelas.com.ar\/sitio\/el-ingeniero-tadeo-alberto-berenguer-el-hombre-del-momento-politico-universitario-provincial-entre-audacia-y-experiencia\/","title":{"rendered":"El Ingeniero Tadeo Alberto Berenguer, el hombre del momento pol\u00edtico Universitario Provincial, entre audacia y experiencia"},"content":{"rendered":"<p>Un innovador l\u00edder pol\u00edtico se asoma en el panorama Universitario eleccionario en la UNSJ.<\/p>\n<p>Prof. Lic. Fernando A. Ocampo Bravo<\/p>\n<p>El Consejo Superior de la UNSJ recientemente, accedi\u00f3 para destrabar el calendario electoral que no se pudo concretar el a\u00f1o pasado, por la contingencia sanitaria mundial. Se estima que la Junta Electoral va a usar el calendario anterior, es decir que las elecciones ser\u00edan en junio de 2021.<\/p>\n<p>Con esta decisi\u00f3n, se atiende al pedido de varios de los candidatos a Rector que en los \u00faltimos meses reclamaban por la realizaci\u00f3n del comicio que determinar\u00e1 qui\u00e9nes conducir\u00e1n el Rectorado y las facultades. La vicerrectora M\u00f3nica Coca era candidata y su inesperado fallecimiento en medio de la campa\u00f1a, gener\u00f3 la postulaci\u00f3n de su segundo, Berenguer, \u00e9ste mismo; cuando uno lo conoce, ve a un hombre muy innovador-audaz y con mucha experiencia en lo acad\u00e9mico en la Universidad y tacto con el estudiante a pie, esto sin duda, es lo que necesita una Universidad del Siglo XXI.<\/p>\n<p>Cuando uno entra al despacho del candidato a la Rector\u00eda de la Universidad Nacional de San Juan (UNSJ), Tadeo Berenguer, actual Decano de la Facultad de Ingenier\u00eda de esta prestigiosa, alta Casa de Estudios Superior, se da cuenta de dos cuadros que tiene en su oficina en el Decanato, el cuadro del General Jos\u00e9 de San Mart\u00edn y el cuadro del Presidente Domingo Faustino Sarmiento, eso de nota dos cosas muy importantes para un Sanjuanino: \u201cAstucia e Inteligencia\u201d.<\/p>\n<p>El General San Mart\u00edn fue sin duda para la Argentina y los Cuyanos un gran Estratega y el Profesor, Gobernador y Presidente de la Rep\u00fablica, Domingo Faustino Sarmiento fue un gran pensador y generador de concesos, ideas fuertes e innovadoras en el pa\u00eds. Esas cualidades denotadas de estos Pr\u00f3ceres, son sin dudas las que resalta, cuando uno conoce en s\u00ed, al Ingeniero Berenguer.<\/p>\n<p>De familia de estirpe espa\u00f1ola, llegaron de Venancio y comienza en San Juan, en 1910, con la llegada de sus padres Tadeo Berenguer Silvera y su esposa Rosa T\u00e1rrega M\u00e1s. Ambos oriundos del pueblo de Jal\u00f3n, en la provincia de Alicante, Espa\u00f1a. Fueron cuatro hijos: Carmen, Juan Bautista, Tadeo y Mar\u00eda Berenguer. Siendo Tadeo el tercero de esta familia de cuna Valenciana-Espa\u00f1ola.<\/p>\n<p>Tadeo Alberto Berenguer Pineda, naci\u00f3 el 26 de mayo de 1952, es t\u00e9cnico qu\u00edmico e ingeniero en Minas recibido en la UNSJ, Docente Universitario y actualmente ejerce como Decano de la Facultad de Ingenier\u00eda por segunda vez elegido. Est\u00e1 casado desde 1972 con Juanita Lucero, profesora de nivel inicial, oriunda del departamento de Albard\u00f3n. Son padres de cuatro hijos; Pablo Alberto, Mar\u00eda Carolina, Sebasti\u00e1n y Mar\u00eda Soledad.<\/p>\n<p>La fallecida candidata a la rector\u00eda y Vice Rectora la Esp. M\u00f3nica Coca, afirm\u00f3 que \u201cha cambiado el estilo de gestionar la universidad. En otros momentos existi\u00f3 un modelo de gesti\u00f3n. Hoy eso ha cambiado y nosotros proponemos un nuevo estilo, que responda a los actuales lineamientos de la UNSJ.\u201d dijo tambi\u00e9n; \u201cjunto el Ing. Tadeo Berenguer, nuestra propuesta de universidad est\u00e1 concebida como un proyecto colectivo. No podemos hacerlo dos personas. Nos excede. Es un trabajo conjunto\u201d.<\/p>\n<p>El Ing. Berenguer coment\u00f3 que \u00abel legado de M\u00f3nica nos conduce a la obligaci\u00f3n de llevar sus banderas hacia adelante. La vara que dej\u00f3 es alt\u00edsima. Es una tremenda responsabilidad asumir esta postulaci\u00f3n\u00bb.<br \/>\nLa muerte anticipada de la Esp. M\u00f3nica Coca, fue algo que dejo en el primer lugar para la Rector\u00eda al ahora candidato a la casa de mitre y Jujuy, al Ing. Tadeo Berenguer. Entre todos los candidatos es el que m\u00e1s resalta y tiene el apoyo de la gran mayor\u00eda de los ex alumnos, profesores, administrativos, no docentes y alumnos en general. Tambi\u00e9n un buen consenso en la parte p\u00fablica y privada de la Provincia y Naci\u00f3n.<\/p>\n<p>Para entender al candidato Berenguer, hay que leer sus pensamientos y dichos que \u00aben estos momentos queremos transmitirles a todos ustedes, como lo hicimos durante el mismo momento de la desaparici\u00f3n de M\u00f3nica, el firme compromiso del espacio Vamos San Juan. El \u00edmpetu que ten\u00edamos cuando la ten\u00edamos a M\u00f3nica ha sido superado por un tremendo compromiso que ahora nos lleva a sostener el legado de M\u00f3nica y la obligaci\u00f3n de llevar sus banderas hacia adelante, en homenaje a ella y a nuestra Universidad Nacional de San Juan, que requer\u00eda y sigue requiriendo los cambios que este espacio propone\u201d, manifest\u00f3 el Decano de Ingenier\u00eda.<\/p>\n<p>En cuanto a los ejes de plataforma, hubo algunas definiciones que \u00ablos docentes y no docentes son elemento fundamental para cambiar desde adentro nuestra cultura institucional a trav\u00e9s de su capacitaci\u00f3n y la especializaci\u00f3n en el marco de las exigencias cotidianas de sus funciones\u201d. Otra iniciativa mencionada fue \u201cpotenciar el trabajo de nuestros j\u00f3venes egresados, vincul\u00e1ndolos con el campo laboral y a trav\u00e9s de la incubaci\u00f3n de empresas\u201d. Tambi\u00e9n, \u201carticular en el \u00e1mbito de la educaci\u00f3n superior la igualdad de g\u00e9nero; en todas las actividades en la Universidad es necesario transversalizar la igualdad de g\u00e9nero\u201d.<\/p>\n<p>Por \u00faltimo, destacar que est\u00e1 en b\u00fasqueda de su segunda, el mismo lo recalca del \u201csexo femenino\u201d, la que ocupar\u00eda el sill\u00f3n dejado por la Esp. M\u00f3nica Coca. Esta igualdad de g\u00e9nero es el\u00a0legado que la Esp. M\u00f3nica Coca dej\u00f3 y que Tadeo Berenguer dejar\u00e1, si sale electo, desde Junio del a\u00f1o en curso, con su nueva compa\u00f1era de f\u00f3rmula a presentar en esto d\u00edas.<\/p>\n<p>&nbsp;<\/p>\n<p>&nbsp;<\/p>\n<p>&nbsp;<\/p>\n<p>&nbsp;<\/p>\n","protected":false},"excerpt":{"rendered":"<p>Un innovador l\u00edder pol\u00edtico se asoma en el panorama Universitario eleccionario en la UNSJ. Prof. Lic. Fernando A. Ocampo Bravo<\/p>\n","protected":false},"author":3,"featured_media":33842,"comment_status":"closed","ping_status":"closed","sticky":false,"template":"","format":"standard","meta":{"_acf_changed":false,"_seopress_robots_primary_cat":"none","_seopress_titles_title":"","_seopress_titles_desc":"","_seopress_robots_index":"","colormag_page_container_layout":"default_layout","colormag_page_sidebar_layout":"default_layout","footnotes":""},"categories":[10],"tags":[],"class_list":["post-36095","post","type-post","status-publish","format-standard","has-post-thumbnail","hentry","category-opiniones"],"acf":[],"_links":{"self":[{"href":"https:\/\/vocesparalelas.com.ar\/sitio\/wp-json\/wp\/v2\/posts\/36095","targetHints":{"allow":["GET"]}}],"collection":[{"href":"https:\/\/vocesparalelas.com.ar\/sitio\/wp-json\/wp\/v2\/posts"}],"about":[{"href":"https:\/\/vocesparalelas.com.ar\/sitio\/wp-json\/wp\/v2\/types\/post"}],"author":[{"embeddable":true,"href":"https:\/\/vocesparalelas.com.ar\/sitio\/wp-json\/wp\/v2\/users\/3"}],"replies":[{"embeddable":true,"href":"https:\/\/vocesparalelas.com.ar\/sitio\/wp-json\/wp\/v2\/comments?post=36095"}],"version-history":[{"count":1,"href":"https:\/\/vocesparalelas.com.ar\/sitio\/wp-json\/wp\/v2\/posts\/36095\/revisions"}],"predecessor-version":[{"id":36097,"href":"https:\/\/vocesparalelas.com.ar\/sitio\/wp-json\/wp\/v2\/posts\/36095\/revisions\/36097"}],"wp:featuredmedia":[{"embeddable":true,"href":"https:\/\/vocesparalelas.com.ar\/sitio\/wp-json\/wp\/v2\/media\/33842"}],"wp:attachment":[{"href":"https:\/\/vocesparalelas.com.ar\/sitio\/wp-json\/wp\/v2\/media?parent=36095"}],"wp:term":[{"taxonomy":"category","embeddable":true,"href":"https:\/\/vocesparalelas.com.ar\/sitio\/wp-json\/wp\/v2\/categories?post=36095"},{"taxonomy":"post_tag","embeddable":true,"href":"https:\/\/vocesparalelas.com.ar\/sitio\/wp-json\/wp\/v2\/tags?post=36095"}],"curies":[{"name":"wp","href":"https:\/\/api.w.org\/{rel}","templated":true}]}}