{"id":36089,"date":"2021-03-15T21:48:07","date_gmt":"2021-03-16T00:48:07","guid":{"rendered":"http:\/\/vocesparalelas.com.ar\/sitio\/?p=36089"},"modified":"2021-03-15T21:48:07","modified_gmt":"2021-03-16T00:48:07","slug":"29-anos-de-la-radio-universidad","status":"publish","type":"post","link":"https:\/\/vocesparalelas.com.ar\/sitio\/29-anos-de-la-radio-universidad\/","title":{"rendered":"29 a\u00f1os de la Radio Universidad"},"content":{"rendered":"<p>El 15 de Marzo, Radio Universidad 93.1 cumple 29 a\u00f1os en el dial. A esta altura, la FM universitaria hace tiempo que ha dejado de ser s\u00f3lo eso, una emisora de car\u00e1cter universitario. Sus ondas se expandieron y, aunque sin abandonar jam\u00e1s la realidad de la UNSJ de cada d\u00eda, hoy es una radio abocada a abordar el acontecer provincial y nacional. \u201cEn la radio se pudieron mejorar muchos procesos de transmisi\u00f3n y creci\u00f3 digitalmente. Y se erigi\u00f3 como medio para interactuar con la sociedad. Esto hace que generemos debates y se logra no s\u00f3lo escuchar la voz desde adentro de la Universidad, sino que se permite escuchar la voz a sectores y grupos vulnerables. Nuestro norte es escuchar a aquellos que no tienen voz, o darle voz a mucha gente que no la tiene en otros medios. Por eso tenemos programas, por ejemplo, como el de los chicos de Integr\u00e1ndonos, o de otras personas con discapacidad\u201d, considera Carlos Barros, actual director de LRJ 406 Radio Universidad, 93.1.<\/p>\n<p>El 15 de marzo de 1992 nac\u00eda Radio Universidad en el seno de la Facultad de Ciencias Sociales de la UNSJ. Tres a\u00f1os antes, el Poder Ejecutivo Nacional hab\u00eda emitido el Decreto 985\/89 que asignaba la frecuencia a Radio Universidad de la Universidad Nacional de San Juan. \u201c\u00c9ramos estudiantes en la carrera de Ciencias de la Comunicaci\u00f3n, ten\u00edamos una sala de audio y so\u00f1\u00e1bamos, alumnos y docentes, con tener una radio, era 1983. Hubo gestiones de mucha gente de la Universidad que hicieron que terminara en aquel famoso Decreto del a\u00f1o \u201989, que le otorg\u00f3 a la UNSJ una frecuencia modulada. Fue un largo camino hasta llegar a ese a\u00f1o \u201892\u201d, dice el Director. Es que desde su nacimiento en 1973, la UNSJ ya planteaba la necesidad de poseer medios de comunicaci\u00f3n propios, entre otros motivos por la existencia de la carrera de Ciencias de la Comunicaci\u00f3n. Pero precedentemente, cuando la carrera de Periodismo se dictaba en la Universidad Provincial \u201cDomingo Faustino Sarmiento\u201d, ya estaba en danza la idea de crear una emisora universitaria desde la c\u00e1tedra de Periodismo Radial y Televisivo, a cargo de Juan Rold\u00e1n Moreno. Luego, desde 1989, Elio Salcedo, desde su direcci\u00f3n del Departamento de Ciencias de la Comunicaci\u00f3n, inici\u00f3 tratativas que desembocaron en aquel decreto nacional.<\/p>\n<p>Carlos Barros subraya que Radio Universidad cubre lo cient\u00edfico, lo acad\u00e9mico, lo extensivo y lo art\u00edstico de la UNSJ, pero tambi\u00e9n cuenta \u201clo que hace bien y lo que hace mal la Universidad\u201d. \u201cLos cuatro estamentos que integran la UNSJ nos hacen llegar inquietudes, porque encuentran en la radio una manera r\u00e1pida de hacer escuchar su voz\u201d, define.<\/p>\n<p>Y el Director de la radio tiene expectativas de que vuelva a estar plenamente vigente la Ley de Servicios de Comunicaci\u00f3n Audiovisual y reclama que las radios universitarias suban de categor\u00eda para poder tener posibilidad de mejorar sus potencias de transmisi\u00f3n. \u201cCon la cantidad de radios que hay, eso es importante. En el a\u00f1o \u201992 fue una realidad, pero en 2021 es muy distinto todo. Debiera contemplarse m\u00e1s a las radios universitarias. La Ley de Servicios de Comunicaci\u00f3n Audiovisual qued\u00f3 medio trunca con el decreto del gobierno anterior, pero ahora parece que no se termina de decidir, desde Presidencia de la Naci\u00f3n, qu\u00e9 va a pasar con esa ley\u201d, concluye Carlos Barros.<\/p>\n","protected":false},"excerpt":{"rendered":"<p>El 15 de Marzo, Radio Universidad 93.1 cumple 29 a\u00f1os en el dial. A esta altura, la FM universitaria hace<\/p>\n","protected":false},"author":3,"featured_media":36091,"comment_status":"closed","ping_status":"closed","sticky":false,"template":"","format":"standard","meta":{"_acf_changed":false,"_seopress_robots_primary_cat":"none","_seopress_titles_title":"","_seopress_titles_desc":"","_seopress_robots_index":"","colormag_page_container_layout":"default_layout","colormag_page_sidebar_layout":"default_layout","footnotes":""},"categories":[1],"tags":[],"class_list":["post-36089","post","type-post","status-publish","format-standard","has-post-thumbnail","hentry","category-destacadas"],"acf":[],"_links":{"self":[{"href":"https:\/\/vocesparalelas.com.ar\/sitio\/wp-json\/wp\/v2\/posts\/36089","targetHints":{"allow":["GET"]}}],"collection":[{"href":"https:\/\/vocesparalelas.com.ar\/sitio\/wp-json\/wp\/v2\/posts"}],"about":[{"href":"https:\/\/vocesparalelas.com.ar\/sitio\/wp-json\/wp\/v2\/types\/post"}],"author":[{"embeddable":true,"href":"https:\/\/vocesparalelas.com.ar\/sitio\/wp-json\/wp\/v2\/users\/3"}],"replies":[{"embeddable":true,"href":"https:\/\/vocesparalelas.com.ar\/sitio\/wp-json\/wp\/v2\/comments?post=36089"}],"version-history":[{"count":1,"href":"https:\/\/vocesparalelas.com.ar\/sitio\/wp-json\/wp\/v2\/posts\/36089\/revisions"}],"predecessor-version":[{"id":36092,"href":"https:\/\/vocesparalelas.com.ar\/sitio\/wp-json\/wp\/v2\/posts\/36089\/revisions\/36092"}],"wp:featuredmedia":[{"embeddable":true,"href":"https:\/\/vocesparalelas.com.ar\/sitio\/wp-json\/wp\/v2\/media\/36091"}],"wp:attachment":[{"href":"https:\/\/vocesparalelas.com.ar\/sitio\/wp-json\/wp\/v2\/media?parent=36089"}],"wp:term":[{"taxonomy":"category","embeddable":true,"href":"https:\/\/vocesparalelas.com.ar\/sitio\/wp-json\/wp\/v2\/categories?post=36089"},{"taxonomy":"post_tag","embeddable":true,"href":"https:\/\/vocesparalelas.com.ar\/sitio\/wp-json\/wp\/v2\/tags?post=36089"}],"curies":[{"name":"wp","href":"https:\/\/api.w.org\/{rel}","templated":true}]}}