{"id":36081,"date":"2021-03-15T20:39:14","date_gmt":"2021-03-15T23:39:14","guid":{"rendered":"http:\/\/vocesparalelas.com.ar\/sitio\/?p=36081"},"modified":"2021-03-17T00:45:07","modified_gmt":"2021-03-17T03:45:07","slug":"la-linea-103-esta-disponible-las-24-horas-y-los-siete-dias-de-la-semana","status":"publish","type":"post","link":"https:\/\/vocesparalelas.com.ar\/sitio\/la-linea-103-esta-disponible-las-24-horas-y-los-siete-dias-de-la-semana\/","title":{"rendered":"La l\u00ednea 103 est\u00e1 disponible las 24 horas y los siete d\u00edas de la semana"},"content":{"rendered":"<p>La Direcci\u00f3n de Protecci\u00f3n Civil recuerda que el n\u00famero de emergencias <strong>103 <\/strong>se encuentra habilitado las 24 horas, los siete d\u00edas de la semana.<\/p>\n<p>Los ciudadanos pueden comunicarse en casos de emergencias relacionados a fen\u00f3menos meteorol\u00f3gicos y emergencias por situaciones como:<\/p>\n<ul>\n<li>Inundaciones<\/li>\n<li>Anegamientos por lluvias y aguas fluviales<\/li>\n<li>Derrumbe de viviendas \/ Voladura de techos<\/li>\n<li>\u00c1rboles en peligro de ca\u00edda o ca\u00eddos.<\/li>\n<li>Incendios<\/li>\n<li>Postes ca\u00eddos (total o parcialmente)<\/li>\n<\/ul>\n","protected":false},"excerpt":{"rendered":"<p>La Direcci\u00f3n de Protecci\u00f3n Civil recuerda que el n\u00famero de emergencias 103 se encuentra habilitado las 24 horas, los siete<\/p>\n","protected":false},"author":3,"featured_media":1245,"comment_status":"closed","ping_status":"closed","sticky":false,"template":"","format":"standard","meta":{"_acf_changed":false,"_seopress_robots_primary_cat":"none","_seopress_titles_title":"","_seopress_titles_desc":"","_seopress_robots_index":"","colormag_page_container_layout":"default_layout","colormag_page_sidebar_layout":"default_layout","footnotes":""},"categories":[6],"tags":[],"class_list":["post-36081","post","type-post","status-publish","format-standard","has-post-thumbnail","hentry","category-eventos"],"acf":[],"_links":{"self":[{"href":"https:\/\/vocesparalelas.com.ar\/sitio\/wp-json\/wp\/v2\/posts\/36081","targetHints":{"allow":["GET"]}}],"collection":[{"href":"https:\/\/vocesparalelas.com.ar\/sitio\/wp-json\/wp\/v2\/posts"}],"about":[{"href":"https:\/\/vocesparalelas.com.ar\/sitio\/wp-json\/wp\/v2\/types\/post"}],"author":[{"embeddable":true,"href":"https:\/\/vocesparalelas.com.ar\/sitio\/wp-json\/wp\/v2\/users\/3"}],"replies":[{"embeddable":true,"href":"https:\/\/vocesparalelas.com.ar\/sitio\/wp-json\/wp\/v2\/comments?post=36081"}],"version-history":[{"count":1,"href":"https:\/\/vocesparalelas.com.ar\/sitio\/wp-json\/wp\/v2\/posts\/36081\/revisions"}],"predecessor-version":[{"id":36083,"href":"https:\/\/vocesparalelas.com.ar\/sitio\/wp-json\/wp\/v2\/posts\/36081\/revisions\/36083"}],"wp:featuredmedia":[{"embeddable":true,"href":"https:\/\/vocesparalelas.com.ar\/sitio\/wp-json\/wp\/v2\/media\/1245"}],"wp:attachment":[{"href":"https:\/\/vocesparalelas.com.ar\/sitio\/wp-json\/wp\/v2\/media?parent=36081"}],"wp:term":[{"taxonomy":"category","embeddable":true,"href":"https:\/\/vocesparalelas.com.ar\/sitio\/wp-json\/wp\/v2\/categories?post=36081"},{"taxonomy":"post_tag","embeddable":true,"href":"https:\/\/vocesparalelas.com.ar\/sitio\/wp-json\/wp\/v2\/tags?post=36081"}],"curies":[{"name":"wp","href":"https:\/\/api.w.org\/{rel}","templated":true}]}}