{"id":36075,"date":"2021-03-15T20:31:50","date_gmt":"2021-03-15T23:31:50","guid":{"rendered":"http:\/\/vocesparalelas.com.ar\/sitio\/?p=36075"},"modified":"2021-03-17T01:28:44","modified_gmt":"2021-03-17T04:28:44","slug":"concursos-murales-memes-artisticos-y-bandas-y-o-solistas-hasta-el-17-de-marzo","status":"publish","type":"post","link":"https:\/\/vocesparalelas.com.ar\/sitio\/concursos-murales-memes-artisticos-y-bandas-y-o-solistas-hasta-el-17-de-marzo\/","title":{"rendered":"Concursos \u00abMurales\u00bb, \u00abMemes Art\u00edsticos\u00bb y \u201cBandas y\/o Solistas\u00bb hasta el 17 de Marzo"},"content":{"rendered":"<p>En el marco del mes de la Mujer, el Ministerio de Desarrollo Humano y Promoci\u00f3n Social a trav\u00e9s de la Direcci\u00f3n de la Mujer, bajo el lema \u00abMujeres Lideres de San Juan\u00bb, extiende el plazo de los tres concursos que pretende apoyar y potenciar nuevos talentos.<\/p>\n<p>El objetivo es contribuir a la difusi\u00f3n de la cultura a trav\u00e9s del arte, como tambi\u00e9n incentivar la participaci\u00f3n y profesionalizaci\u00f3n femenina en distintos rubros.<\/p>\n<p>La participaci\u00f3n en el concurso implica la aceptaci\u00f3n de estas bases y otorga el derecho de los organizadores a editar, publicar, distribuir y reproducir en cualquier medio, la totalidad o parte de las obras participantes.<\/p>\n<p>El foco este puesto en fortalecer las capacidades, visi\u00f3n y protagonismo de las mujeres como herramienta para una nueva construcci\u00f3n social y cultural, logrando entender y contextualizar, la posici\u00f3n de desigualdad de las mujeres.<\/p>\n<p><span style=\"color: #339966;\"><strong>Los criterios de evaluaci\u00f3n son los siguientes:<\/strong><\/span><\/p>\n<ul>\n<li>Cumplimiento de las condiciones establecidas en las Bases y Condiciones<\/li>\n<li>Vinculaci\u00f3n con las tem\u00e1ticas propuestas.<\/li>\n<\/ul>\n<p><span style=\"color: #339966;\"><strong>Bases y condiciones<\/strong><\/span><\/p>\n<p>Las propuestas deber\u00e1n ser enviadas v\u00eda email <span id=\"cloak79d39e1cf3fb37d9d26acede7afc66c7\"><a href=\"mailto:sanjuanmujer@gmail.com\">sanjuanmujer@gmail.com<\/a><\/span>.<\/p>\n<p>Adjuntando:<\/p>\n<ul>\n<li>Nombre y apellido<\/li>\n<li>DNI de una representante<\/li>\n<li>Correo Electr\u00f3nico<\/li>\n<li>Tel\u00e9fono celular<\/li>\n<li>Domicilio<\/li>\n<\/ul>\n<p>Otra manera de enviar el material, ser\u00e1 por mensaje privado a las redes sociales de la Direcci\u00f3n de la Mujer (Facebook o Instagram)<\/p>\n<p><span style=\"color: #339966;\"><strong>Concursos<\/strong><\/span><\/p>\n<ul>\n<li>Murales<\/li>\n<li>Memes art\u00edsticos<\/li>\n<li>Bandas y\/o solistas<\/li>\n<\/ul>\n<blockquote class=\"wp-embedded-content\" data-secret=\"CBq44HPdlf\"><p><a href=\"https:\/\/vocesparalelas.com.ar\/sitio\/actividades-para-conmemorar-el-mes-de-la-mujer-en-san-juan\/\">Actividades para conmemorar el Mes de la Mujer en San Juan<\/a><\/p><\/blockquote>\n<p><iframe loading=\"lazy\" class=\"wp-embedded-content\" sandbox=\"allow-scripts\" security=\"restricted\" style=\"position: absolute; clip: rect(1px, 1px, 1px, 1px);\" title=\"\u00abActividades para conmemorar el Mes de la Mujer en San Juan\u00bb \u2014 Voces Paralelas\" src=\"https:\/\/vocesparalelas.com.ar\/sitio\/actividades-para-conmemorar-el-mes-de-la-mujer-en-san-juan\/embed\/#?secret=CBq44HPdlf\" data-secret=\"CBq44HPdlf\" width=\"600\" height=\"338\" frameborder=\"0\" marginwidth=\"0\" marginheight=\"0\" scrolling=\"no\"><\/iframe><\/p>\n","protected":false},"excerpt":{"rendered":"<p>En el marco del mes de la Mujer, el Ministerio de Desarrollo Humano y Promoci\u00f3n Social a trav\u00e9s de la<\/p>\n","protected":false},"author":3,"featured_media":36077,"comment_status":"closed","ping_status":"closed","sticky":false,"template":"","format":"standard","meta":{"_acf_changed":false,"_seopress_robots_primary_cat":"none","_seopress_titles_title":"","_seopress_titles_desc":"","_seopress_robots_index":"","colormag_page_container_layout":"default_layout","colormag_page_sidebar_layout":"default_layout","footnotes":""},"categories":[8],"tags":[],"class_list":["post-36075","post","type-post","status-publish","format-standard","has-post-thumbnail","hentry","category-concursos"],"acf":[],"_links":{"self":[{"href":"https:\/\/vocesparalelas.com.ar\/sitio\/wp-json\/wp\/v2\/posts\/36075","targetHints":{"allow":["GET"]}}],"collection":[{"href":"https:\/\/vocesparalelas.com.ar\/sitio\/wp-json\/wp\/v2\/posts"}],"about":[{"href":"https:\/\/vocesparalelas.com.ar\/sitio\/wp-json\/wp\/v2\/types\/post"}],"author":[{"embeddable":true,"href":"https:\/\/vocesparalelas.com.ar\/sitio\/wp-json\/wp\/v2\/users\/3"}],"replies":[{"embeddable":true,"href":"https:\/\/vocesparalelas.com.ar\/sitio\/wp-json\/wp\/v2\/comments?post=36075"}],"version-history":[{"count":2,"href":"https:\/\/vocesparalelas.com.ar\/sitio\/wp-json\/wp\/v2\/posts\/36075\/revisions"}],"predecessor-version":[{"id":36079,"href":"https:\/\/vocesparalelas.com.ar\/sitio\/wp-json\/wp\/v2\/posts\/36075\/revisions\/36079"}],"wp:featuredmedia":[{"embeddable":true,"href":"https:\/\/vocesparalelas.com.ar\/sitio\/wp-json\/wp\/v2\/media\/36077"}],"wp:attachment":[{"href":"https:\/\/vocesparalelas.com.ar\/sitio\/wp-json\/wp\/v2\/media?parent=36075"}],"wp:term":[{"taxonomy":"category","embeddable":true,"href":"https:\/\/vocesparalelas.com.ar\/sitio\/wp-json\/wp\/v2\/categories?post=36075"},{"taxonomy":"post_tag","embeddable":true,"href":"https:\/\/vocesparalelas.com.ar\/sitio\/wp-json\/wp\/v2\/tags?post=36075"}],"curies":[{"name":"wp","href":"https:\/\/api.w.org\/{rel}","templated":true}]}}