{"id":36057,"date":"2021-03-13T21:38:09","date_gmt":"2021-03-14T00:38:09","guid":{"rendered":"http:\/\/vocesparalelas.com.ar\/sitio\/?p=36057"},"modified":"2021-03-16T00:46:02","modified_gmt":"2021-03-16T03:46:02","slug":"acceder-a-la-2-dosis-de-la-vacunacion-con-el-servicio-del-autovac-en-san-juan","status":"publish","type":"post","link":"https:\/\/vocesparalelas.com.ar\/sitio\/acceder-a-la-2-dosis-de-la-vacunacion-con-el-servicio-del-autovac-en-san-juan\/","title":{"rendered":"Acceder a la 2\u00b0 dosis de la vacunaci\u00f3n con el servicio del AutoVac en San Juan"},"content":{"rendered":"<p>El Ministerio de Salud P\u00fablica del Gobierno de San Juan ofrece esta opci\u00f3n para dinamizar la vacunaci\u00f3n de los grupos que ya recibieron la primera dosis.<\/p>\n<p>Un gran n\u00famero de sanjuaninos ya recibi\u00f3 la primera dosis de la vacuna contra el COVID-19 y espera por la segunda.<\/p>\n<p>Para agilizar el operativo, las autoridades ponen a disposici\u00f3n de estas personas, de manera opcional, la modalidad AutoVac en el Estadio San Juan del Bicentenario, ubicado en Pocito.<\/p>\n<p>Para obtener el turno deben ingresar la p\u00e1gina de turnos de vacunaci\u00f3n haciendo clic en <a href=\"http:\/\/www.sisanjuan.gob.ar\/vacunacionsanjuan\">http:\/\/www.sisanjuan.gob.ar\/vacunacionsanjuan <\/a>\u00a0a partir del S\u00e1bado, 13 de Marzo a las 10:00 hs.<\/p>\n<p><img loading=\"lazy\" decoding=\"async\" class=\"alignnone wp-image-36061 size-full\" src=\"https:\/\/vocesparalelas.com.ar\/sitio\/wp-content\/uploads\/2021\/03\/VACUNACION-AUTO-03.jpg\" alt=\"\" width=\"800\" height=\"425\" srcset=\"https:\/\/vocesparalelas.com.ar\/sitio\/wp-content\/uploads\/2021\/03\/VACUNACION-AUTO-03.jpg 800w, https:\/\/vocesparalelas.com.ar\/sitio\/wp-content\/uploads\/2021\/03\/VACUNACION-AUTO-03-300x159.jpg 300w, https:\/\/vocesparalelas.com.ar\/sitio\/wp-content\/uploads\/2021\/03\/VACUNACION-AUTO-03-768x408.jpg 768w\" sizes=\"auto, (max-width: 800px) 100vw, 800px\" \/><\/p>\n<p>All\u00ed, las personas escoger\u00e1n la opci\u00f3n \u201csegunda dosis\u201d y la modalidad \u201cAutoVac\u201d, pudiendo tambi\u00e9n elegir el d\u00eda en que quieren asistir. Con la confirmaci\u00f3n del turno les llegar\u00e1 el horario en el que deben presentarse y la elecci\u00f3n donde se quieran vacunar.<\/p>\n<p>De esta manera, sin descender del veh\u00edculo, las personas podr\u00e1n acercarse con el turno asignado al Estadio solos o acompa\u00f1ados por quien maneje el autom\u00f3vil.<\/p>\n<p><img loading=\"lazy\" decoding=\"async\" class=\"alignnone wp-image-36060 size-full\" src=\"https:\/\/vocesparalelas.com.ar\/sitio\/wp-content\/uploads\/2021\/03\/VACUNACION-AUTO-02.jpg\" alt=\"\" width=\"800\" height=\"420\" srcset=\"https:\/\/vocesparalelas.com.ar\/sitio\/wp-content\/uploads\/2021\/03\/VACUNACION-AUTO-02.jpg 800w, https:\/\/vocesparalelas.com.ar\/sitio\/wp-content\/uploads\/2021\/03\/VACUNACION-AUTO-02-300x158.jpg 300w, https:\/\/vocesparalelas.com.ar\/sitio\/wp-content\/uploads\/2021\/03\/VACUNACION-AUTO-02-768x403.jpg 768w, https:\/\/vocesparalelas.com.ar\/sitio\/wp-content\/uploads\/2021\/03\/VACUNACION-AUTO-02-390x205.jpg 390w\" sizes=\"auto, (max-width: 800px) 100vw, 800px\" \/><\/p>\n<p>Esta nueva modalidad de vacunaci\u00f3n comenzar\u00e1 operativamente el lunes 15 de marzo y continuar\u00e1 de lunes a viernes de 8 a 13 horas, finalizando la fila a las 12:30.<\/p>\n<p>Cabe recordar que son requisitos obligatorios asistir con DNI y presentar el carnet de vacunaci\u00f3n con la fecha de la segunda dosis.<\/p>\n<p>Es importante tener en cuenta el tiempo que debe transcurrir para la colocaci\u00f3n de la segunda dosis, seg\u00fan la vacuna administrada:<\/p>\n<ul>\n<li><strong>Sputnik<\/strong>: segunda dosis a partir de los 21 d\u00edas de colocada la primera.<\/li>\n<li><strong>Covishield<\/strong>: segunda dosis entre 28 y 84 d\u00edas luego de colocada la primera.<\/li>\n<li><strong>Sinopharm<\/strong>: segunda dosis a partir de los 28 d\u00edas de colocada la primera.<\/li>\n<\/ul>\n<p>&nbsp;<\/p>\n<p>&nbsp;<\/p>\n<p>&nbsp;<\/p>\n<p>&nbsp;<\/p>\n","protected":false},"excerpt":{"rendered":"<p>El Ministerio de Salud P\u00fablica del Gobierno de San Juan ofrece esta opci\u00f3n para dinamizar la vacunaci\u00f3n de los grupos<\/p>\n","protected":false},"author":3,"featured_media":36059,"comment_status":"closed","ping_status":"closed","sticky":false,"template":"","format":"standard","meta":{"_acf_changed":false,"_seopress_robots_primary_cat":"none","_seopress_titles_title":"","_seopress_titles_desc":"","_seopress_robots_index":"","colormag_page_container_layout":"default_layout","colormag_page_sidebar_layout":"default_layout","footnotes":""},"categories":[6],"tags":[],"class_list":["post-36057","post","type-post","status-publish","format-standard","has-post-thumbnail","hentry","category-eventos"],"acf":[],"_links":{"self":[{"href":"https:\/\/vocesparalelas.com.ar\/sitio\/wp-json\/wp\/v2\/posts\/36057","targetHints":{"allow":["GET"]}}],"collection":[{"href":"https:\/\/vocesparalelas.com.ar\/sitio\/wp-json\/wp\/v2\/posts"}],"about":[{"href":"https:\/\/vocesparalelas.com.ar\/sitio\/wp-json\/wp\/v2\/types\/post"}],"author":[{"embeddable":true,"href":"https:\/\/vocesparalelas.com.ar\/sitio\/wp-json\/wp\/v2\/users\/3"}],"replies":[{"embeddable":true,"href":"https:\/\/vocesparalelas.com.ar\/sitio\/wp-json\/wp\/v2\/comments?post=36057"}],"version-history":[{"count":3,"href":"https:\/\/vocesparalelas.com.ar\/sitio\/wp-json\/wp\/v2\/posts\/36057\/revisions"}],"predecessor-version":[{"id":36064,"href":"https:\/\/vocesparalelas.com.ar\/sitio\/wp-json\/wp\/v2\/posts\/36057\/revisions\/36064"}],"wp:featuredmedia":[{"embeddable":true,"href":"https:\/\/vocesparalelas.com.ar\/sitio\/wp-json\/wp\/v2\/media\/36059"}],"wp:attachment":[{"href":"https:\/\/vocesparalelas.com.ar\/sitio\/wp-json\/wp\/v2\/media?parent=36057"}],"wp:term":[{"taxonomy":"category","embeddable":true,"href":"https:\/\/vocesparalelas.com.ar\/sitio\/wp-json\/wp\/v2\/categories?post=36057"},{"taxonomy":"post_tag","embeddable":true,"href":"https:\/\/vocesparalelas.com.ar\/sitio\/wp-json\/wp\/v2\/tags?post=36057"}],"curies":[{"name":"wp","href":"https:\/\/api.w.org\/{rel}","templated":true}]}}