{"id":36027,"date":"2021-03-12T00:07:59","date_gmt":"2021-03-12T03:07:59","guid":{"rendered":"http:\/\/vocesparalelas.com.ar\/sitio\/?p=36027"},"modified":"2021-03-12T00:07:59","modified_gmt":"2021-03-12T03:07:59","slug":"obra-de-teatro-me-invade-la-sensacion-de-estar-equivocada","status":"publish","type":"post","link":"https:\/\/vocesparalelas.com.ar\/sitio\/obra-de-teatro-me-invade-la-sensacion-de-estar-equivocada\/","title":{"rendered":"Obra de Teatro \u201cMe invade la sensaci\u00f3n de estar equivocada\u201d"},"content":{"rendered":"<p>El S\u00e1bado, 13 y el Domingo, 14 de Marzo, a las 21: 30 hs.; en El Avispero Esc\u00e9nica, Entre R\u00edos 1566 &#8211; S &#8211; Trinidad Capital, se presenta la Obra de Teatro \u201cMe invade la sensaci\u00f3n de estar equivocada\u201d.<\/p>\n<p>Despu\u00e9s de un a\u00f1o de pandemia la presencia de ustedes en las salas es imprescindible para el sost\u00e9n de nuestra actividad cultural.<\/p>\n<p>Ellas salen a escena y construyen corporalidades dudando de su identidad. \u00bfC\u00f3mo se llaman? \u00bfc\u00f3mo las han nombrado? Se trasladan inc\u00f3modas, atravesadas por lo que otros han hecho de ellas. Dudan, se muestran, aparecen, son invisibilizadas, RESISTEN. El cuerpo de cada una resiste, aguanta el error. No aceptan lo que se les impone. Ir\u00f3nicas, salen a hacerse de nuevo.<\/p>\n<p><strong><span style=\"color: #99cc00;\">Ficha t\u00e9cnico art\u00edstica<\/span><\/strong><\/p>\n<p>Dramaturgia:\u00a0\u00a0\u00a0\u00a0 Maria Victoria Barud<\/p>\n<p>Int\u00e9rpretes:\u00a0Florencia Arce, Ana Paula Yela, Milagros Soler<\/p>\n<p>Iluminaci\u00f3n:\u00a0Maria Victoria Barud<\/p>\n<p>Direcci\u00f3n:\u00a0Maria Julia De Nardi<\/p>\n<p>Duraci\u00f3n: 35 minutos<\/p>\n<p>Clasificaciones: Teatro, Presencial, Adulto<\/p>\n<p>Las entradas se sacan en l\u00ednea o podes reservar y pagar en la puerta. Las localidades son limitadas por el protocolo.<\/p>\n<p><strong><span style=\"color: #99cc00;\">Entradas en Alternativa Teatral<\/span><\/strong><\/p>\n<p>1 x $300\/\/ 2 x $500<\/p>\n<p><a href=\"https:\/\/publico.alternativateatral.com\/entradas74354-me-invade-la-sensacion-de-estar-equivocada?o=14\">https:\/\/publico.alternativateatral.com\/entradas74354-me-invade-la-sensacion-de-estar-equivocada?o=14<\/a><\/p>\n<p>En sala el d\u00eda de la funci\u00f3n 1x $350\/\/ 2 x $600.&#x1f39f;&#xfe0f;<\/p>\n<p>#vivaelteatro<\/p>\n<p>#danzaestrabajo<\/p>\n<p>#fueradeeje<\/p>\n<p>#escenacontempor\u00e1nea<\/p>\n<p>&nbsp;<\/p>\n<p><img loading=\"lazy\" decoding=\"async\" class=\"alignnone wp-image-4729 size-large\" src=\"https:\/\/vocesparalelas.com.ar\/sitio\/wp-content\/uploads\/2017\/09\/sala-avispero-800x530.jpg\" alt=\"\" width=\"800\" height=\"530\" srcset=\"https:\/\/vocesparalelas.com.ar\/sitio\/wp-content\/uploads\/2017\/09\/sala-avispero-800x530.jpg 800w, https:\/\/vocesparalelas.com.ar\/sitio\/wp-content\/uploads\/2017\/09\/sala-avispero-300x199.jpg 300w, https:\/\/vocesparalelas.com.ar\/sitio\/wp-content\/uploads\/2017\/09\/sala-avispero-768x509.jpg 768w, https:\/\/vocesparalelas.com.ar\/sitio\/wp-content\/uploads\/2017\/09\/sala-avispero.jpg 1024w\" sizes=\"auto, (max-width: 800px) 100vw, 800px\" \/><\/p>\n","protected":false},"excerpt":{"rendered":"<p>El S\u00e1bado, 13 y el Domingo, 14 de Marzo, a las 21: 30 hs.; en El Avispero Esc\u00e9nica, Entre R\u00edos<\/p>\n","protected":false},"author":3,"featured_media":36029,"comment_status":"closed","ping_status":"closed","sticky":false,"template":"","format":"standard","meta":{"_acf_changed":false,"_seopress_robots_primary_cat":"none","_seopress_titles_title":"","_seopress_titles_desc":"","_seopress_robots_index":"","colormag_page_container_layout":"default_layout","colormag_page_sidebar_layout":"default_layout","footnotes":""},"categories":[20],"tags":[],"class_list":["post-36027","post","type-post","status-publish","format-standard","has-post-thumbnail","hentry","category-cartelera"],"acf":[],"_links":{"self":[{"href":"https:\/\/vocesparalelas.com.ar\/sitio\/wp-json\/wp\/v2\/posts\/36027","targetHints":{"allow":["GET"]}}],"collection":[{"href":"https:\/\/vocesparalelas.com.ar\/sitio\/wp-json\/wp\/v2\/posts"}],"about":[{"href":"https:\/\/vocesparalelas.com.ar\/sitio\/wp-json\/wp\/v2\/types\/post"}],"author":[{"embeddable":true,"href":"https:\/\/vocesparalelas.com.ar\/sitio\/wp-json\/wp\/v2\/users\/3"}],"replies":[{"embeddable":true,"href":"https:\/\/vocesparalelas.com.ar\/sitio\/wp-json\/wp\/v2\/comments?post=36027"}],"version-history":[{"count":1,"href":"https:\/\/vocesparalelas.com.ar\/sitio\/wp-json\/wp\/v2\/posts\/36027\/revisions"}],"predecessor-version":[{"id":36030,"href":"https:\/\/vocesparalelas.com.ar\/sitio\/wp-json\/wp\/v2\/posts\/36027\/revisions\/36030"}],"wp:featuredmedia":[{"embeddable":true,"href":"https:\/\/vocesparalelas.com.ar\/sitio\/wp-json\/wp\/v2\/media\/36029"}],"wp:attachment":[{"href":"https:\/\/vocesparalelas.com.ar\/sitio\/wp-json\/wp\/v2\/media?parent=36027"}],"wp:term":[{"taxonomy":"category","embeddable":true,"href":"https:\/\/vocesparalelas.com.ar\/sitio\/wp-json\/wp\/v2\/categories?post=36027"},{"taxonomy":"post_tag","embeddable":true,"href":"https:\/\/vocesparalelas.com.ar\/sitio\/wp-json\/wp\/v2\/tags?post=36027"}],"curies":[{"name":"wp","href":"https:\/\/api.w.org\/{rel}","templated":true}]}}