{"id":36011,"date":"2021-03-11T22:04:41","date_gmt":"2021-03-12T01:04:41","guid":{"rendered":"http:\/\/vocesparalelas.com.ar\/sitio\/?p=36011"},"modified":"2021-03-11T23:44:42","modified_gmt":"2021-03-12T02:44:42","slug":"cronograma-de-ofrecimientos-y-entrega-de-cargos-interinos-y-o-suplentes-en-san-juan","status":"publish","type":"post","link":"https:\/\/vocesparalelas.com.ar\/sitio\/cronograma-de-ofrecimientos-y-entrega-de-cargos-interinos-y-o-suplentes-en-san-juan\/","title":{"rendered":"Cronograma de ofrecimientos y entrega de cargos interinos y\/o suplentes en San Juan"},"content":{"rendered":"<p>La Direcci\u00f3n de \u00c1rea Administrativa informa el cronograma de ofrecimientos y entrega de cargos interinos y\/o suplentes de los escalafones de Nivel Inicial, Primario, Especialidades, Educaci\u00f3n Especial, Primario Adultos, Capacitaci\u00f3n Laboral y Equipo M\u00f3vil Docente, que se realizan en las instalaciones del \u201cDep\u00f3sito Central\u201d del Ministerio de Educaci\u00f3n, 9 de Julio 1515 este, conforme al cronograma que se detalla a continuaci\u00f3n:<\/p>\n<p><span style=\"color: #99cc00;\"><strong>Cronograma de ofrecimiento y entrega de cargos vigente a partir del 15 de marzo de 2021:<\/strong><\/span><\/p>\n<ul>\n<li><span style=\"color: #99cc00;\"><strong>Lugar de ofrecimiento de cargos: <\/strong><\/span>Sala de Capacitaci\u00f3n de Ministerio de Educaci\u00f3n,<\/li>\n<li><span style=\"color: #99cc00;\"><strong>Direcci\u00f3n:<\/strong><\/span> 9 de Julio 1515 este, Santa Lucia, ex Caf\u00e9 Am\u00e9rica.<\/li>\n<li><span style=\"color: #99cc00;\"><strong>Horario de Inicio de los Actos de Ofrecimiento:<\/strong><\/span> a las 15:30 horas<\/li>\n<\/ul>\n<p>Al Acto de Ofrecimiento los docentes inscriptos deben asistir de acuerdo a la citaci\u00f3n recibida por correo, en el horario indicado.<\/p>\n<p><span style=\"color: #99cc00;\"><strong>Aclaraci\u00f3n:<\/strong> <\/span>Se informa que el predio del Dep\u00f3sito NO CUENTA con estacionamiento, y que permanente ingreso y egreso de camiones que cargan y descargan insumos y materiales.<\/p>\n<p><span style=\"color: #99cc00;\"><strong>1 &#8211; A) CARGOS DE ESCUELAS DE LA MODALIDAD COM\u00daN<\/strong><\/span><\/p>\n<p>Direcci\u00f3n de Educaci\u00f3n Inicial, Primaria y Adultos<\/p>\n<p><span style=\"color: #99cc00;\"><strong>Lunes<\/strong><\/span><\/p>\n<ul>\n<li><strong>UGDA &#8211; Zonas<\/strong>: A-B-C<\/li>\n<li><strong>Departamento<\/strong>: Capital<\/li>\n<li><strong>Tipo de cargo a ofrecer<\/strong>: maestro de grado, maestro de grado Adultos (UEPA), maestro de Nivel Inicial, celador de internados, maestro celador de internados.<\/li>\n<\/ul>\n<p><span style=\"color: #99cc00;\"><strong>Martes<\/strong><\/span><\/p>\n<ul>\n<li><strong>UGDA &#8211; Zonas<\/strong>: S-O<\/li>\n<li><strong>Departamentos<\/strong>: Chimbas, Rivadavia, Zonda, Ullum, Angaco, Albard\u00f3n.<\/li>\n<li><strong>Tipo de cargo a ofrecer<\/strong>: maestro de grado, maestro de grado Adultos (UEPA), maestro de Nivel Inicial, celador de internados, maestro celador de internados.<\/li>\n<\/ul>\n<p><span style=\"color: #99cc00;\"><strong>Mi\u00e9rcoles<\/strong><\/span><\/p>\n<ul>\n<li><strong>UGDA &#8211; Zona<\/strong>: R<\/li>\n<li><strong>Departamentos<\/strong>: Rawson, Pocito, Sarmiento<\/li>\n<li><strong>Tipo de cargo a ofrecer<\/strong>: maestro de grado, maestro de grado Adultos (UEPA), maestro de Nivel Inicial, celador de internados, maestro celador de internados.<\/li>\n<\/ul>\n<p><span style=\"color: #99cc00;\"><strong>Jueves<\/strong><\/span><\/p>\n<ul>\n<li><strong>UGDA &#8211; Zona<\/strong>: P<\/li>\n<li><strong>Departamentos<\/strong>: Santa Luc\u00eda, 9 de Julio, San Mart\u00edn<\/li>\n<li><strong>Tipo de cargo a ofrecer<\/strong>: maestro de grado, maestro de grado Adultos (UEPA), maestro de Nivel Inicial, celador de internados, maestro celador de internados.<\/li>\n<\/ul>\n<p><span style=\"color: #99cc00;\"><strong>B) <\/strong><strong>CARGOS DE ESCUELAS DE LA MODALIDAD EDUCACI\u00d3N ESPECIAL<\/strong><\/span><\/p>\n<p>Direcci\u00f3n de Educaci\u00f3n Especial.<\/p>\n<p><span style=\"color: #99cc00;\"><strong>Lunes<\/strong><\/span><\/p>\n<ul>\n<li><strong>UGDA &#8211; Zonas<\/strong>: A-B-C<\/li>\n<li><strong>Departamento<\/strong>: Capital<\/li>\n<li><strong>Tipo de cargo a ofrecer<\/strong>: maestro de grado de Educaci\u00f3n Especial, maestro de Grupo Escolar, maestro de Especialidades de Educaci\u00f3n Especial, celador de Educaci\u00f3n Especial, maestro celador de Educaci\u00f3n Especial, maestro de Grado de Esc. Carcelaria u Hospital, maestro de Especialidades de Esc. Carcelaria u Hospital.<\/li>\n<\/ul>\n<p>&nbsp;<\/p>\n<ul>\n<li><strong>UGDA &#8211; Zonas<\/strong>: S-O<\/li>\n<li><strong>Departamentos<\/strong>: Chimbas, Rivadavia, Zonda, Ullum, Angaco, Albard\u00f3n.<\/li>\n<li><strong>Tipo de cargo a ofrecer<\/strong>: maestro de grado de Educaci\u00f3n Especial, maestro de Grupo Escolar, maestro de Especialidades de Educaci\u00f3n Especial, celador de Educaci\u00f3n Especial, maestro celador de Educaci\u00f3n Especial, maestro de Grado de Esc. Carcelaria u Hospital, maestro de Especialidades de Esc. Carcelaria u Hospital.<\/li>\n<\/ul>\n<p>&nbsp;<\/p>\n<ul>\n<li><strong>UGDA &#8211; Zona<\/strong>: R<\/li>\n<li><strong>Departamentos<\/strong>: Rawson, Pocito, Sarmiento<\/li>\n<li><strong>Tipo de cargo a ofrecer<\/strong>: maestro de grado de Educaci\u00f3n Especial, maestro de Grupo Escolar, maestro de Especialidades de Educaci\u00f3n Especial, celador de Educaci\u00f3n Especial, maestro celador de Educaci\u00f3n Especial, maestro de Grado de Esc. Carcelaria u Hospital, maestro de Especialidades de Esc. Carcelaria u Hospital.<\/li>\n<\/ul>\n<p>&nbsp;<\/p>\n<ul>\n<li><strong>UGDA &#8211; Zona<\/strong>: P<\/li>\n<li><strong>Departamentos<\/strong>: Santa Luc\u00eda, 9 de Julio, San Mart\u00edn<\/li>\n<li><strong>Tipo de cargo a ofrecer<\/strong>: maestro de grado de Educaci\u00f3n Especial, maestro de Grupo Escolar, maestro de Especialidades de Educaci\u00f3n Especial, celador de Educaci\u00f3n Especial, maestro celador de Educaci\u00f3n Especial, maestro de Grado de Esc. Carcelaria u Hospital, maestro de Especialidades de Esc. Carcelaria u Hospital.<\/li>\n<\/ul>\n<p>&nbsp;<\/p>\n<ul>\n<li><strong>UGDA &#8211; Zona<\/strong>: F<\/li>\n<li><strong>Departamentos<\/strong>: Caucete<\/li>\n<li><strong>Tipo de cargo a ofrecer<\/strong>: maestro de grado de Educaci\u00f3n Especial, maestro de Grupo Escolar, maestro de Especialidades de Educaci\u00f3n Especial, celador de Educaci\u00f3n Especial, maestro celador de Educaci\u00f3n Especial, maestro de Grado de Esc. Carcelaria u Hospital, maestro de Especialidades de Esc. Carcelaria u Hospital.<\/li>\n<\/ul>\n<p>&nbsp;<\/p>\n<ul>\n<li><strong>UGDA &#8211; Zona<\/strong>: Y<\/li>\n<li><strong>Departamentos<\/strong>: Chimbas, Rivadavia, Zonda, Ullum, Angaco, Albard\u00f3n.<\/li>\n<li><strong>Tipo de cargo a ofrecer<\/strong>: maestro de grado de Educaci\u00f3n Especial, maestro de Grupo Escolar, maestro de Especialidades de Educaci\u00f3n Especial, celador de Educaci\u00f3n Especial, maestro celador de Educaci\u00f3n Especial, maestro de Grado de Esc. Carcelaria u Hospital, maestro de Especialidades de Esc. Carcelaria u Hospital.<\/li>\n<\/ul>\n<p><span style=\"color: #99cc00;\"><strong>C) CARGOS DE MAESTROS DE ESPECIALIDADES DE ESCUELAS DE NIVEL INICIAL\/PRIMARIO DE LA MODALIDAD COM\u00daN<\/strong><\/span><\/p>\n<p>Direcci\u00f3n de Educaci\u00f3n Inicial, Primaria y Adultos.<\/p>\n<p><span style=\"color: #99cc00;\"><strong>Martes<\/strong><\/span><\/p>\n<ul>\n<li><strong>UGDA &#8211; Zonas<\/strong>: A-B-C<\/li>\n<li><strong>Departamento<\/strong>: Capital<\/li>\n<li><strong>Tipo de cargo a ofrecer<\/strong>: Educaci\u00f3n F\u00edsica, M\u00fasica.<\/li>\n<\/ul>\n<p>&nbsp;<\/p>\n<ul>\n<li><strong>UGDA &#8211; Zonas<\/strong>: S-O<\/li>\n<li><strong>Departamentos<\/strong>: Chimbas, Rivadavia, Zonda, Ullum, Angaco, Albard\u00f3n.<\/li>\n<li><strong>Tipo de cargo a ofrecer<\/strong>: Educaci\u00f3n F\u00edsica, M\u00fasica.<\/li>\n<\/ul>\n<p>&nbsp;<\/p>\n<ul>\n<li><strong>UGDA &#8211; Zona<\/strong>: R<\/li>\n<li><strong>Departamentos<\/strong>: Rawson, Pocito, Sarmiento<\/li>\n<li><strong>Tipo de cargo a ofrecer<\/strong>: Educaci\u00f3n F\u00edsica, M\u00fasica.<\/li>\n<\/ul>\n<p>&nbsp;<\/p>\n<ul>\n<li><strong>UGDA &#8211; Zona<\/strong>: P<\/li>\n<li><strong>Departamentos<\/strong>: Santa Luc\u00eda, 9 de Julio, San Mart\u00edn<\/li>\n<li><strong>Tipo de cargo a ofrecer<\/strong>: Educaci\u00f3n F\u00edsica, M\u00fasica.<\/li>\n<\/ul>\n<p><span style=\"color: #99cc00;\"><strong>Mi\u00e9rcoles<\/strong><\/span><\/p>\n<ul>\n<li><strong>UGDA &#8211; Zonas<\/strong>: A-B-C<\/li>\n<li><strong>Departamento<\/strong>: Capital<\/li>\n<li><strong>Tipo de cargo a ofrecer<\/strong>: Educaci\u00f3n Pr\u00e1ctica (Tecnolog\u00eda), Computaci\u00f3n, Educaci\u00f3n Pl\u00e1stica<\/li>\n<\/ul>\n<p>&nbsp;<\/p>\n<ul>\n<li><strong>UGDA &#8211; Zonas<\/strong>: S-O<\/li>\n<li><strong>Departamentos<\/strong>: Chimbas, Rivadavia, Zonda, Ullum, Angaco, Albard\u00f3n.<\/li>\n<li><strong>Tipo de cargo a ofrecer<\/strong>: Educaci\u00f3n Pr\u00e1ctica (Tecnolog\u00eda), Computaci\u00f3n, Educaci\u00f3n Pl\u00e1stica<\/li>\n<\/ul>\n<p>&nbsp;<\/p>\n<ul>\n<li><strong>UGDA &#8211; Zona<\/strong>: R<\/li>\n<li><strong>Departamentos<\/strong>: Rawson, Pocito, Sarmiento<\/li>\n<li><strong>Tipo de cargo a ofrecer<\/strong>: Educaci\u00f3n Pr\u00e1ctica (Tecnolog\u00eda), Computaci\u00f3n, Educaci\u00f3n Pl\u00e1stica<\/li>\n<\/ul>\n<p>&nbsp;<\/p>\n<ul>\n<li><strong>UGDA &#8211; Zona<\/strong>: P<\/li>\n<li><strong>Departamentos<\/strong>: Santa Luc\u00eda, 9 de Julio, San Mart\u00edn<\/li>\n<li><strong>Tipo de cargo a ofrecer<\/strong>: Educaci\u00f3n Pr\u00e1ctica (Tecnolog\u00eda), Computaci\u00f3n, Educaci\u00f3n Pl\u00e1stica<\/li>\n<\/ul>\n<p><span style=\"color: #99cc00;\"><strong>Jueves<\/strong><\/span><\/p>\n<ul>\n<li><strong>UGDA &#8211; Zonas<\/strong>: A-B-C<\/li>\n<li><strong>Departamento<\/strong>: Capital<\/li>\n<li><strong>Tipo de cargo a ofrecer<\/strong>: Ingl\u00e9s, Bibliotecario, Teatro, Agropecuaria, Carpinter\u00eda<\/li>\n<\/ul>\n<p>&nbsp;<\/p>\n<ul>\n<li><strong>UGDA &#8211; Zonas<\/strong>: S-O<\/li>\n<li><strong>Departamentos<\/strong>: Chimbas, Rivadavia, Zonda, Ullum, Angaco, Albard\u00f3n.<\/li>\n<li><strong>Tipo de cargo a ofrecer<\/strong>: Ingl\u00e9s, Bibliotecario, Teatro, Agropecuaria, Carpinter\u00eda<\/li>\n<\/ul>\n<p>&nbsp;<\/p>\n<ul>\n<li><strong>UGDA &#8211; Zona<\/strong>: R<\/li>\n<li><strong>Departamentos<\/strong>: Rawson, Pocito, Sarmiento<\/li>\n<li><strong>Tipo de cargo a ofrecer<\/strong>: Ingl\u00e9s, Bibliotecario, Teatro, Agropecuaria, Carpinter\u00eda<\/li>\n<\/ul>\n<p>&nbsp;<\/p>\n<ul>\n<li><strong>UGDA &#8211; Zona<\/strong>: P<\/li>\n<li><strong>Departamentos<\/strong>: Santa Luc\u00eda, 9 de Julio, San Mart\u00edn<\/li>\n<li><strong>Tipo de cargo a ofrecer<\/strong>: Ingl\u00e9s, Bibliotecario, Teatro, Agropecuaria, Carpinter\u00eda<\/li>\n<\/ul>\n<p><span style=\"color: #99cc00;\"><strong>D) CARGOS DE ESCUELAS DE CAPACITACI\u00d3N LABORAL<\/strong><\/span><\/p>\n<p>Direcci\u00f3n de Educaci\u00f3n Secundaria T\u00e9cnica y Formaci\u00f3n Profesional<\/p>\n<p><span style=\"color: #99cc00;\"><strong>Jueves<\/strong><\/span><\/p>\n<ul>\n<li><strong>UGDA &#8211; Zonas<\/strong>: A-B-C<\/li>\n<li><strong>Departamento<\/strong>: Capital<\/li>\n<li><strong>Tipo de cargo a ofrecer<\/strong>: maestro de Ense\u00f1anza Pr\u00e1ctica.<\/li>\n<li><strong>UGDA &#8211; Zonas<\/strong>: S-O<\/li>\n<li><strong>Departamentos<\/strong>: Chimbas, Rivadavia, Zonda, Ullum, Angaco, Albard\u00f3n.<\/li>\n<li><strong>Tipo de cargo a ofrecer<\/strong>: maestro de Ense\u00f1anza Pr\u00e1ctica.<\/li>\n<\/ul>\n<p>&nbsp;<\/p>\n<ul>\n<li><strong>UGDA &#8211; Zona<\/strong>: R<\/li>\n<li><strong>Departamentos<\/strong>: Rawson, Pocito, Sarmiento<\/li>\n<li><strong>Tipo de cargo a ofrecer<\/strong>: maestro de Ense\u00f1anza Pr\u00e1ctica.<\/li>\n<\/ul>\n<p>&nbsp;<\/p>\n<ul>\n<li><strong>UGDA &#8211; Zona<\/strong>: P<\/li>\n<li><strong>Departamentos<\/strong>: Santa Luc\u00eda, 9 de Julio, San Mart\u00edn<\/li>\n<li><strong>Tipo de cargo a ofrecer<\/strong>: maestro de Ense\u00f1anza Pr\u00e1ctica.<\/li>\n<\/ul>\n<p>&nbsp;<\/p>\n<ul>\n<li><strong>UGDA &#8211; Zona<\/strong>: F<\/li>\n<li><strong>Departamentos<\/strong>: Caucete<\/li>\n<li><strong>Tipo de cargo a ofrecer<\/strong>: maestro de Ense\u00f1anza Pr\u00e1ctica.<\/li>\n<\/ul>\n<p>&nbsp;<\/p>\n<ul>\n<li><strong>UGDA &#8211; Zona<\/strong>: Y<\/li>\n<li><strong>Departamentos<\/strong>: Chimbas, Rivadavia, Zonda, Ullum, Angaco, Albard\u00f3n.<\/li>\n<li><strong>Tipo de cargo a ofrecer<\/strong>: maestro de Ense\u00f1anza Pr\u00e1ctica.<\/li>\n<\/ul>\n<p><strong><span style=\"color: #99cc00;\">La atenci\u00f3n al p\u00fablico en general para recepci\u00f3n de documentaci\u00f3n y\/o consultas varias, se desarrollar\u00e1 del siguiente modo:<\/span><\/strong><\/p>\n<ul>\n<li><span style=\"color: #99cc00;\"><strong>Lugar: <\/strong><\/span>Oficina de la \u201cComisi\u00f3n de Interinatos y Suplencias\u201d ubicada en Sala de Capacitaci\u00f3n del Ministerio de Educaci\u00f3n (9 de Julio 1515 este,- Santa Luc\u00eda, ex Caf\u00e9 Am\u00e9rica).<\/li>\n<li><span style=\"color: #99cc00;\"><strong>D\u00edas y horario:<\/strong><\/span> lunes a viernes, <u>solo<\/u> de 8 a 12 y de 15 a 19 horas.<\/li>\n<\/ul>\n<p><span style=\"color: #99cc00;\"><strong>Para tener en cuenta<\/strong><\/span><\/p>\n<p>En la oficina de la \u00abComisi\u00f3n de Interinatos y Suplencias\u201d, en la Sala de Capacitaci\u00f3n del Ministerio de Educaci\u00f3n, ubicada en 9 de Julio 1515, este, para las zonas y cargos contempladas en el cronograma expuesto, se realizar\u00e1n \u00fanicamente en horario de 8 a 12 horas las siguientes designaciones:<\/p>\n<ul>\n<li><strong>Propuestas por Direcci\u00f3n de \u00c1rea<\/strong><\/li>\n<li><strong>Designaciones por T\u00edtulo<\/strong><\/li>\n<\/ul>\n<p>En los departamentos de Zonas Alejadas: Valle F\u00e9rtil, J\u00e1chal, Iglesia, Calingasta, 25 de Mayo y Caucete, los ofrecimientos de cargos se realizar\u00e1n en las Unidades de Gesti\u00f3n correspondiente.<\/p>\n<p>El Acto de Ofrecimiento de Cargos de Capacitaci\u00f3n Laboral y de la modalidad Educaci\u00f3n Especial de las Zonas de Caucete y 25 de Mayo, se desarrollar\u00e1 en la oficina de la \u201cComisi\u00f3n de Interinatos y Suplencias\u201d en la Sala de Capacitaci\u00f3n del Ministerio de Educaci\u00f3n ubicada en 9 de Julio 1515 este, ex Caf\u00e9 Am\u00e9rica.<\/p>\n<p><span style=\"color: #99cc00;\"><strong>Para mayor informaci\u00f3n o consultas<\/strong><\/span><\/p>\n<p>Los interesados deben comunicarse en horario de 8 a 13 horas al 4302474.<\/p>\n","protected":false},"excerpt":{"rendered":"<p>La Direcci\u00f3n de \u00c1rea Administrativa informa el cronograma de ofrecimientos y entrega de cargos interinos y\/o suplentes de los escalafones<\/p>\n","protected":false},"author":3,"featured_media":28629,"comment_status":"closed","ping_status":"closed","sticky":false,"template":"","format":"standard","meta":{"_acf_changed":false,"_seopress_robots_primary_cat":"none","_seopress_titles_title":"","_seopress_titles_desc":"","_seopress_robots_index":"","colormag_page_container_layout":"default_layout","colormag_page_sidebar_layout":"default_layout","footnotes":""},"categories":[5],"tags":[],"class_list":["post-36011","post","type-post","status-publish","format-standard","has-post-thumbnail","hentry","category-ofrecimientos"],"acf":[],"_links":{"self":[{"href":"https:\/\/vocesparalelas.com.ar\/sitio\/wp-json\/wp\/v2\/posts\/36011","targetHints":{"allow":["GET"]}}],"collection":[{"href":"https:\/\/vocesparalelas.com.ar\/sitio\/wp-json\/wp\/v2\/posts"}],"about":[{"href":"https:\/\/vocesparalelas.com.ar\/sitio\/wp-json\/wp\/v2\/types\/post"}],"author":[{"embeddable":true,"href":"https:\/\/vocesparalelas.com.ar\/sitio\/wp-json\/wp\/v2\/users\/3"}],"replies":[{"embeddable":true,"href":"https:\/\/vocesparalelas.com.ar\/sitio\/wp-json\/wp\/v2\/comments?post=36011"}],"version-history":[{"count":1,"href":"https:\/\/vocesparalelas.com.ar\/sitio\/wp-json\/wp\/v2\/posts\/36011\/revisions"}],"predecessor-version":[{"id":36013,"href":"https:\/\/vocesparalelas.com.ar\/sitio\/wp-json\/wp\/v2\/posts\/36011\/revisions\/36013"}],"wp:featuredmedia":[{"embeddable":true,"href":"https:\/\/vocesparalelas.com.ar\/sitio\/wp-json\/wp\/v2\/media\/28629"}],"wp:attachment":[{"href":"https:\/\/vocesparalelas.com.ar\/sitio\/wp-json\/wp\/v2\/media?parent=36011"}],"wp:term":[{"taxonomy":"category","embeddable":true,"href":"https:\/\/vocesparalelas.com.ar\/sitio\/wp-json\/wp\/v2\/categories?post=36011"},{"taxonomy":"post_tag","embeddable":true,"href":"https:\/\/vocesparalelas.com.ar\/sitio\/wp-json\/wp\/v2\/tags?post=36011"}],"curies":[{"name":"wp","href":"https:\/\/api.w.org\/{rel}","templated":true}]}}