{"id":35998,"date":"2021-03-11T20:25:41","date_gmt":"2021-03-11T23:25:41","guid":{"rendered":"http:\/\/vocesparalelas.com.ar\/sitio\/?p=35998"},"modified":"2021-03-12T23:26:48","modified_gmt":"2021-03-13T02:26:48","slug":"comienza-la-vacunacion-a-los-docentes-de-primero-segundo-y-tercer-grado-de-las-escuelas-de-san-juan","status":"publish","type":"post","link":"https:\/\/vocesparalelas.com.ar\/sitio\/comienza-la-vacunacion-a-los-docentes-de-primero-segundo-y-tercer-grado-de-las-escuelas-de-san-juan\/","title":{"rendered":"Comienza la vacunaci\u00f3n a los docentes de primero, segundo y tercer grado de las Escuelas de San Juan"},"content":{"rendered":"<p>Continuando con el Plan Provincial de Vacunaci\u00f3n en San Juan y de acuerdo al cronograma preestablecido, el Lunes, 15 de Marzo se pone en marcha la vacunaci\u00f3n contra el COVID-19 para los docentes de primero, segundo y tercer grado de las Escuelas de la provincia.<\/p>\n<p>Los mismos deben estar inscriptos en el Padr\u00f3n del Ministerio de Educaci\u00f3n y deben presentarse en el lugar de vacunaci\u00f3n del departamento donde tienen su cargo para recibir la vacuna.<\/p>\n<p>Con un cupo de 500 n\u00fameros diarios, la atenci\u00f3n ser\u00e1 en horario de 14:30 a 20:00 (con recepci\u00f3n de asistentes hasta las 19:30 horas), de acuerdo al siguiente cronograma:<\/p>\n<ul>\n<li>Lunes, Mi\u00e9rcoles y Viernes: se vacunar\u00e1 a las personas cuyo DNI termine del 0 al 5.<\/li>\n<li>Martes y Jueves: a las personas cuyo DNI termine del 6 al 9.<\/li>\n<\/ul>\n<p>Es necesario presentar DNI, certificado de la escuela y no tener s\u00edntomas de COVID-19.<\/p>\n<p><strong><span style=\"color: #ff0000;\">Lugares previstos por departamento para la vacunaci\u00f3n<\/span><\/strong><\/p>\n<ul>\n<li><span style=\"color: #ff0000;\"><strong>Albard\u00f3n<\/strong>:<\/span> CIC La Laja<\/li>\n<li><span style=\"color: #ff0000;\"><strong>Angaco<\/strong>:<\/span> Uni\u00f3n Vecinal Villa El Salvador<\/li>\n<li><span style=\"color: #ff0000;\"><strong>Calingasta<\/strong>:<\/span> Uni\u00f3n Vecinal Villa Calingasta \u2013 Barreal: Polideportivo Barreal<\/li>\n<li><span style=\"color: #ff0000;\"><strong>Capital, Rivadavia, Chimbas y Santa Luc\u00eda<\/strong>:<\/span> Estadio Aldo Cantoni<\/li>\n<li><span style=\"color: #ff0000;\"><strong>Caucete<\/strong>:<\/span> Sal\u00f3n San Isidro<\/li>\n<li><span style=\"color: #ff0000;\"><strong>Iglesia<\/strong>:<\/span> Polideportivo Municipal de Rodeo<\/li>\n<li><span style=\"color: #ff0000;\"><strong>J\u00e1chal<\/strong>:<\/span> Teatro del Bicentenario<\/li>\n<li><span style=\"color: #ff0000;\"><strong>9 de Julio<\/strong>:<\/span> Centro de Jubilados<\/li>\n<li><span style=\"color: #ff0000;\"><strong>Pocito<\/strong>:<\/span> Sal\u00f3n La Posta (Mendoza entre calles 10 y 11)<\/li>\n<li><span style=\"color: #ff0000;\"><strong>Rawson<\/strong>:<\/span> Teatro Oscar K\u00fcmmel<\/li>\n<li><span style=\"color: #ff0000;\"><strong>San Mart\u00edn<\/strong>:<\/span> Estadio Marta Orellana<\/li>\n<li><span style=\"color: #ff0000;\"><strong>Sarmiento<\/strong>:<\/span> Centro Cultural<\/li>\n<li><span style=\"color: #ff0000;\"><strong>Ullum<\/strong>:<\/span> CIC Ullum<\/li>\n<li><span style=\"color: #ff0000;\"><strong>Valle F\u00e9rtil<\/strong>:<\/span> Sal\u00f3n Cultural<\/li>\n<li><span style=\"color: #ff0000;\"><strong>25 de Mayo<\/strong>:<\/span> Polideportivo 25 de Mayo<\/li>\n<li><span style=\"color: #ff0000;\"><strong>Zonda<\/strong>:<\/span> Sal\u00f3n de Eventos del Centro de Jubilados<\/li>\n<\/ul>\n<p>Cabe recordar el tiempo de espera para la colocaci\u00f3n de la segunda dosis, de acuerdo a cada vacuna:<\/p>\n<ul>\n<li><span style=\"color: #ff0000;\"><strong>Sputnik: <\/strong><\/span>a partir de los 21 d\u00edas de colocada la primera dosis.<strong><br \/>\n<\/strong><\/li>\n<li><span style=\"color: #ff0000;\"><strong>Covishield: <\/strong><\/span>entre 28 y 84 d\u00edas luego de colocada la primera dosis.<strong><br \/>\n<\/strong><\/li>\n<li><span style=\"color: #ff0000;\"><strong>Sinopharm: <\/strong><\/span>a partir de los 28 d\u00edas de colocada la primera dosis.<\/li>\n<\/ul>\n","protected":false},"excerpt":{"rendered":"<p>Continuando con el Plan Provincial de Vacunaci\u00f3n en San Juan y de acuerdo al cronograma preestablecido, el Lunes, 15 de<\/p>\n","protected":false},"author":3,"featured_media":3895,"comment_status":"closed","ping_status":"closed","sticky":false,"template":"","format":"standard","meta":{"_acf_changed":false,"_seopress_robots_primary_cat":"none","_seopress_titles_title":"","_seopress_titles_desc":"","_seopress_robots_index":"","colormag_page_container_layout":"default_layout","colormag_page_sidebar_layout":"default_layout","footnotes":""},"categories":[6],"tags":[],"class_list":["post-35998","post","type-post","status-publish","format-standard","has-post-thumbnail","hentry","category-eventos"],"acf":[],"_links":{"self":[{"href":"https:\/\/vocesparalelas.com.ar\/sitio\/wp-json\/wp\/v2\/posts\/35998","targetHints":{"allow":["GET"]}}],"collection":[{"href":"https:\/\/vocesparalelas.com.ar\/sitio\/wp-json\/wp\/v2\/posts"}],"about":[{"href":"https:\/\/vocesparalelas.com.ar\/sitio\/wp-json\/wp\/v2\/types\/post"}],"author":[{"embeddable":true,"href":"https:\/\/vocesparalelas.com.ar\/sitio\/wp-json\/wp\/v2\/users\/3"}],"replies":[{"embeddable":true,"href":"https:\/\/vocesparalelas.com.ar\/sitio\/wp-json\/wp\/v2\/comments?post=35998"}],"version-history":[{"count":1,"href":"https:\/\/vocesparalelas.com.ar\/sitio\/wp-json\/wp\/v2\/posts\/35998\/revisions"}],"predecessor-version":[{"id":36000,"href":"https:\/\/vocesparalelas.com.ar\/sitio\/wp-json\/wp\/v2\/posts\/35998\/revisions\/36000"}],"wp:featuredmedia":[{"embeddable":true,"href":"https:\/\/vocesparalelas.com.ar\/sitio\/wp-json\/wp\/v2\/media\/3895"}],"wp:attachment":[{"href":"https:\/\/vocesparalelas.com.ar\/sitio\/wp-json\/wp\/v2\/media?parent=35998"}],"wp:term":[{"taxonomy":"category","embeddable":true,"href":"https:\/\/vocesparalelas.com.ar\/sitio\/wp-json\/wp\/v2\/categories?post=35998"},{"taxonomy":"post_tag","embeddable":true,"href":"https:\/\/vocesparalelas.com.ar\/sitio\/wp-json\/wp\/v2\/tags?post=35998"}],"curies":[{"name":"wp","href":"https:\/\/api.w.org\/{rel}","templated":true}]}}