{"id":35995,"date":"2021-03-11T20:20:15","date_gmt":"2021-03-11T23:20:15","guid":{"rendered":"http:\/\/vocesparalelas.com.ar\/sitio\/?p=35995"},"modified":"2021-03-12T23:31:33","modified_gmt":"2021-03-13T02:31:33","slug":"inscripcion-y-comienza-para-la-vacunacion-de-mayores-de-70-anos","status":"publish","type":"post","link":"https:\/\/vocesparalelas.com.ar\/sitio\/inscripcion-y-comienza-para-la-vacunacion-de-mayores-de-70-anos\/","title":{"rendered":"Inscripci\u00f3n y comienza para la vacunaci\u00f3n de mayores de 70 a\u00f1os"},"content":{"rendered":"<p>Continuando con el Plan Provincial de Vacunaci\u00f3n en San Juan y de acuerdo al cronograma prestablecido, desde este viernes 12 de marzo, los adultos mayores de 70 a\u00f1os podr\u00e1n inscribirse para acceder a la vacunaci\u00f3n contra el COVID-19<\/p>\n<p>La inscripci\u00f3n se realizar\u00e1 v\u00eda online y estar\u00e1 habilitada desde las 10:00 horas en SI San Juan. Se podr\u00e1n inscribir <a href=\"https:\/\/sisanjuan.gob.ar\/component\/banners\/click\/129\">haciendo clic aqu\u00ed <\/a>a partir del mencionado horario.<\/p>\n<p>Una vez inscriptos, los interesados recibir\u00e1n un mensaje de texto con el turno con el horario y d\u00eda en que deber\u00e1 presentarse en el centro de vacunaci\u00f3n.<\/p>\n<p>La inmunizaci\u00f3n, que comenzar\u00e1 a partir del lunes 15 de marzo, se realizar\u00e1 en los centros destinados a tal fin en los diferentes departamentos.<\/p>\n<p>Al momento de vacunarse, la persona puede acercarse sola o con un acompa\u00f1ante, debe llevar su DNI y no debe presentar s\u00edntomas.<\/p>\n<p><strong><span style=\"color: #ff0000;\">Lugares previstos por departamento para la vacunaci\u00f3n<\/span><\/strong><\/p>\n<table>\n<tbody>\n<tr>\n<td><span style=\"color: #ff0000;\"><strong>Departamento<\/strong><\/span><\/td>\n<td><span style=\"color: #ff0000;\"><strong>Lugar de vacunaci\u00f3n<\/strong><\/span><\/td>\n<\/tr>\n<tr>\n<td>Albard\u00f3n<\/td>\n<td>CIC La Laja<\/td>\n<\/tr>\n<tr>\n<td>Angaco<\/td>\n<td>Uni\u00f3n Vecinal Villa El Salvador<\/td>\n<\/tr>\n<tr>\n<td>Calingasta<\/td>\n<td>Uni\u00f3n Vecinal Villa Calingasta \u2013Barreal: Polideportivo Barreal<\/td>\n<\/tr>\n<tr>\n<td>Capital<\/td>\n<td>Polideportivo Escuela San Mart\u00edn<\/td>\n<\/tr>\n<tr>\n<td>Caucete<\/td>\n<td>Sal\u00f3n San Isidro<\/td>\n<\/tr>\n<tr>\n<td>Chimbas<\/td>\n<td>Parque de Chimbas<\/td>\n<\/tr>\n<tr>\n<td>Iglesia<\/td>\n<td>Polideportivo Municipal de Rodeo<\/td>\n<\/tr>\n<tr>\n<td>J\u00e1chal<\/td>\n<td>Teatro del Bicentenario<\/td>\n<\/tr>\n<tr>\n<td>9 de Julio<\/td>\n<td>Centro de Jubilados<\/td>\n<\/tr>\n<tr>\n<td>Pocito<\/td>\n<td>Sal\u00f3n La Posta (Mendoza entre calles 10 y 11)<\/td>\n<\/tr>\n<tr>\n<td>Rawson<\/td>\n<td>Teatro Kummel<\/td>\n<\/tr>\n<tr>\n<td>Rivadavia<\/td>\n<td>C\u00edrculo Andaluz<\/td>\n<\/tr>\n<tr>\n<td>San Mart\u00edn<\/td>\n<td>Estadio Marta Orellana<\/td>\n<\/tr>\n<tr>\n<td>Santa Luc\u00eda<\/td>\n<td>Uni\u00f3n Vecinal Santa Luc\u00eda Centro<\/td>\n<\/tr>\n<tr>\n<td>Sarmiento<\/td>\n<td>Centro Cultural<\/td>\n<\/tr>\n<tr>\n<td>Ullum<\/td>\n<td>CIC Ullum<\/td>\n<\/tr>\n<tr>\n<td>Valle F\u00e9rtil<\/td>\n<td>Sal\u00f3n Cultural<\/td>\n<\/tr>\n<tr>\n<td>25 de Mayo<\/td>\n<td>Polideportivo 25 de Mayo<\/td>\n<\/tr>\n<tr>\n<td>Zonda<\/td>\n<td>Sal\u00f3n de Eventos del Centro de Jubilados<\/td>\n<\/tr>\n<\/tbody>\n<\/table>\n<p>Cabe recordar el tiempo de espera para la colocaci\u00f3n de la segunda dosis, de acuerdo a cada vacuna:<\/p>\n<ul>\n<li><strong>Sputnik: <\/strong>a partir de los 21 d\u00edas de colocada la primera dosis.<strong><br \/>\n<\/strong><\/li>\n<li><strong>Covishield: <\/strong>entre 28 y 84 d\u00edas luego de colocada la primera dosis.<strong><br \/>\n<\/strong><\/li>\n<li><strong>Sinopharm: <\/strong>a partir de los 28 d\u00edas de colocada la primera dosis.<\/li>\n<\/ul>\n<p>&nbsp;<\/p>\n<p>&nbsp;<\/p>\n","protected":false},"excerpt":{"rendered":"<p>Continuando con el Plan Provincial de Vacunaci\u00f3n en San Juan y de acuerdo al cronograma prestablecido, desde este viernes 12<\/p>\n","protected":false},"author":3,"featured_media":35394,"comment_status":"closed","ping_status":"closed","sticky":false,"template":"","format":"standard","meta":{"_acf_changed":false,"_seopress_robots_primary_cat":"none","_seopress_titles_title":"","_seopress_titles_desc":"","_seopress_robots_index":"","colormag_page_container_layout":"default_layout","colormag_page_sidebar_layout":"default_layout","footnotes":""},"categories":[6],"tags":[],"class_list":["post-35995","post","type-post","status-publish","format-standard","has-post-thumbnail","hentry","category-eventos"],"acf":[],"_links":{"self":[{"href":"https:\/\/vocesparalelas.com.ar\/sitio\/wp-json\/wp\/v2\/posts\/35995","targetHints":{"allow":["GET"]}}],"collection":[{"href":"https:\/\/vocesparalelas.com.ar\/sitio\/wp-json\/wp\/v2\/posts"}],"about":[{"href":"https:\/\/vocesparalelas.com.ar\/sitio\/wp-json\/wp\/v2\/types\/post"}],"author":[{"embeddable":true,"href":"https:\/\/vocesparalelas.com.ar\/sitio\/wp-json\/wp\/v2\/users\/3"}],"replies":[{"embeddable":true,"href":"https:\/\/vocesparalelas.com.ar\/sitio\/wp-json\/wp\/v2\/comments?post=35995"}],"version-history":[{"count":1,"href":"https:\/\/vocesparalelas.com.ar\/sitio\/wp-json\/wp\/v2\/posts\/35995\/revisions"}],"predecessor-version":[{"id":35997,"href":"https:\/\/vocesparalelas.com.ar\/sitio\/wp-json\/wp\/v2\/posts\/35995\/revisions\/35997"}],"wp:featuredmedia":[{"embeddable":true,"href":"https:\/\/vocesparalelas.com.ar\/sitio\/wp-json\/wp\/v2\/media\/35394"}],"wp:attachment":[{"href":"https:\/\/vocesparalelas.com.ar\/sitio\/wp-json\/wp\/v2\/media?parent=35995"}],"wp:term":[{"taxonomy":"category","embeddable":true,"href":"https:\/\/vocesparalelas.com.ar\/sitio\/wp-json\/wp\/v2\/categories?post=35995"},{"taxonomy":"post_tag","embeddable":true,"href":"https:\/\/vocesparalelas.com.ar\/sitio\/wp-json\/wp\/v2\/tags?post=35995"}],"curies":[{"name":"wp","href":"https:\/\/api.w.org\/{rel}","templated":true}]}}