{"id":35991,"date":"2021-03-11T19:52:46","date_gmt":"2021-03-11T22:52:46","guid":{"rendered":"http:\/\/vocesparalelas.com.ar\/sitio\/?p=35991"},"modified":"2021-03-14T23:35:17","modified_gmt":"2021-03-15T02:35:17","slug":"el-consejo-superior-aprobo-la-propuesta-del-rector-y-se-reanuda-el-calendario-electoral","status":"publish","type":"post","link":"https:\/\/vocesparalelas.com.ar\/sitio\/el-consejo-superior-aprobo-la-propuesta-del-rector-y-se-reanuda-el-calendario-electoral\/","title":{"rendered":"El Consejo Superior aprob\u00f3 la propuesta del Rector y se reanuda el Calendario Electoral"},"content":{"rendered":"<p>Durante la sesi\u00f3n del Jueves, 11 de Marzo, el Consejo Superior de la Universidad Nacional de San Juan aprob\u00f3 la propuesta elevada por el rector Dr. Oscar Nasisi, en relaci\u00f3n al proceso de elecciones que se vio suspendido por razones de fuerza mayor a causa de la pandemia.<\/p>\n<p>En ese sentido, se decidi\u00f3 facultar a la Junta Electoral \u2013que ya est\u00e1 trabajando- para que haga los ajustes de fechas necesarios para adecuar el calendario electoral anterior al a\u00f1o 2021. De confirmarse estos ajustes, las elecciones podr\u00edan ser en el mes de junio.<\/p>\n<p>Durante el debate, qued\u00f3 en claro que si bien la potestad de aprobar elaborar y aprobar el Calendario Electoral le corresponde al Consejo Superior, se ha pedido la intervenci\u00f3n de la Junta para acelerar el proceso, dado que se utilizar\u00e1 el mismo calendario que se aprob\u00f3 en 2019, pero con las fechas adaptadas a 2021.\u00a0La propuesta fue aprobada por unanimidad.<\/p>\n<p><iframe loading=\"lazy\" title=\"UNSJ ELECCIONES\" width=\"800\" height=\"450\" src=\"https:\/\/www.youtube.com\/embed\/O6-utSMcfok?feature=oembed\" frameborder=\"0\" allow=\"accelerometer; autoplay; clipboard-write; encrypted-media; gyroscope; picture-in-picture\" allowfullscreen><\/iframe><\/p>\n<p>&nbsp;<\/p>\n<p>&nbsp;<\/p>\n<p>&nbsp;<\/p>\n","protected":false},"excerpt":{"rendered":"<p>Durante la sesi\u00f3n del Jueves, 11 de Marzo, el Consejo Superior de la Universidad Nacional de San Juan aprob\u00f3 la<\/p>\n","protected":false},"author":3,"featured_media":23399,"comment_status":"closed","ping_status":"closed","sticky":false,"template":"","format":"video","meta":{"_acf_changed":false,"_seopress_robots_primary_cat":"none","_seopress_titles_title":"","_seopress_titles_desc":"","_seopress_robots_index":"","colormag_page_container_layout":"default_layout","colormag_page_sidebar_layout":"default_layout","footnotes":""},"categories":[2,7],"tags":[],"class_list":["post-35991","post","type-post","status-publish","format-video","has-post-thumbnail","hentry","category-convocatorias","category-videos","post_format-post-format-video"],"acf":[],"_links":{"self":[{"href":"https:\/\/vocesparalelas.com.ar\/sitio\/wp-json\/wp\/v2\/posts\/35991","targetHints":{"allow":["GET"]}}],"collection":[{"href":"https:\/\/vocesparalelas.com.ar\/sitio\/wp-json\/wp\/v2\/posts"}],"about":[{"href":"https:\/\/vocesparalelas.com.ar\/sitio\/wp-json\/wp\/v2\/types\/post"}],"author":[{"embeddable":true,"href":"https:\/\/vocesparalelas.com.ar\/sitio\/wp-json\/wp\/v2\/users\/3"}],"replies":[{"embeddable":true,"href":"https:\/\/vocesparalelas.com.ar\/sitio\/wp-json\/wp\/v2\/comments?post=35991"}],"version-history":[{"count":3,"href":"https:\/\/vocesparalelas.com.ar\/sitio\/wp-json\/wp\/v2\/posts\/35991\/revisions"}],"predecessor-version":[{"id":36072,"href":"https:\/\/vocesparalelas.com.ar\/sitio\/wp-json\/wp\/v2\/posts\/35991\/revisions\/36072"}],"wp:featuredmedia":[{"embeddable":true,"href":"https:\/\/vocesparalelas.com.ar\/sitio\/wp-json\/wp\/v2\/media\/23399"}],"wp:attachment":[{"href":"https:\/\/vocesparalelas.com.ar\/sitio\/wp-json\/wp\/v2\/media?parent=35991"}],"wp:term":[{"taxonomy":"category","embeddable":true,"href":"https:\/\/vocesparalelas.com.ar\/sitio\/wp-json\/wp\/v2\/categories?post=35991"},{"taxonomy":"post_tag","embeddable":true,"href":"https:\/\/vocesparalelas.com.ar\/sitio\/wp-json\/wp\/v2\/tags?post=35991"}],"curies":[{"name":"wp","href":"https:\/\/api.w.org\/{rel}","templated":true}]}}