{"id":35980,"date":"2021-03-10T22:28:00","date_gmt":"2021-03-11T01:28:00","guid":{"rendered":"http:\/\/vocesparalelas.com.ar\/sitio\/?p=35980"},"modified":"2021-03-10T22:28:00","modified_gmt":"2021-03-11T01:28:00","slug":"se-analizo-los-proximos-pasos-legislativos-de-san-juan","status":"publish","type":"post","link":"https:\/\/vocesparalelas.com.ar\/sitio\/se-analizo-los-proximos-pasos-legislativos-de-san-juan\/","title":{"rendered":"Se analiz\u00f3 los pr\u00f3ximos pasos legislativos de San Juan"},"content":{"rendered":"<div class=\"itemFullText jbintrotext\">\n<p>El vicegobernador CPN Roberto Gattoni presidi\u00f3 la\u00a0 reuni\u00f3n del bloque Justicialista acompa\u00f1ado por su titular, diputado Juan Carlos Abarca, en cuyo transcurso fueron analizados distintos aspectos inherentes a la actualidad legislativa que tendr\u00e1 lugar en los pr\u00f3ximos d\u00edas.<\/p>\n<\/div>\n<div class=\"itemFullText\">\n<p>El encuentro tuvo lugar en el recinto de sesiones y congreg\u00f3 a las legisladores y legisladores que integran el bloque como Cecilia Ramella, Fernanda Paredes, Graciela Seva, Florencia Pe\u00f1aloza, Eduardo Cabello, Rodolfo Jalife, Jorge Barifusa, Jos\u00e9 Luis Esteve, Silvio Atencio, Juan Jos\u00e9 Chica, Gustavo Rodr\u00edguez, Miguel N\u00fa\u00f1ez, Mario Romero, Rub\u00e9n Carri\u00f3n, Gast\u00f3n Berenguer, Leonardo Gioja y Horacio Quiroga\u00a0y en la oportunidad mantuvieron un di\u00e1logo con el titular del Poder Legislativo.<\/p>\n<p><span style=\"color: #666699;\"><strong>Mensaje del Gobernador y apertura de sesiones<\/strong><\/span><\/p>\n<p>La ocasi\u00f3n fue propicia para analizar el presente del bloque y a la vez avanzar en la tarea del a\u00f1o legislativo que comenzar\u00e1 de manera formal el pr\u00f3ximo 1 de abril de 2021 con la realizaci\u00f3n de la apertura de sesiones del per\u00edodo ordinario que ser\u00e1 habilitado con el Mensaje Anual del gobernador de la provincia, Sergio U\u00f1ac, conforme al art\u00edculo 189\u00ba, inciso 6 de la Constituci\u00f3n de la provincia.<\/p>\n<p>Precisamente, bajo el t\u00edtulo Atribuciones, Deberes y Prohibiciones \u2013 Atribuciones y Deberes, en el art\u00edculo 189\u00ba inciso 6 de la Constituci\u00f3n se\u00f1ala que \u201cInforma a la C\u00e1mara de Diputados al iniciarse cada per\u00edodo de sesiones ordinarias, del estado general de la administraci\u00f3n, del movimiento de fondos que se hubiera producido dentro o fuera del presupuesto general durante el ejercicio econ\u00f3mico anterior y de las necesidades p\u00fablicas y sus soluciones inmediatas&#8230;\u201d<\/p>\n<p><span style=\"color: #666699;\"><strong>La Sesi\u00f3n Preparatoria<\/strong><\/span><\/p>\n<p>Asimismo, en el transcurso de la reuni\u00f3n fue confirmada la Sesi\u00f3n Preparatoria para el pr\u00f3ximo jueves 25 de marzo.<\/p>\n<p>En este sentido, el Reglamento Interno de la C\u00e1mara de Diputados de San Juan, establece en su Cap\u00edtulo I, bajo el t\u00edtulo De las sesiones preparatorias \u2013 Fecha de las sesiones preparatorias \u2013 Citaci\u00f3n, en el art\u00edculo 1\u00ba que \u201cDentro de los \u00faltimos diez d\u00edas del mes de marzo de cada a\u00f1o, la C\u00e1mara de Diputados se reunir\u00e1 en sesiones preparatorias para la elecci\u00f3n de la mesa directiva y fijaci\u00f3n de los d\u00edas y horas de sesiones. A este objeto, la Secretar\u00eda citar\u00e1 a los diputados con tres d\u00edas de anticipaci\u00f3n, por lo menos, reiterando la citaci\u00f3n si no se obtuviera qu\u00f3rum\u201d.<\/p>\n<\/div>\n<p><img loading=\"lazy\" decoding=\"async\" class=\"alignnone wp-image-35983 size-full\" src=\"https:\/\/vocesparalelas.com.ar\/sitio\/wp-content\/uploads\/2021\/03\/CAMARA-10-03-2.jpg\" alt=\"\" width=\"800\" height=\"365\" srcset=\"https:\/\/vocesparalelas.com.ar\/sitio\/wp-content\/uploads\/2021\/03\/CAMARA-10-03-2.jpg 800w, https:\/\/vocesparalelas.com.ar\/sitio\/wp-content\/uploads\/2021\/03\/CAMARA-10-03-2-300x137.jpg 300w, https:\/\/vocesparalelas.com.ar\/sitio\/wp-content\/uploads\/2021\/03\/CAMARA-10-03-2-768x350.jpg 768w\" sizes=\"auto, (max-width: 800px) 100vw, 800px\" \/><\/p>\n<p>&nbsp;<\/p>\n<p>&nbsp;<\/p>\n","protected":false},"excerpt":{"rendered":"<p>El vicegobernador CPN Roberto Gattoni presidi\u00f3 la\u00a0 reuni\u00f3n del bloque Justicialista acompa\u00f1ado por su titular, diputado Juan Carlos Abarca, en<\/p>\n","protected":false},"author":3,"featured_media":35982,"comment_status":"closed","ping_status":"closed","sticky":false,"template":"","format":"standard","meta":{"_acf_changed":false,"_seopress_robots_primary_cat":"none","_seopress_titles_title":"","_seopress_titles_desc":"","_seopress_robots_index":"","colormag_page_container_layout":"default_layout","colormag_page_sidebar_layout":"default_layout","footnotes":""},"categories":[1],"tags":[],"class_list":["post-35980","post","type-post","status-publish","format-standard","has-post-thumbnail","hentry","category-destacadas"],"acf":[],"_links":{"self":[{"href":"https:\/\/vocesparalelas.com.ar\/sitio\/wp-json\/wp\/v2\/posts\/35980","targetHints":{"allow":["GET"]}}],"collection":[{"href":"https:\/\/vocesparalelas.com.ar\/sitio\/wp-json\/wp\/v2\/posts"}],"about":[{"href":"https:\/\/vocesparalelas.com.ar\/sitio\/wp-json\/wp\/v2\/types\/post"}],"author":[{"embeddable":true,"href":"https:\/\/vocesparalelas.com.ar\/sitio\/wp-json\/wp\/v2\/users\/3"}],"replies":[{"embeddable":true,"href":"https:\/\/vocesparalelas.com.ar\/sitio\/wp-json\/wp\/v2\/comments?post=35980"}],"version-history":[{"count":1,"href":"https:\/\/vocesparalelas.com.ar\/sitio\/wp-json\/wp\/v2\/posts\/35980\/revisions"}],"predecessor-version":[{"id":35984,"href":"https:\/\/vocesparalelas.com.ar\/sitio\/wp-json\/wp\/v2\/posts\/35980\/revisions\/35984"}],"wp:featuredmedia":[{"embeddable":true,"href":"https:\/\/vocesparalelas.com.ar\/sitio\/wp-json\/wp\/v2\/media\/35982"}],"wp:attachment":[{"href":"https:\/\/vocesparalelas.com.ar\/sitio\/wp-json\/wp\/v2\/media?parent=35980"}],"wp:term":[{"taxonomy":"category","embeddable":true,"href":"https:\/\/vocesparalelas.com.ar\/sitio\/wp-json\/wp\/v2\/categories?post=35980"},{"taxonomy":"post_tag","embeddable":true,"href":"https:\/\/vocesparalelas.com.ar\/sitio\/wp-json\/wp\/v2\/tags?post=35980"}],"curies":[{"name":"wp","href":"https:\/\/api.w.org\/{rel}","templated":true}]}}