{"id":35974,"date":"2021-03-10T21:41:50","date_gmt":"2021-03-11T00:41:50","guid":{"rendered":"http:\/\/vocesparalelas.com.ar\/sitio\/?p=35974"},"modified":"2021-03-11T22:24:33","modified_gmt":"2021-03-12T01:24:33","slug":"muestra-memoria-de-telares-y-teleras","status":"publish","type":"post","link":"https:\/\/vocesparalelas.com.ar\/sitio\/muestra-memoria-de-telares-y-teleras\/","title":{"rendered":"Muestra \u00abMemoria de telares y teleras\u00bb"},"content":{"rendered":"<div id=\"contentNoticia\">\n<p>El Viernes, 12 de Marzo, a las 20 hs. queda inaugurada la muestra Memoria de telares y teleras. Homenaje a las cultoras del telar criollo de San Juan en el Foyer del Museo Provincial de Bellas Artes Franklin Rawson.<\/p>\n<p>Es una exposici\u00f3n colectiva y colaborativa del arte textil sanjuanino. Su producci\u00f3n y curadur\u00eda se gest\u00f3 a trav\u00e9s de actividades y encuentros realizados entre artesanas tejedoras de diferentes departamentos de San Juan (J\u00e1chal, Iglesia, Calingasta, Valle F\u00e9rtil y Albard\u00f3n) y un equipo interdisciplinario de dise\u00f1adores, artesanos, docentes e investigadores de la UNSJ.<\/p>\n<p>La muestra que se presenta por primera vez, manifiesta la importancia simb\u00f3lica y cultural del trabajo de todas las mujeres que a trav\u00e9s del tiempo han hilado, te\u00f1ido y tejido con infinita paciencia a lo largo y ancho de San Juan.<\/p>\n<p>\u201cMemoria de telares y teleras\u201d es un proyecto de Extensi\u00f3n Universitaria 2019\/2020 de la Universidad Nacional de San Juan. (Resol. N\u00ba 017\/19-CS) y elegido Proyecto ganador del Programa Provincial de Arte, Ciencia y Tecnolog\u00eda de la Secretar\u00eda de Ciencia, Tecnolog\u00eda e Innovaci\u00f3n del Gobierno de San Juan. (Resol. N\u00ba 0299-SECITI-2019).<\/p>\n<p><span style=\"color: #99cc00;\"><strong>Las artesanas participantes <\/strong><\/span><\/p>\n<p>Rita P\u00e1ez de Quiroga, Natividad P\u00e1ez, Teresa D\u00edaz, Margarita Fern\u00e1ndez, Silvana Gonz\u00e1lez, Lorena Gonz\u00e1lez, Hilda Isabel Cabrera, Feliza Herminia Cabrera, Graciela Cabrera, Ercilia Benita Tapia de Rivero, Edita Fern\u00e1ndez, Clara Quiroga, Ema Lorenza Carrizo, Noem\u00ed Salinas, Ermela Balmaceda, Edith Balmaceda, Elisa Mondaca, Catalina Rosario Ch\u00e1vez de D\u00edaz, Cristina Mariana Calivar de Ch\u00e1vez, Hilda Susana Olgu\u00edn, Eleuteria del Rosario Herrera, Gema Valeria Ch\u00e1vez, \u00c1ngela Ch\u00e1vez, Stella Marys Bravo Herrera, Nancy Elena Villafa\u00f1e, N\u00e9lida Calivar.<\/p>\n<p><span style=\"color: #99cc00;\"><strong>Equipo del Proyecto<\/strong><\/span><\/p>\n<ul>\n<li><strong><span style=\"color: #99cc00;\">Directora:<\/span><\/strong> Dise\u00f1adora Industrial esp. en Gr\u00e1fica Silvina V\u00e1zquez<\/li>\n<li><strong><span style=\"color: #99cc00;\">Codirectora:<\/span><\/strong> Lic. en Artes Visuales &#8211; Mg. Dis. Editorial Ana Yanina Gim\u00e9nez Gil<\/li>\n<\/ul>\n<p><span style=\"color: #99cc00;\"><strong>Integrantes<\/strong><\/span><\/p>\n<p>Prof. Investigadora en Artes Visuales Lorena Mar\u00eda Vanesa R\u00e9 | Lic. en Comunicaci\u00f3n Social Fabricio P\u00e9rez | Dise\u00f1adora de Indumentaria Valentina Fojo | Artesana Textil Miriam Atencio | Dise\u00f1adora Gr\u00e1fica Tatiana Fern\u00e1ndez | Dise\u00f1adora Gr\u00e1fica Natalia Morales Suvires | Lic. en Artes Visuales Ayel\u00e9n Salinas\u00a0 | Soci\u00f3logo &#8211; Artesano Textil Pablo Mart\u00edn Pulido | Antrop\u00f3loga Patricia Dreidemie| Colaboradora territorial en Valle F\u00e9rtil Rosa Ramona Herrera Burgoa | Estudiante de Dise\u00f1o Gr\u00e1fico Valentina Aguilar.<\/p>\n<p>Todo el recorrido del proyecto est\u00e1 concentrado en el sitio web <a href=\"https:\/\/www.teleras-sanjuan.org\/\" target=\"_blank\" rel=\"noopener noreferrer\">www.teleras-sanjuan.org<\/a><\/p>\n<p><span style=\"color: #99cc00;\"><strong>D\u00edas y horarios de visita del MPBA|FR<\/strong><\/span><\/p>\n<p>Martes a Domingo de 12 a 21hs. Lunes cerrado excepto feriados. Entrada general $100, jubilados y estudiantes $50, ni\u00f1os menores de 12 a\u00f1os gratis. Domingo gratis.<\/p>\n<p><strong><span style=\"color: #99cc00;\">Visitas guiadas<\/span><\/strong><\/p>\n<ul>\n<li>Martes, Jueves y S\u00e1bado, 19 hs.; grupos de hasta 10 personas, con previa reserva al 4200470\/1657<\/li>\n<li>De Martes a Viernes, de 12 a 20 hs, bajo estricto\u00a0protocolo.<\/li>\n<\/ul>\n<p><img loading=\"lazy\" decoding=\"async\" class=\"alignnone wp-image-22173 size-large\" src=\"https:\/\/vocesparalelas.com.ar\/sitio\/wp-content\/uploads\/2019\/07\/museo-fr-800x531.jpg\" alt=\"\" width=\"800\" height=\"531\" srcset=\"https:\/\/vocesparalelas.com.ar\/sitio\/wp-content\/uploads\/2019\/07\/museo-fr-800x531.jpg 800w, https:\/\/vocesparalelas.com.ar\/sitio\/wp-content\/uploads\/2019\/07\/museo-fr-300x199.jpg 300w, https:\/\/vocesparalelas.com.ar\/sitio\/wp-content\/uploads\/2019\/07\/museo-fr-768x510.jpg 768w, https:\/\/vocesparalelas.com.ar\/sitio\/wp-content\/uploads\/2019\/07\/museo-fr.jpg 1000w\" sizes=\"auto, (max-width: 800px) 100vw, 800px\" \/><\/p>\n<\/div>\n","protected":false},"excerpt":{"rendered":"<p>El Viernes, 12 de Marzo, a las 20 hs. queda inaugurada la muestra Memoria de telares y teleras. Homenaje a<\/p>\n","protected":false},"author":3,"featured_media":35976,"comment_status":"closed","ping_status":"closed","sticky":false,"template":"","format":"standard","meta":{"_acf_changed":false,"_seopress_robots_primary_cat":"none","_seopress_titles_title":"","_seopress_titles_desc":"","_seopress_robots_index":"","colormag_page_container_layout":"default_layout","colormag_page_sidebar_layout":"default_layout","footnotes":""},"categories":[20],"tags":[],"class_list":["post-35974","post","type-post","status-publish","format-standard","has-post-thumbnail","hentry","category-cartelera"],"acf":[],"_links":{"self":[{"href":"https:\/\/vocesparalelas.com.ar\/sitio\/wp-json\/wp\/v2\/posts\/35974","targetHints":{"allow":["GET"]}}],"collection":[{"href":"https:\/\/vocesparalelas.com.ar\/sitio\/wp-json\/wp\/v2\/posts"}],"about":[{"href":"https:\/\/vocesparalelas.com.ar\/sitio\/wp-json\/wp\/v2\/types\/post"}],"author":[{"embeddable":true,"href":"https:\/\/vocesparalelas.com.ar\/sitio\/wp-json\/wp\/v2\/users\/3"}],"replies":[{"embeddable":true,"href":"https:\/\/vocesparalelas.com.ar\/sitio\/wp-json\/wp\/v2\/comments?post=35974"}],"version-history":[{"count":1,"href":"https:\/\/vocesparalelas.com.ar\/sitio\/wp-json\/wp\/v2\/posts\/35974\/revisions"}],"predecessor-version":[{"id":35977,"href":"https:\/\/vocesparalelas.com.ar\/sitio\/wp-json\/wp\/v2\/posts\/35974\/revisions\/35977"}],"wp:featuredmedia":[{"embeddable":true,"href":"https:\/\/vocesparalelas.com.ar\/sitio\/wp-json\/wp\/v2\/media\/35976"}],"wp:attachment":[{"href":"https:\/\/vocesparalelas.com.ar\/sitio\/wp-json\/wp\/v2\/media?parent=35974"}],"wp:term":[{"taxonomy":"category","embeddable":true,"href":"https:\/\/vocesparalelas.com.ar\/sitio\/wp-json\/wp\/v2\/categories?post=35974"},{"taxonomy":"post_tag","embeddable":true,"href":"https:\/\/vocesparalelas.com.ar\/sitio\/wp-json\/wp\/v2\/tags?post=35974"}],"curies":[{"name":"wp","href":"https:\/\/api.w.org\/{rel}","templated":true}]}}