{"id":35969,"date":"2021-03-10T21:19:31","date_gmt":"2021-03-11T00:19:31","guid":{"rendered":"http:\/\/vocesparalelas.com.ar\/sitio\/?p=35969"},"modified":"2021-03-10T21:19:31","modified_gmt":"2021-03-11T00:19:31","slug":"conferencia-ley-trascendental-para-el-sistema-ciencia-tecnologia-e-innovacion","status":"publish","type":"post","link":"https:\/\/vocesparalelas.com.ar\/sitio\/conferencia-ley-trascendental-para-el-sistema-ciencia-tecnologia-e-innovacion\/","title":{"rendered":"Conferencia \u00abLey trascendental para el sistema ciencia, tecnolog\u00eda e innovaci\u00f3n\u00bb"},"content":{"rendered":"<p>&nbsp;<\/p>\n<p>La Secretar\u00eda de Estado de Ciencia, Tecnolog\u00eda e innovaci\u00f3n invita a participar en la reuni\u00f3n virtual programada para este jueves 11 de marzo a las 10 horas, que tendr\u00e1 como tema principal la Nueva Ley de Financiamiento del Sistema Nacional de Ciencia, Tecnolog\u00eda e Innovaci\u00f3n, su alcance y la perspectiva de esta nueva norma que impactar\u00e1 sobre el sistema de ciencia y tecnolog\u00eda nacional.<\/p>\n<p>La actividad tiene como disertantes a Ing. Agr. Claudia Bernazza, diputada nacional por el Frente de Todos, coautora de la ley; Dr. Rub\u00e9n U\u00f1ac, senador nacional por el Frente de Todos y Ing. Tulio Abel Del Bono, secretario de Estado de Ciencia, Tecnolog\u00eda e Innovaci\u00f3n del Gobierno de la Provincia de San Juan. Est\u00e1 previsto que modere el encuentro la subsecretaria de Promoci\u00f3n de la Actividad Cient\u00edfica y Tecnol\u00f3gica de la SECITI, Ing. Marita Benavente.<\/p>\n<p>&nbsp;<\/p>\n<p><img loading=\"lazy\" decoding=\"async\" class=\"alignnone wp-image-35971 size-full\" src=\"https:\/\/vocesparalelas.com.ar\/sitio\/wp-content\/uploads\/2021\/03\/LEY-FINANCIAMIENTO.jpg\" alt=\"\" width=\"800\" height=\"768\" srcset=\"https:\/\/vocesparalelas.com.ar\/sitio\/wp-content\/uploads\/2021\/03\/LEY-FINANCIAMIENTO.jpg 800w, https:\/\/vocesparalelas.com.ar\/sitio\/wp-content\/uploads\/2021\/03\/LEY-FINANCIAMIENTO-300x288.jpg 300w, https:\/\/vocesparalelas.com.ar\/sitio\/wp-content\/uploads\/2021\/03\/LEY-FINANCIAMIENTO-768x737.jpg 768w\" sizes=\"auto, (max-width: 800px) 100vw, 800px\" \/><\/p>\n<p>&nbsp;<\/p>\n<p><a href=\"http:\/\/bit.ly\/LeyNacionalCTI\">http:\/\/bit.ly\/LeyNacionalCTI<\/a><\/p>\n<p>&nbsp;<\/p>\n<p>Una buena oportunidad para conocer a fondo una ley trascendental para el sistema ciencia, tecnolog\u00eda e innovaci\u00f3n.<\/p>\n","protected":false},"excerpt":{"rendered":"<p>&nbsp; La Secretar\u00eda de Estado de Ciencia, Tecnolog\u00eda e innovaci\u00f3n invita a participar en la reuni\u00f3n virtual programada para este<\/p>\n","protected":false},"author":3,"featured_media":35972,"comment_status":"closed","ping_status":"closed","sticky":false,"template":"","format":"standard","meta":{"_acf_changed":false,"_seopress_robots_primary_cat":"none","_seopress_titles_title":"","_seopress_titles_desc":"","_seopress_robots_index":"","colormag_page_container_layout":"default_layout","colormag_page_sidebar_layout":"default_layout","footnotes":""},"categories":[1],"tags":[],"class_list":["post-35969","post","type-post","status-publish","format-standard","has-post-thumbnail","hentry","category-destacadas"],"acf":[],"_links":{"self":[{"href":"https:\/\/vocesparalelas.com.ar\/sitio\/wp-json\/wp\/v2\/posts\/35969","targetHints":{"allow":["GET"]}}],"collection":[{"href":"https:\/\/vocesparalelas.com.ar\/sitio\/wp-json\/wp\/v2\/posts"}],"about":[{"href":"https:\/\/vocesparalelas.com.ar\/sitio\/wp-json\/wp\/v2\/types\/post"}],"author":[{"embeddable":true,"href":"https:\/\/vocesparalelas.com.ar\/sitio\/wp-json\/wp\/v2\/users\/3"}],"replies":[{"embeddable":true,"href":"https:\/\/vocesparalelas.com.ar\/sitio\/wp-json\/wp\/v2\/comments?post=35969"}],"version-history":[{"count":1,"href":"https:\/\/vocesparalelas.com.ar\/sitio\/wp-json\/wp\/v2\/posts\/35969\/revisions"}],"predecessor-version":[{"id":35973,"href":"https:\/\/vocesparalelas.com.ar\/sitio\/wp-json\/wp\/v2\/posts\/35969\/revisions\/35973"}],"wp:featuredmedia":[{"embeddable":true,"href":"https:\/\/vocesparalelas.com.ar\/sitio\/wp-json\/wp\/v2\/media\/35972"}],"wp:attachment":[{"href":"https:\/\/vocesparalelas.com.ar\/sitio\/wp-json\/wp\/v2\/media?parent=35969"}],"wp:term":[{"taxonomy":"category","embeddable":true,"href":"https:\/\/vocesparalelas.com.ar\/sitio\/wp-json\/wp\/v2\/categories?post=35969"},{"taxonomy":"post_tag","embeddable":true,"href":"https:\/\/vocesparalelas.com.ar\/sitio\/wp-json\/wp\/v2\/tags?post=35969"}],"curies":[{"name":"wp","href":"https:\/\/api.w.org\/{rel}","templated":true}]}}