{"id":35946,"date":"2021-03-10T20:11:35","date_gmt":"2021-03-10T23:11:35","guid":{"rendered":"http:\/\/vocesparalelas.com.ar\/sitio\/?p=35946"},"modified":"2021-03-10T20:12:27","modified_gmt":"2021-03-10T23:12:27","slug":"el-embajador-de-canada-en-argentina-y-paraguay-lic-david-usher-en-san-juan","status":"publish","type":"post","link":"https:\/\/vocesparalelas.com.ar\/sitio\/el-embajador-de-canada-en-argentina-y-paraguay-lic-david-usher-en-san-juan\/","title":{"rendered":"El Embajador de Canad\u00e1 en Argentina y Paraguay, Lic. David Usher en San Juan"},"content":{"rendered":"<p>En los jardines de Casa de Gobierno, el Gobernador de San Juan, Dr. Sergio U\u00f1ac present\u00f3 saludos protocolares al embajador de Canad\u00e1 en Argentina y Paraguay, Lic. David Usher.<\/p>\n<p>A su llegada fue recibido por el gobernador en primera instancia, acompa\u00f1ado por una formaci\u00f3n de la Polic\u00eda de San Juan y la Escuela de M\u00fasica.<\/p>\n<p>Acompa\u00f1aron en los saludos protocolares: el vicegobernador de la provincia, CPN Roberto Gattoni; los ministros de Salud P\u00fablica, Dra. Alejandra Venerando; de Desarrollo Humano y Promoci\u00f3n Social Prof. Fabi\u00e1n Aballay; de Educaci\u00f3n, Lic. Felipe De los R\u00edos; de Gobierno, Dra. Fabiola Aubone; de Hacienda y Finanzas, CPN \u00a0Marisa L\u00f3pez; de Miner\u00eda, Ing. Carlos Astudillo; de Obras y Servicios P\u00fablicos Ing. Julio Ortiz Andino y de Turismo y Cultura Lic. Claudia Grynszpan; los secretarios de Seguridad y Orden P\u00fablico, Dr. Carlos Munisaga; de Ambiente y Desarrollo Sustentable Lic. Ra\u00fal Tello; de Ciencia, Tecnolog\u00eda e Innovaci\u00f3n Ing. Tulio Del Bono; de Deportes Jorge Chica; el secretario General de la Gobernaci\u00f3n, CPN Juan Flores; de Agricultura, Ganader\u00eda y Agroindustria Lic. Marcelo Balderramo; de Relaciones Institucionales Lic. Marcelo Fretes ;el subsecretario de la Unidad Gobernaci\u00f3n, Luis Rueda y el asesor Letrado de Gobierno, Dr. Carlos Lorenzo.<\/p>\n<p>&nbsp;<\/p>\n<p><iframe loading=\"lazy\" title=\"Visita del Embajador de Canad\u00e1 en Argentina\" width=\"800\" height=\"450\" src=\"https:\/\/www.youtube.com\/embed\/gPimOl8hX8Y?feature=oembed\" frameborder=\"0\" allow=\"accelerometer; autoplay; clipboard-write; encrypted-media; gyroscope; picture-in-picture\" allowfullscreen><\/iframe><\/p>\n<p>&nbsp;<\/p>\n<p>Mediante el decreto n\u00famero 305 el Gobierno de la Provincia de San Juan se declar\u00f3 hu\u00e9sped de honor durante su estada al embajador de Canad\u00e1 en la Argentina , Lic. David Usher. Adem\u00e1s, se le entreg\u00f3, la moneda con la imagen acu\u00f1ada de Domingo Faustino Sarmiento y el Libro con fotograf\u00edas de San Juan.<\/p>\n<p><img loading=\"lazy\" decoding=\"async\" class=\"alignnone wp-image-35950 size-full\" src=\"https:\/\/vocesparalelas.com.ar\/sitio\/wp-content\/uploads\/2021\/03\/David-Usher-03.jpg\" alt=\"\" width=\"800\" height=\"533\" srcset=\"https:\/\/vocesparalelas.com.ar\/sitio\/wp-content\/uploads\/2021\/03\/David-Usher-03.jpg 800w, https:\/\/vocesparalelas.com.ar\/sitio\/wp-content\/uploads\/2021\/03\/David-Usher-03-300x200.jpg 300w, https:\/\/vocesparalelas.com.ar\/sitio\/wp-content\/uploads\/2021\/03\/David-Usher-03-768x512.jpg 768w\" sizes=\"auto, (max-width: 800px) 100vw, 800px\" \/><\/p>\n<p><img loading=\"lazy\" decoding=\"async\" class=\"alignnone wp-image-35949 size-full\" src=\"https:\/\/vocesparalelas.com.ar\/sitio\/wp-content\/uploads\/2021\/03\/David-Usher-02.jpg\" alt=\"\" width=\"800\" height=\"533\" srcset=\"https:\/\/vocesparalelas.com.ar\/sitio\/wp-content\/uploads\/2021\/03\/David-Usher-02.jpg 800w, https:\/\/vocesparalelas.com.ar\/sitio\/wp-content\/uploads\/2021\/03\/David-Usher-02-300x200.jpg 300w, https:\/\/vocesparalelas.com.ar\/sitio\/wp-content\/uploads\/2021\/03\/David-Usher-02-768x512.jpg 768w\" sizes=\"auto, (max-width: 800px) 100vw, 800px\" \/><\/p>\n<p><img loading=\"lazy\" decoding=\"async\" class=\"alignnone wp-image-35948 size-full\" src=\"https:\/\/vocesparalelas.com.ar\/sitio\/wp-content\/uploads\/2021\/03\/David-Usher-01.jpg\" alt=\"\" width=\"800\" height=\"533\" srcset=\"https:\/\/vocesparalelas.com.ar\/sitio\/wp-content\/uploads\/2021\/03\/David-Usher-01.jpg 800w, https:\/\/vocesparalelas.com.ar\/sitio\/wp-content\/uploads\/2021\/03\/David-Usher-01-300x200.jpg 300w, https:\/\/vocesparalelas.com.ar\/sitio\/wp-content\/uploads\/2021\/03\/David-Usher-01-768x512.jpg 768w\" sizes=\"auto, (max-width: 800px) 100vw, 800px\" \/><\/p>\n<p>\u201cEs un gran honor estar aqu\u00ed con el Gobernador y todos nuestros amigos de San Juan y el pueblo que nos recibe. Va a ser una visita muy importante para nosotros y esperamos poder fortalecer los lazos de Canad\u00e1 y la linda provincia de San Juan\u201d, manifest\u00f3 el diplom\u00e1tico canadiense.<\/p>\n<p>Tras los saludos protocolares correspondientes, la reuni\u00f3n entre el Gobernador, el diplom\u00e1tico y el Gabinete, tuvo lugar en la Sala Rogelio Cerdera, ocasi\u00f3n en la que el primer mandatario sanjuanino destac\u00f3 que Usher \u00abtiene una agenda organizada con el recorrido de distintos lugares hist\u00f3ricos de San Juan y agenda de gobierno con ministros, una visita al emprendimiento Veladero este viernes, entre otras actividades\u201d.<\/p>\n<p>El encuentro finaliz\u00f3 con la entrega a Usher de una medalla de plata realizada por un orfebre sanjuanino , en cuyo anverso se encuentra una imagen de Domingo Faustino Sarmiento y en el reverso el Escudo de San Juan, adem\u00e1s de un libro que contiene informaci\u00f3n de diversos aspectos de la provincia.<\/p>\n<p><strong><span style=\"color: #99cc00;\">David Usher, un embajador multifac\u00e9tico<\/span><\/strong><\/p>\n<p>El diplom\u00e1tico es licenciado en Historia, egresado de la Universidad Carleton en 1979; Licenciado en Educaci\u00f3n en la Universidad de Ottawa, 1980; Mag\u00edster en Educaci\u00f3n por la Universidad de Toronto,1986. En 1991 se uni\u00f3 al departamento de Asuntos Externos y Comercio Internacional de Canad\u00e1 en calidad de Comisionado para el Comercio. Anteriormente, se dedic\u00f3 al desarrollo en Nigeria, Malawi, Hait\u00ed y Filipinas.<\/p>\n<p>De 1994 a 1997, se desempe\u00f1\u00f3 como Segundo Secretario en la Embajada en Turqu\u00eda. En 2001, se convirti\u00f3 en Consejero de la Misi\u00f3n Permanente de Canad\u00e1 ante la Organizaci\u00f3n Mundial del Comercio, en Ginebra.<\/p>\n<p>Desde 2004 hasta 2008, fue Director de la Divisi\u00f3n de Pol\u00edticas de Controles Comerciales y luego de la Divisi\u00f3n de Controles de Madera Blanda. De 2008 a 2009, fue asesor departamental principal en la Oficina del Ministro de Comercio Internacional.<\/p>\n<p>Desde 2009 hasta 2012, actu\u00f3 como Ministro Consejero y representante adjunto en la Delegaci\u00f3n Permanente de Canad\u00e1 ante la OCDE, en Par\u00eds. De 2012, por tres a\u00f1os fue Embajador en Etiop\u00eda y Djibouti y observador permanente en la Uni\u00f3n Africana. En septiembre de 2015, fue designado Director General de Negociaciones Comerciales en Global Affairs Canada, ocup\u00e1ndose de una amplia gama de temas de la pol\u00edtica comercial.<\/p>\n<p>&nbsp;<\/p>\n<p>&nbsp;<\/p>\n<p>&nbsp;<\/p>\n","protected":false},"excerpt":{"rendered":"<p>En los jardines de Casa de Gobierno, el Gobernador de San Juan, Dr. Sergio U\u00f1ac present\u00f3 saludos protocolares al embajador<\/p>\n","protected":false},"author":3,"featured_media":35954,"comment_status":"closed","ping_status":"closed","sticky":false,"template":"","format":"video","meta":{"_acf_changed":false,"_seopress_robots_primary_cat":"none","_seopress_titles_title":"","_seopress_titles_desc":"","_seopress_robots_index":"","colormag_page_container_layout":"default_layout","colormag_page_sidebar_layout":"default_layout","footnotes":""},"categories":[1,7],"tags":[],"class_list":["post-35946","post","type-post","status-publish","format-video","has-post-thumbnail","hentry","category-destacadas","category-videos","post_format-post-format-video"],"acf":[],"_links":{"self":[{"href":"https:\/\/vocesparalelas.com.ar\/sitio\/wp-json\/wp\/v2\/posts\/35946","targetHints":{"allow":["GET"]}}],"collection":[{"href":"https:\/\/vocesparalelas.com.ar\/sitio\/wp-json\/wp\/v2\/posts"}],"about":[{"href":"https:\/\/vocesparalelas.com.ar\/sitio\/wp-json\/wp\/v2\/types\/post"}],"author":[{"embeddable":true,"href":"https:\/\/vocesparalelas.com.ar\/sitio\/wp-json\/wp\/v2\/users\/3"}],"replies":[{"embeddable":true,"href":"https:\/\/vocesparalelas.com.ar\/sitio\/wp-json\/wp\/v2\/comments?post=35946"}],"version-history":[{"count":1,"href":"https:\/\/vocesparalelas.com.ar\/sitio\/wp-json\/wp\/v2\/posts\/35946\/revisions"}],"predecessor-version":[{"id":35955,"href":"https:\/\/vocesparalelas.com.ar\/sitio\/wp-json\/wp\/v2\/posts\/35946\/revisions\/35955"}],"wp:featuredmedia":[{"embeddable":true,"href":"https:\/\/vocesparalelas.com.ar\/sitio\/wp-json\/wp\/v2\/media\/35954"}],"wp:attachment":[{"href":"https:\/\/vocesparalelas.com.ar\/sitio\/wp-json\/wp\/v2\/media?parent=35946"}],"wp:term":[{"taxonomy":"category","embeddable":true,"href":"https:\/\/vocesparalelas.com.ar\/sitio\/wp-json\/wp\/v2\/categories?post=35946"},{"taxonomy":"post_tag","embeddable":true,"href":"https:\/\/vocesparalelas.com.ar\/sitio\/wp-json\/wp\/v2\/tags?post=35946"}],"curies":[{"name":"wp","href":"https:\/\/api.w.org\/{rel}","templated":true}]}}