{"id":35928,"date":"2021-03-09T23:55:18","date_gmt":"2021-03-10T02:55:18","guid":{"rendered":"http:\/\/vocesparalelas.com.ar\/sitio\/?p=35928"},"modified":"2021-03-10T00:16:12","modified_gmt":"2021-03-10T03:16:12","slug":"capacitan-al-personal-de-las-fuerzas-de-seguridad-de-san-juan-sobre-el-plan-provincial-de-vacunacion-contra-el-covid-19","status":"publish","type":"post","link":"https:\/\/vocesparalelas.com.ar\/sitio\/capacitan-al-personal-de-las-fuerzas-de-seguridad-de-san-juan-sobre-el-plan-provincial-de-vacunacion-contra-el-covid-19\/","title":{"rendered":"Capacitan al personal de las Fuerzas de Seguridad de San Juan sobre el Plan Provincial de Vacunaci\u00f3n contra el COVID-19"},"content":{"rendered":"<p>Durante el Martes, 9 de Marzo, personal militar del Rim 22, de la Polic\u00eda de San Juan y del Servicio Penitenciario Provincial participaron de una capacitaci\u00f3n con profesionales del Ministerio de Salud, para conocer detalles de la campa\u00f1a de vacunaci\u00f3n en cuanto a registro, almacenamiento de vacunas y procesamiento de datos, entre otros.<\/p>\n<p>El objetivo primario es conocer todos los detalles de la campa\u00f1a de inmunizaci\u00f3n, preparar a los equipos sanitarios que deber\u00e1n respetar ciertos lineamientos en las distintas etapas del plan, program\u00e1tica, asistencial y log\u00edstica.<\/p>\n<p>La capacitaci\u00f3n se llev\u00f3 a cabo en la sala de conferencias Dante Pantuso, primer piso del estadio Aldo Cantoni.<\/p>\n<p><span style=\"color: #ff0000;\"><strong>Reuni\u00f3n<\/strong><\/span><\/p>\n<p>Para dialogar sobre la campa\u00f1a de vacunaci\u00f3n, espec\u00edficamente, a los integrantes del RIM 22, la ministra de Salud de la provincia, Alejandra Venerando y el subsecretario de Medicina Preventiva, Matias Espejo visitaron al jefe del Regimiento, Teniente Coronel, Rolando Labrouse.<\/p>\n<p>Las autoridades dispusieron la log\u00edstica a implementar y el lugar donde se proceder\u00e1 a vacunar a los integrantes de la mencionada delegaci\u00f3n militar.<\/p>\n<p>Tras el encuentro, la ministro Venerando expres\u00f3 que \u201chemos conversado con el coronel Labrousse y con todo su equipo del \u00e1rea sanitaria sobre como efectivizar la vacunaci\u00f3n, junto a Gendarmer\u00eda Nacional y as\u00ed ampliar la necesidad de inmunizar a las fuerzas armadas. Es muy importante que podamos trabajar articuladamente con sus profesionales dentro del \u00e1mbito sanitario y poder efectivizar el trabajo\u201d, dijo.<\/p>\n<p>Por su parte, el Teniente Coronel Rolando Labrousse, jefe del RIM 22, sostuvo que \u201chemos recibido en nuestro Regimiento a la Sra. Ministro de Salud con la finalidad de articular, de alguna manera, el inicio de la vacunaci\u00f3n de todo el personal integrante del Regimiento\u201d expres\u00f3. \u201cpudimos visitar algunas dependencias del cuartel para que la se\u00f1ora ministro conociera los lugares indicados y, de acuerdo al criterio sanitario, elijan cual es la mejor instalaci\u00f3n de las que est\u00e1n disponible\u201d, cerr\u00f3.<\/p>\n<p>Si bien, no dio detalles de la cantidad de integrantes de la fuerza a vacunar, trascendi\u00f3 que el n\u00famero asciende a 500 militares que recibir\u00e1n la vacuna en los distintos grupos, mayores de 45, poblaci\u00f3n de riesgo y el resto.<\/p>\n<p>&nbsp;<\/p>\n<p><img loading=\"lazy\" decoding=\"async\" class=\"alignnone wp-image-35930 size-full\" src=\"https:\/\/vocesparalelas.com.ar\/sitio\/wp-content\/uploads\/2021\/03\/RIM-22-10.jpg\" alt=\"\" width=\"800\" height=\"530\" srcset=\"https:\/\/vocesparalelas.com.ar\/sitio\/wp-content\/uploads\/2021\/03\/RIM-22-10.jpg 800w, https:\/\/vocesparalelas.com.ar\/sitio\/wp-content\/uploads\/2021\/03\/RIM-22-10-300x199.jpg 300w, https:\/\/vocesparalelas.com.ar\/sitio\/wp-content\/uploads\/2021\/03\/RIM-22-10-768x509.jpg 768w\" sizes=\"auto, (max-width: 800px) 100vw, 800px\" \/><\/p>\n","protected":false},"excerpt":{"rendered":"<p>Durante el Martes, 9 de Marzo, personal militar del Rim 22, de la Polic\u00eda de San Juan y del Servicio<\/p>\n","protected":false},"author":3,"featured_media":35931,"comment_status":"closed","ping_status":"closed","sticky":false,"template":"","format":"standard","meta":{"_acf_changed":false,"_seopress_robots_primary_cat":"none","_seopress_titles_title":"","_seopress_titles_desc":"","_seopress_robots_index":"","colormag_page_container_layout":"default_layout","colormag_page_sidebar_layout":"default_layout","footnotes":""},"categories":[1],"tags":[],"class_list":["post-35928","post","type-post","status-publish","format-standard","has-post-thumbnail","hentry","category-destacadas"],"acf":[],"_links":{"self":[{"href":"https:\/\/vocesparalelas.com.ar\/sitio\/wp-json\/wp\/v2\/posts\/35928","targetHints":{"allow":["GET"]}}],"collection":[{"href":"https:\/\/vocesparalelas.com.ar\/sitio\/wp-json\/wp\/v2\/posts"}],"about":[{"href":"https:\/\/vocesparalelas.com.ar\/sitio\/wp-json\/wp\/v2\/types\/post"}],"author":[{"embeddable":true,"href":"https:\/\/vocesparalelas.com.ar\/sitio\/wp-json\/wp\/v2\/users\/3"}],"replies":[{"embeddable":true,"href":"https:\/\/vocesparalelas.com.ar\/sitio\/wp-json\/wp\/v2\/comments?post=35928"}],"version-history":[{"count":3,"href":"https:\/\/vocesparalelas.com.ar\/sitio\/wp-json\/wp\/v2\/posts\/35928\/revisions"}],"predecessor-version":[{"id":35934,"href":"https:\/\/vocesparalelas.com.ar\/sitio\/wp-json\/wp\/v2\/posts\/35928\/revisions\/35934"}],"wp:featuredmedia":[{"embeddable":true,"href":"https:\/\/vocesparalelas.com.ar\/sitio\/wp-json\/wp\/v2\/media\/35931"}],"wp:attachment":[{"href":"https:\/\/vocesparalelas.com.ar\/sitio\/wp-json\/wp\/v2\/media?parent=35928"}],"wp:term":[{"taxonomy":"category","embeddable":true,"href":"https:\/\/vocesparalelas.com.ar\/sitio\/wp-json\/wp\/v2\/categories?post=35928"},{"taxonomy":"post_tag","embeddable":true,"href":"https:\/\/vocesparalelas.com.ar\/sitio\/wp-json\/wp\/v2\/tags?post=35928"}],"curies":[{"name":"wp","href":"https:\/\/api.w.org\/{rel}","templated":true}]}}