{"id":35897,"date":"2021-03-09T22:36:13","date_gmt":"2021-03-10T01:36:13","guid":{"rendered":"http:\/\/vocesparalelas.com.ar\/sitio\/?p=35897"},"modified":"2021-03-09T23:40:43","modified_gmt":"2021-03-10T02:40:43","slug":"se-firmo-un-convenio-entre-el-inti-la-unsj-y-el-gobierno-de-san-juan-para-fortalecer-la-competitividad-de-empresas-locales","status":"publish","type":"post","link":"https:\/\/vocesparalelas.com.ar\/sitio\/se-firmo-un-convenio-entre-el-inti-la-unsj-y-el-gobierno-de-san-juan-para-fortalecer-la-competitividad-de-empresas-locales\/","title":{"rendered":"Se firm\u00f3 un convenio entre el INTI, la UNSJ y el Gobierno de San Juan para fortalecer la competitividad de empresas locales"},"content":{"rendered":"<p>En Casa de Gobierno se realiz\u00f3 el acto donde el\u00a0Instituto Nacional de Tecnolog\u00eda Industrial &#8211; INTI -, la Universidad Nacional de San Juan y el Gobierno de San Juan firmaron un convenio para la optimizaci\u00f3n de la competitividad de las empresas a trav\u00e9s del Programa Dise\u00f1ador en la Empresa &#8211; PRODISE.<\/p>\n<p>Para la puesta en marcha del programa, la Secretar\u00eda de Estado de Ciencia, Tecnolog\u00eda e Innovaci\u00f3n &#8211; SECITI &#8211; del Gobierno de San Juan otorga un subsidio de $4.150.000 para su financiamiento.<\/p>\n<p><img loading=\"lazy\" decoding=\"async\" class=\"alignnone wp-image-35902 size-full\" src=\"https:\/\/vocesparalelas.com.ar\/sitio\/wp-content\/uploads\/2021\/03\/INTI-UNSJ-03.jpg\" alt=\"\" width=\"800\" height=\"533\" srcset=\"https:\/\/vocesparalelas.com.ar\/sitio\/wp-content\/uploads\/2021\/03\/INTI-UNSJ-03.jpg 800w, https:\/\/vocesparalelas.com.ar\/sitio\/wp-content\/uploads\/2021\/03\/INTI-UNSJ-03-300x200.jpg 300w, https:\/\/vocesparalelas.com.ar\/sitio\/wp-content\/uploads\/2021\/03\/INTI-UNSJ-03-768x512.jpg 768w\" sizes=\"auto, (max-width: 800px) 100vw, 800px\" \/><\/p>\n<p><img loading=\"lazy\" decoding=\"async\" class=\"alignnone wp-image-35903 size-full\" src=\"https:\/\/vocesparalelas.com.ar\/sitio\/wp-content\/uploads\/2021\/03\/INTI-UNSJ-04.jpg\" alt=\"\" width=\"800\" height=\"533\" srcset=\"https:\/\/vocesparalelas.com.ar\/sitio\/wp-content\/uploads\/2021\/03\/INTI-UNSJ-04.jpg 800w, https:\/\/vocesparalelas.com.ar\/sitio\/wp-content\/uploads\/2021\/03\/INTI-UNSJ-04-300x200.jpg 300w, https:\/\/vocesparalelas.com.ar\/sitio\/wp-content\/uploads\/2021\/03\/INTI-UNSJ-04-768x512.jpg 768w\" sizes=\"auto, (max-width: 800px) 100vw, 800px\" \/><\/p>\n<p><img loading=\"lazy\" decoding=\"async\" class=\"alignnone wp-image-35904 size-full\" src=\"https:\/\/vocesparalelas.com.ar\/sitio\/wp-content\/uploads\/2021\/03\/INTI-UNSJ-05.jpg\" alt=\"\" width=\"800\" height=\"533\" srcset=\"https:\/\/vocesparalelas.com.ar\/sitio\/wp-content\/uploads\/2021\/03\/INTI-UNSJ-05.jpg 800w, https:\/\/vocesparalelas.com.ar\/sitio\/wp-content\/uploads\/2021\/03\/INTI-UNSJ-05-300x200.jpg 300w, https:\/\/vocesparalelas.com.ar\/sitio\/wp-content\/uploads\/2021\/03\/INTI-UNSJ-05-768x512.jpg 768w\" sizes=\"auto, (max-width: 800px) 100vw, 800px\" \/><\/p>\n<p><img loading=\"lazy\" decoding=\"async\" class=\"alignnone wp-image-35900 size-full\" src=\"https:\/\/vocesparalelas.com.ar\/sitio\/wp-content\/uploads\/2021\/03\/INTI-UNDJ-02.jpg\" alt=\"\" width=\"800\" height=\"533\" srcset=\"https:\/\/vocesparalelas.com.ar\/sitio\/wp-content\/uploads\/2021\/03\/INTI-UNDJ-02.jpg 800w, https:\/\/vocesparalelas.com.ar\/sitio\/wp-content\/uploads\/2021\/03\/INTI-UNDJ-02-300x200.jpg 300w, https:\/\/vocesparalelas.com.ar\/sitio\/wp-content\/uploads\/2021\/03\/INTI-UNDJ-02-768x512.jpg 768w\" sizes=\"auto, (max-width: 800px) 100vw, 800px\" \/><\/p>\n<p>El acto estuvo presidido por el vicegobernador de la Provincia en ejercicio del Poder Ejecutivo, CPN Roberto Gattoni; el presidente del Instituto Nacional de Tecnolog\u00edas Industriales, Dr. Rub\u00e9n Geneyro; el titular de la SECITI, Ing. Tulio Del Bono; el rector de la UNSJ, Dr. Oscar Nasisi; el decano de la Facultad de Arquitectura, Dise\u00f1o y Urbanismo de la UNSJ, \u00a0Arq. Roberto G\u00f3mez; el secretario de Industria y Comercio, Lic. Alejandro Mestre; el secretario de Pol\u00edticas Econ\u00f3micas, Ing. Alejandro Moreno, entre otros.<\/p>\n<p>La convocatoria est\u00e1 dirigida a fortalecer la vinculaci\u00f3n entre empresas, cooperativas, municipios y profesionales del dise\u00f1o, para desarrollar estrategias de comunicaci\u00f3n visual integral, optimizar procesos y t\u00e9cnicas productivas, e innovar y mejorar sus productos, a fin de ampliar oferta y captar nuevos mercados, que lleven a posicionar a las empresas en el contexto local, nacional y\/o internacional.<\/p>\n<p>Durante el encuentro, el Secretario del SECITI, Ing. Tulio Del Bono se refiri\u00f3 a la concreci\u00f3n de una \u201calianza estrat\u00e9gica importante con la UNSJ y con el INTI, mediante la cual brindaremos un subsidio a 30 empresas locales para que incorporen innovaci\u00f3n, tanto en la parte gr\u00e1fica como en la parte industrial, subsidiado por el Gobierno provincial con la \u00fanica condici\u00f3n de que ese trabajo lo hagan con estos dise\u00f1adores que tenemos la garant\u00eda que por haber sido capacitados por el INTI tienen ya una experiencia previa importante. La convocatoria est\u00e1 lanzada. Vamos a tratar de hacer una evaluaci\u00f3n correspondiente con el fin de generar un efecto de demostraci\u00f3n. Cuando el resto de las empresas sanjuaninas vean el impacto generado en est\u00e1s 30 empresas locales, seguramente se va a producir un efecto demostraci\u00f3n que se va a expandir. Estamos trabajando de acuerdo a lo que nuestro gobierno nos ha indicado, tratando de utilizar la mejor tecnolog\u00eda y los mejores saberes para ayudar a nuestro sector empresario a ganar en competitividad\u201d.<\/p>\n<p><iframe loading=\"lazy\" title=\"UNSJ INTI GOBIERNO SAN JUAN\" width=\"800\" height=\"450\" src=\"https:\/\/www.youtube.com\/embed\/42kAZiJcPpA?feature=oembed\" frameborder=\"0\" allow=\"accelerometer; autoplay; clipboard-write; encrypted-media; gyroscope; picture-in-picture\" allowfullscreen><\/iframe><\/p>\n<p>Por su parte, el Rector de la UNSJ, Dr. Oscar Nasisi agreg\u00f3 que \u201cla aproximaci\u00f3n del dise\u00f1o en muchas de las \u00e1reas de la vida cotidiana es muy importante. Adquiere relevancia que se haya pensado en la universidad como parte de esta trilog\u00eda, incluidos gobierno y SECITI. Dentro de esta uni\u00f3n la idea es complementarnos y buscar la manera de utilizar los recursos, las capacidades y los esfuerzos, cada uno de los tres sectores en lo que le compete\u00bb.<\/p>\n<p><iframe loading=\"lazy\" title=\"UNSJ INTI GOBIERNO SAN JUAN\" width=\"800\" height=\"450\" src=\"https:\/\/www.youtube.com\/embed\/EOTMJYS3IdY?feature=oembed\" frameborder=\"0\" allow=\"accelerometer; autoplay; clipboard-write; encrypted-media; gyroscope; picture-in-picture\" allowfullscreen><\/iframe><\/p>\n<p>A su turno, el presidente del INTI, Dr. Rub\u00e9n Geneyro agreg\u00f3 que \u00abtenemos un gran afecto por esta provincia y queremos seguir ampliando capacidades. La mirada federal es fundamental para el INTI, por eso compartiremos la agenda con los agentes de producci\u00f3n y de industria de cada provincia y cada regi\u00f3n la mirada estrat\u00e9gica productiva de las provincias argentina. Adem\u00e1s, quiero agradecer a quienes hoy nos aportaron para hacer este programa de dise\u00f1ador de empresa y trabajar en este proceso. Tambi\u00e9n el agradecimiento al ministro Andr\u00e9s D\u00edaz Cano, quien nos dio con su equipo la posibilidad de hacer este Consejo de Asesores de la Regional Cuyo\u201d.<\/p>\n<p>&nbsp;<\/p>\n<p><iframe loading=\"lazy\" title=\"UNSJ INTI GOBIERNO SAN JUAN\" width=\"800\" height=\"450\" src=\"https:\/\/www.youtube.com\/embed\/CQuGJsY5BmE?feature=oembed\" frameborder=\"0\" allow=\"accelerometer; autoplay; clipboard-write; encrypted-media; gyroscope; picture-in-picture\" allowfullscreen><\/iframe><\/p>\n<p>Finalmente, el vicegobernador de la Provincia en ejercicio del Poder Ejecutivo, CPN Roberto Gattoni\u00a0expres\u00f3 que \u00abcada vez que ustedes est\u00e1n ac\u00e1 sentimos un verdadero apoyo a la provincia por parte del ministro de Desarrollo Productivo, Mat\u00edas Kulfas. Resulta muy auspicioso que los entes que hoy firmamos el convenio est\u00e9n trabajando de manera complementaria o manera conjunta, que es la \u00fanica manera de superar las dificultades y trabajar en pos de mejorar la calidad de la vida de la gente\u201d.<\/p>\n<p><iframe loading=\"lazy\" title=\"UNSJ INTI GOBIERNO SAN JUAN\" width=\"800\" height=\"450\" src=\"https:\/\/www.youtube.com\/embed\/ZgoUujNhdxo?feature=oembed\" frameborder=\"0\" allow=\"accelerometer; autoplay; clipboard-write; encrypted-media; gyroscope; picture-in-picture\" allowfullscreen><\/iframe><\/p>\n<p>&nbsp;<\/p>\n<p><strong><span style=\"color: #99cc00;\">Programa Dise\u00f1ador en la Empresa &#8211; PRODISE<\/span><\/strong><\/p>\n<p>&nbsp;<\/p>\n<p><img loading=\"lazy\" decoding=\"async\" class=\"alignnone wp-image-35901 size-full\" src=\"https:\/\/vocesparalelas.com.ar\/sitio\/wp-content\/uploads\/2021\/03\/INTI-UNSJ-01.jpg\" alt=\"\" width=\"800\" height=\"533\" srcset=\"https:\/\/vocesparalelas.com.ar\/sitio\/wp-content\/uploads\/2021\/03\/INTI-UNSJ-01.jpg 800w, https:\/\/vocesparalelas.com.ar\/sitio\/wp-content\/uploads\/2021\/03\/INTI-UNSJ-01-300x200.jpg 300w, https:\/\/vocesparalelas.com.ar\/sitio\/wp-content\/uploads\/2021\/03\/INTI-UNSJ-01-768x512.jpg 768w\" sizes=\"auto, (max-width: 800px) 100vw, 800px\" \/><\/p>\n<p>El Programa Dise\u00f1ador en la Empresa tiene por objetivo promover la disciplina del dise\u00f1o como factor estrat\u00e9gico en los eslabones de las cadenas productivas e industriales de la provincia, permitiendo a las PyMES y Cooperativas mejorar su competitividad por medio de la generaci\u00f3n de nuevos productos, la introducci\u00f3n de mejoras en sus procesos y\/o el desarrollo de su imagen corporativa.<\/p>\n<p>El Programa Dise\u00f1ador en la Empresa se focaliza en favorecer las capacidades locales en ciencia y tecnolog\u00eda ante la emergencia provocada por la pandemia COVID-19, impulsar el di\u00e1logo p\u00fablico privado dando respuestas a pol\u00edticas de incentivos a la actividad profesional y econ\u00f3mica, incorporar las diversas disciplinas del dise\u00f1o como factor estrat\u00e9gico de desarrollo e innovaci\u00f3n, mejorar los principales sectores socio-productivos e industriales a fin de alcanzar mejoras competitivas, orientadas al desarrollo local econ\u00f3mico y social del territorio, y acompa\u00f1ar la integraci\u00f3n de conocimientos Dise\u00f1ador\/Empresa, en el marco del Acuerdo San Juan.<\/p>\n<p>Este programa es realizado en forma conjunta con la Facultad de Arquitectura, Urbanismo y Dise\u00f1o de la Universidad Nacional de San Juan y el Instituto Nacional de Tecnolog\u00eda Industrial (INTI).<\/p>\n<p>Para la puesta en marcha del PRODISE, la Secretar\u00eda de Estado de Ciencia, Tecnolog\u00eda e Innovaci\u00f3n otorgar\u00e1 un subsidio de $4.150.000 (pesos cuatro millones ciento cincuenta mil) para el financiamiento del programa.<\/p>\n<p>Solo podr\u00e1n acceder al programa pymes y cooperativas constituidas como tal al momento de la presentaci\u00f3n, que cuenten con el Informe de \u201cDiagn\u00f3stico de Dise\u00f1o para el Desarrollo de Productos\u201d realizado por alguno de los profesionales consultores &#8211; Red INTI.<\/p>\n<p>&nbsp;<\/p>\n<p><img loading=\"lazy\" decoding=\"async\" class=\"alignnone wp-image-35899 size-full\" src=\"https:\/\/vocesparalelas.com.ar\/sitio\/wp-content\/uploads\/2021\/03\/INTI-UNSJ-06.jpg\" alt=\"\" width=\"800\" height=\"533\" srcset=\"https:\/\/vocesparalelas.com.ar\/sitio\/wp-content\/uploads\/2021\/03\/INTI-UNSJ-06.jpg 800w, https:\/\/vocesparalelas.com.ar\/sitio\/wp-content\/uploads\/2021\/03\/INTI-UNSJ-06-300x200.jpg 300w, https:\/\/vocesparalelas.com.ar\/sitio\/wp-content\/uploads\/2021\/03\/INTI-UNSJ-06-768x512.jpg 768w\" sizes=\"auto, (max-width: 800px) 100vw, 800px\" \/><\/p>\n","protected":false},"excerpt":{"rendered":"<p>En Casa de Gobierno se realiz\u00f3 el acto donde el\u00a0Instituto Nacional de Tecnolog\u00eda Industrial &#8211; INTI -, la Universidad Nacional<\/p>\n","protected":false},"author":3,"featured_media":35905,"comment_status":"closed","ping_status":"closed","sticky":false,"template":"","format":"video","meta":{"_acf_changed":false,"_seopress_robots_primary_cat":"none","_seopress_titles_title":"","_seopress_titles_desc":"","_seopress_robots_index":"","colormag_page_container_layout":"default_layout","colormag_page_sidebar_layout":"default_layout","footnotes":""},"categories":[1,7],"tags":[],"class_list":["post-35897","post","type-post","status-publish","format-video","has-post-thumbnail","hentry","category-destacadas","category-videos","post_format-post-format-video"],"acf":[],"_links":{"self":[{"href":"https:\/\/vocesparalelas.com.ar\/sitio\/wp-json\/wp\/v2\/posts\/35897","targetHints":{"allow":["GET"]}}],"collection":[{"href":"https:\/\/vocesparalelas.com.ar\/sitio\/wp-json\/wp\/v2\/posts"}],"about":[{"href":"https:\/\/vocesparalelas.com.ar\/sitio\/wp-json\/wp\/v2\/types\/post"}],"author":[{"embeddable":true,"href":"https:\/\/vocesparalelas.com.ar\/sitio\/wp-json\/wp\/v2\/users\/3"}],"replies":[{"embeddable":true,"href":"https:\/\/vocesparalelas.com.ar\/sitio\/wp-json\/wp\/v2\/comments?post=35897"}],"version-history":[{"count":2,"href":"https:\/\/vocesparalelas.com.ar\/sitio\/wp-json\/wp\/v2\/posts\/35897\/revisions"}],"predecessor-version":[{"id":35927,"href":"https:\/\/vocesparalelas.com.ar\/sitio\/wp-json\/wp\/v2\/posts\/35897\/revisions\/35927"}],"wp:featuredmedia":[{"embeddable":true,"href":"https:\/\/vocesparalelas.com.ar\/sitio\/wp-json\/wp\/v2\/media\/35905"}],"wp:attachment":[{"href":"https:\/\/vocesparalelas.com.ar\/sitio\/wp-json\/wp\/v2\/media?parent=35897"}],"wp:term":[{"taxonomy":"category","embeddable":true,"href":"https:\/\/vocesparalelas.com.ar\/sitio\/wp-json\/wp\/v2\/categories?post=35897"},{"taxonomy":"post_tag","embeddable":true,"href":"https:\/\/vocesparalelas.com.ar\/sitio\/wp-json\/wp\/v2\/tags?post=35897"}],"curies":[{"name":"wp","href":"https:\/\/api.w.org\/{rel}","templated":true}]}}