{"id":35887,"date":"2021-03-09T19:46:50","date_gmt":"2021-03-09T22:46:50","guid":{"rendered":"http:\/\/vocesparalelas.com.ar\/sitio\/?p=35887"},"modified":"2021-03-10T00:29:36","modified_gmt":"2021-03-10T03:29:36","slug":"becas-para-estudiar-idioma-aleman-para-estudiantes-de-la-unsj","status":"publish","type":"post","link":"https:\/\/vocesparalelas.com.ar\/sitio\/becas-para-estudiar-idioma-aleman-para-estudiantes-de-la-unsj\/","title":{"rendered":"Becas para estudiar idioma alem\u00e1n para estudiantes de la UNSJ"},"content":{"rendered":"<p>La Secretar\u00eda de Posgrado y Relaciones Internacionales de la Universidad Nacional de San Juan abre el plazo de inscripci\u00f3n, online, para las becas de idiomas Alem\u00e1n, Italiano y Portugu\u00e9s, en modalidad virtual, ofertadas en colaboraci\u00f3n con la Fundaci\u00f3n Instituto Alem\u00e1n \u2013Goethe Zentrum San Juan.<\/p>\n<p>Beneficiarios\/as:\u00a0Estudiantes regulares de la Universidad Nacional de San Juan<\/p>\n<p>Niveles: Alem\u00e1n A1 y A2 &#8211; Italiano: A1 &#8211; Portugu\u00e9s: A1<\/p>\n<p><span style=\"color: #99cc00;\"><strong> Tipo de Becas<\/strong><\/span><\/p>\n<ul>\n<li>Una beca completa (100%) y una media beca (50%), para cada una de las facultades y la Escuela Universitaria de Ciencias de la Salud, para el Nivel A1 a elegir entre alem\u00e1n, portugu\u00e9s o italiano y entre modalidad intensiva o anual.<\/li>\n<li><span style=\"line-height: 1.5;\">Una beca completa (100%) y una media beca (50%), para cada una de las facultades y la Escuela Universitaria de Ciencias de la Salud, para el nivel A2 (s\u00f3lo idioma Alem\u00e1n)<\/span><\/li>\n<\/ul>\n<p><span style=\"color: #99cc00;\"><strong>Informes e Inscripci\u00f3n:<\/strong><\/span><\/p>\n<p>Secretar\u00eda de Posgrado y Relaciones Internacionales, enviando online, en formato PDF, la siguiente documentaci\u00f3n a:\u00a0<a href=\"cooperacion@unsj.edu.ar\">cooperacion@unsj.edu.ar<\/a><\/p>\n<ul>\n<li>Formulario de inscripci\u00f3n completo (Se adjunta modelo)<\/li>\n<li>Certificado Estudiante regular<\/li>\n<li>Certificado anal\u00edtico (con aplazos)<\/li>\n<li>Fotocopia DNI<\/li>\n<\/ul>\n<p>Fecha l\u00edmite recepci\u00f3n de documentaci\u00f3n: 16 de marzo de 2021<\/p>\n<p>Fecha comunicaci\u00f3n resultados: 18 de marzo de 2021, a trav\u00e9s de correo electr\u00f3nico.<\/p>\n<p>Costo de\u00a0Inscripci\u00f3n: $1.500<\/p>\n<p>Quienes se inscriban en Alem\u00e1n deben rendir el Examen Internacional de ese idioma (obligatorio)<\/p>\n<p>Asistencia: es importante que el becario cumpla con el 75% de asistencia al curso, 75% de las tareas dadas y participar activamente en clase.<\/p>\n<p><strong><span style=\"color: #99cc00;\">Archivos:<\/span><\/strong><\/p>\n<p><a href=\"https:\/\/vocesparalelas.com.ar\/sitio\/wp-content\/uploads\/2021\/03\/UNSJ-Form_Becas_Idiomas_Intensivo_y_Anuales_2021_5373_012.docx\">UNSJ-Form_Becas_Idiomas_Intensivo_y_Anuales_2021_5373_012<\/a><\/p>\n<p>&nbsp;<\/p>\n<p><img loading=\"lazy\" decoding=\"async\" class=\"alignnone wp-image-35890 size-full\" src=\"https:\/\/vocesparalelas.com.ar\/sitio\/wp-content\/uploads\/2021\/03\/UNSJ-ALEMAN-BECAS.jpg\" alt=\"\" width=\"800\" height=\"600\" srcset=\"https:\/\/vocesparalelas.com.ar\/sitio\/wp-content\/uploads\/2021\/03\/UNSJ-ALEMAN-BECAS.jpg 800w, https:\/\/vocesparalelas.com.ar\/sitio\/wp-content\/uploads\/2021\/03\/UNSJ-ALEMAN-BECAS-300x225.jpg 300w, https:\/\/vocesparalelas.com.ar\/sitio\/wp-content\/uploads\/2021\/03\/UNSJ-ALEMAN-BECAS-768x576.jpg 768w\" sizes=\"auto, (max-width: 800px) 100vw, 800px\" \/><\/p>\n<p>&nbsp;<\/p>\n<p>&nbsp;<\/p>\n","protected":false},"excerpt":{"rendered":"<p>La Secretar\u00eda de Posgrado y Relaciones Internacionales de la Universidad Nacional de San Juan abre el plazo de inscripci\u00f3n, online,<\/p>\n","protected":false},"author":3,"featured_media":35891,"comment_status":"closed","ping_status":"closed","sticky":false,"template":"","format":"standard","meta":{"_acf_changed":false,"_seopress_robots_primary_cat":"none","_seopress_titles_title":"","_seopress_titles_desc":"","_seopress_robots_index":"","colormag_page_container_layout":"default_layout","colormag_page_sidebar_layout":"default_layout","footnotes":""},"categories":[2],"tags":[],"class_list":["post-35887","post","type-post","status-publish","format-standard","has-post-thumbnail","hentry","category-convocatorias"],"acf":[],"_links":{"self":[{"href":"https:\/\/vocesparalelas.com.ar\/sitio\/wp-json\/wp\/v2\/posts\/35887","targetHints":{"allow":["GET"]}}],"collection":[{"href":"https:\/\/vocesparalelas.com.ar\/sitio\/wp-json\/wp\/v2\/posts"}],"about":[{"href":"https:\/\/vocesparalelas.com.ar\/sitio\/wp-json\/wp\/v2\/types\/post"}],"author":[{"embeddable":true,"href":"https:\/\/vocesparalelas.com.ar\/sitio\/wp-json\/wp\/v2\/users\/3"}],"replies":[{"embeddable":true,"href":"https:\/\/vocesparalelas.com.ar\/sitio\/wp-json\/wp\/v2\/comments?post=35887"}],"version-history":[{"count":1,"href":"https:\/\/vocesparalelas.com.ar\/sitio\/wp-json\/wp\/v2\/posts\/35887\/revisions"}],"predecessor-version":[{"id":35892,"href":"https:\/\/vocesparalelas.com.ar\/sitio\/wp-json\/wp\/v2\/posts\/35887\/revisions\/35892"}],"wp:featuredmedia":[{"embeddable":true,"href":"https:\/\/vocesparalelas.com.ar\/sitio\/wp-json\/wp\/v2\/media\/35891"}],"wp:attachment":[{"href":"https:\/\/vocesparalelas.com.ar\/sitio\/wp-json\/wp\/v2\/media?parent=35887"}],"wp:term":[{"taxonomy":"category","embeddable":true,"href":"https:\/\/vocesparalelas.com.ar\/sitio\/wp-json\/wp\/v2\/categories?post=35887"},{"taxonomy":"post_tag","embeddable":true,"href":"https:\/\/vocesparalelas.com.ar\/sitio\/wp-json\/wp\/v2\/tags?post=35887"}],"curies":[{"name":"wp","href":"https:\/\/api.w.org\/{rel}","templated":true}]}}