{"id":35882,"date":"2021-03-08T23:53:49","date_gmt":"2021-03-09T02:53:49","guid":{"rendered":"http:\/\/vocesparalelas.com.ar\/sitio\/?p=35882"},"modified":"2021-03-08T23:53:49","modified_gmt":"2021-03-09T02:53:49","slug":"se-constituyo-el-consejo-de-proteccion-integral-de-la-mujer-en-san-juan","status":"publish","type":"post","link":"https:\/\/vocesparalelas.com.ar\/sitio\/se-constituyo-el-consejo-de-proteccion-integral-de-la-mujer-en-san-juan\/","title":{"rendered":"Se constituy\u00f3 el Consejo de Protecci\u00f3n Integral de la Mujer en San Juan"},"content":{"rendered":"<div class=\"itemFullText jbintrotext\">\n<p>En el marco del D\u00eda Internacional de la Mujer, el vicegobernador y presidente nato de la C\u00e1mara de Diputados, Roberto Gattoni, pronunci\u00f3 un emotivo mensaje durante el acto de\u00a0puesta en funciones del Consejo Provincial de Protecci\u00f3n Integral de la Mujer, llevado a cabo en la sala de Marcaci\u00f3n del Teatro del Bicentenario, ubicada en el primer piso. La ceremonia estuvo encabezada por el titular del Poder Ejecutivo,\u00a0Sergio U\u00f1ac y particip\u00f3 tambi\u00e9n el presidente del Poder Judicial, Daniel Olivares Yapur.<\/p>\n<\/div>\n<div class=\"itemFullText\">\n<p>Acompa\u00f1aron en la ocasi\u00f3n, las diputadas Marcela Monti, Florencia Pe\u00f1aloza, Fernanda Paredes y Nancy Pic\u00f3n; la titular de la Direcci\u00f3n de la Mujer, Adriana Ginestar; la subdirectora, Victoria Ben\u00edtez;\u00a0la directora General de Art\u00edstica del Teatro del Bicentenario, Silvana Moreno;\u00a0el ministro de Desarrollo Humano y Promoci\u00f3n Social, Fabi\u00e1n Aballay; entre otros funcionarios y funcionarias.<\/p>\n<p>Cabe se\u00f1alar que este Consejo est\u00e1 integrado por diversas organizaciones sociales que trabajan en defensa de los derechos de las mujeres, en prevenci\u00f3n y asistencia de situaciones de violencia; tambi\u00e9n por representantes de universidades p\u00fablicas y privadas y de los tres poderes del Estado. Por otro lado es importante recordar que naci\u00f3 con el fin de fortalecer la atenci\u00f3n y prevenci\u00f3n de la violencia de g\u00e9nero en San Juan, con dotaci\u00f3n de recursos espec\u00edficos en materia de protecci\u00f3n, reparaci\u00f3n y atenci\u00f3n, reforzando los servicios especializados de atenci\u00f3n integral a las mujeres, articulando diferentes acciones para tal fin y obedece a la Ley Provincial N\u00b0 1317-S.<\/p>\n<p>Durante el acto fue proyectado un video institucional del Consejo en el que hablaron distintas integrantes, entre ellas cabe destacar el protagonismo de la legisladora Marcela Monti. Luego, brindaron un discurso la directora de la Mujer, el ministro de Desarrollo Humano, y los titulares de los tres poderes del Estado. Por \u00faltimo, fue llevada a cabo la firma del acta por parte de las autoridades y algunos representantes de organizaciones sociales.<\/p>\n<p><iframe loading=\"lazy\" title=\"2021-03-08 Mensaje del Vicegobernador CPN. Roberto Gattoni por el Dia Internacional de la Mujer\" width=\"800\" height=\"450\" src=\"https:\/\/www.youtube.com\/embed\/zxazguI2YKo?feature=oembed\" frameborder=\"0\" allow=\"accelerometer; autoplay; clipboard-write; encrypted-media; gyroscope; picture-in-picture\" allowfullscreen><\/iframe><\/p>\n<p>El presidente de la C\u00e1mara de Diputados, CPN Roberto Gattoni \u00a0expres\u00f3 que \u201ceste es un d\u00eda tan importante para pensar y reflexionar en todo lo que hemos trabajado en t\u00e9rminos de los derechos de la Mujer pero tambi\u00e9n en todo lo que falta hacer.\u201d<\/p>\n<p>A continuaci\u00f3n record\u00f3 las diferentes acciones llevadas a cabo en el a\u00f1o 2020 en materia de g\u00e9nero y destac\u00f3 que\u00a0 \u201ctenemos a un Poder Ejecutivo integrado por cuatro mujeres que encabezan ministerios. Esto es in\u00e9dito y en cuatro ministerios estrat\u00e9gicos. Un Poder Judicial que fue liderado por una mujer en el a\u00f1o 2020, primera vez en la historia de San Juan que una mujer ocupa un cargo de tal jerarqu\u00eda. Y desde el Poder Legislativo el a\u00f1o pasado hemos sancionado la Ley de Paridad de G\u00e9nero, una normativa que surgi\u00f3 del Acuerdo San Juan y que el gobernador U\u00f1ac envi\u00f3 a la C\u00e1mara para su tratamiento y que fue finalmente sancionada para las elecciones colegiadas\u201d.<\/p>\n<p>Finalmente se refiri\u00f3 al trabajo en conjunto entre los poderes del Estado y se\u00f1al\u00f3 \u201cen la C\u00e1mara (de Diputados) hemos podido llevar a cabo junto con el Poder Judicial y con Adriana Ginestar de la Direcci\u00f3n de la Mujer, el curso de la Ley Micaela en forma integral para todo el personal del Poder Legislativo\u201d. Tambi\u00e9n record\u00f3 que \u201chace unos d\u00edas estuvimos reunidos con los grupos de LGBTIQ+ en la tem\u00e1tica de cero discriminaci\u00f3n\u00a0 habiendo conformado grupos y reuniones para trabajar en pos de los derechos de esos grupos. En definitiva, creo que lo que debemos hacer, m\u00e1s que declamar, es poner en valor y ejercitar los derechos de la Mujer\u201d.<\/p>\n<p>En la ocasi\u00f3n, el titular del Poder Ejecutivo, Dr. Sergio U\u00f1ac se\u00f1al\u00f3 que \u201cno es un momento para ponernos de ejemplo ni para hacer una competencia de qu\u00e9 provincia logr\u00f3 m\u00e1s o qu\u00e9 provincia logr\u00f3 menos proteger y establecer pol\u00edticas activas de protecci\u00f3n de los derechos de la mujer, en contra de la discriminaci\u00f3n y de la violencia de g\u00e9nero. Pero evidentemente la provincia de San Juan ha trabajado mucho y eso ha sido materia de lo que ustedes han logrado, lo que en conjunto hemos podido concientizar en la provincia de San Juan\u201d<\/p>\n<p>Acto seguido, destac\u00f3 los programas nacionales, los logros provinciales, las pol\u00edticas trazadas en conjunto y sostuvo que \u201ctodos estos logros ayudan a que podamos habitar una sociedad de iguales que es lo que pretendemos, pero en definitiva si hay un solo femicidio en la provincia de San Juan o un solo acto que implique violencia de g\u00e9nero contra las mujeres eso determina que nos falta algo m\u00e1s. Quiz\u00e1s conciencia social, quiz\u00e1s m\u00e1s programas, quiz\u00e1s m\u00e1s respeto entre nosotros, entendiendo que habitamos una misma sociedad y que podemos tener diferencias de g\u00e9nero, diferencias geogr\u00e1ficas, sociales, hasta partidarias pero eso no nos habilita a realizar actos discriminatorios entre nosotros\u201d.<\/p>\n<p>Por \u00faltimo, agreg\u00f3 que \u201cel compromiso que tenemos es fortalecer todo lo que hemos logrado en conjunto y que este Consejo Provincial sirva para visibilizar las cosas que nos faltan, para proteger las cosas que hemos puesto en vigencia entre todos, que tiendan a proteger los derechos de la mujer pero tambi\u00e9n a tener una mirada integral de cada uno de los que habitamos en la provincia de San Juan\u201d.<\/p>\n<p>A su turno, el presidente de la Corte de Justicia, Dr. Daniel Olivares Yapur, coment\u00f3 que \u201cdesde el Poder Judicial hemos tenido una intensa actividad en estos \u00faltimos a\u00f1os en una labor en conjunto con los otros dos poderes del Estado para poder implementar toda las v\u00edas de acci\u00f3n posible a los fines de dar contenci\u00f3n y respuestas que la sociedad espera de la justicia en el marco de la protecci\u00f3n de los derechos de la Mujer y de la Diversidad. Es un gran honor poder estar aqu\u00ed y en nombre de la Corte de Justicia decirles que esta es una lucha de todos, no solo de las mujeres y de la diversidad sino de los hombres que tambi\u00e9n la integramos y participamos de los mismos principios que nos van a permitir un mundo donde todos seamos iguales y absolutamente libres\u201d.<\/p>\n<p>Por otra parte, la directora de la Mujer, Dra. Adriana Ginestar, sostuvo que \u201ceste es un momento hist\u00f3rico y no es casualidad que este Consejo Provincial de Protecci\u00f3n Integral de la Mujer lo hayamos convocado para conformarlo en el D\u00eda Internacional de la Mujer porque nos encontramos en la provincia de San Juan con un Estado provincial presente que tiene en su agenda pol\u00edtica todas las tem\u00e1ticas vinculadas con el goce pleno de los derechos de las mujeres y tambi\u00e9n del colectivo de la diversidad\u201d.<\/p>\n<p>Seguidamente se\u00f1al\u00f3 que \u201ces sumamente hist\u00f3rico tambi\u00e9n que estamos viviendo el momento de las mujeres l\u00edderes, que es un poco el lema que vamos a implementar este a\u00f1o en todas las actividades durante el mes de marzo en l\u00ednea con la ONU Mujeres y con el Ministerio de las Mujeres de la Naci\u00f3n. Mujeres l\u00edderes de una causa que la venimos luchando desde hace mucho tiempo y que generaci\u00f3n tras generaci\u00f3n de mujeres nos han ido dando la posta para hoy poder estar aqu\u00ed en este lugar\u201d.<\/p>\n<p>M\u00e1s tarde explic\u00f3 que \u201ccuando hablamos de la lucha hablamos por la igualdad de oportunidades y por la igualdad de g\u00e9nero. Y cuando hablamos de g\u00e9nero, hablamos de ese conjunto de costumbres que nos han trasmitido de generaci\u00f3n en generaci\u00f3n y que nos dicen estas costumbres de c\u00f3mo tenemos que ser las mujeres y c\u00f3mo tienen que ser los varones. Estas costumbres han hecho que se creen los estereotipos de g\u00e9neros, esos moldes r\u00edgidos de los que no nos podemos mover. Y cuando alguno o alguna se quiere salir de ese molde r\u00edgido sufre por parte de la sociedad discriminaci\u00f3n. Por eso es que esta causa de las mujeres tambi\u00e9n la compartimos con el colectivo LGBTIQ+ porque precisamente en la base de esta discriminaci\u00f3n se encuentran estas razones de g\u00e9nero. Pero estas razones, que son socioculturales, se pueden transformar, es por eso que tenemos esperanzas y fe en este Consejo Provincial de la Mujer porque es un espacio plural, es \u00fanico en el pa\u00eds, porque estamos sentadas todas las partes que diariamente trabajamos en redes, entonces hoy vamos a vernos los rostros, debatir, discutir. Las organizaciones sociales desde la experiencia y la territorialidad nos van a decir en el d\u00eda a d\u00eda qu\u00e9 es lo que est\u00e1 faltando, qu\u00e9 es lo que necesitamos, cu\u00e1les son esas leyes que est\u00e1n vigentes pero que todav\u00eda no se aplican efectivamente\u201d.<\/p>\n<p>Por \u00faltimo, el ministro de Desarrollo Humano y Promoci\u00f3n Social, Prof. Fabi\u00e1n Aballay dijo durante el acto que \u201cesto ha sido una tarea que comenzamos a desarrollar de manera conjunta entre todos los actores que tenemos distintas responsabilidades p\u00fablicas como tambi\u00e9n aquellos actores que han asumido distintas responsabilidades sociales en pos de trabajar por los derechos de la mujer y el colectivo de la diversidad. Nada m\u00e1s oportuno que justamente en este d\u00eda poner en vigencia y constituir este Consejo Provincial de Protecci\u00f3n Integral de la Mujer. Podemos hablar de quienes lo integran, de las universidades tanto p\u00fablicas como privadas, pero tambi\u00e9n de los actores territoriales que tienen un rol realmente importante hoy puesto de manifiesto en esta foto que representa a much\u00edsimas organizaciones que trabajan en el d\u00eda a d\u00eda en pos de estos derechos\u201d.<\/p>\n<p>\u201cEn materia de prevenci\u00f3n podemos hablar de la implementaci\u00f3n de la Ley Micaela, un paso trascendental que se trabaj\u00f3 con la oficina de la mujer de la Corte de Justicia. Podemos hablar tambi\u00e9n de much\u00edsimas acciones por parte del Estado, podemos hablar de programas nacionales como el programa Acompa\u00f1ar o el programa Potenciar Trabajo. Podemos hablar de la accesibilidad para que las mujeres v\u00edctima de violencia tengan la posibilidad de terminar sus estudios primarios y secundarios acompa\u00f1ados de una beca econ\u00f3mica y una beca de transporte para que puedan trasladarse hasta el lugar donde van a estudiar. Podemos hablar de las capacitaciones de oficio, podemos hablar de los grandes despliegues que llevan adelante los dispositivos instalados en cada una de las 19 municipalidades de la provincia de San Juan que aborda la tem\u00e1tica de la Mujer. En l\u00ednea general encontramos acciones coincidentes desde los distintos poderes del Estado, desde los distintos ministerios que realmente no hacen m\u00e1s que enriquecer esta gran tarea y este gran objetivo que nos hemos propuesto todos\u201d, concluy\u00f3 el ministro de Desarrollo Humano y Promoci\u00f3n Social.<\/p>\n<\/div>\n<p>&nbsp;<\/p>\n<p>&nbsp;<\/p>\n<p>&nbsp;<\/p>\n","protected":false},"excerpt":{"rendered":"<p>En el marco del D\u00eda Internacional de la Mujer, el vicegobernador y presidente nato de la C\u00e1mara de Diputados, Roberto<\/p>\n","protected":false},"author":3,"featured_media":35884,"comment_status":"closed","ping_status":"closed","sticky":false,"template":"","format":"video","meta":{"_acf_changed":false,"_seopress_robots_primary_cat":"none","_seopress_titles_title":"","_seopress_titles_desc":"","_seopress_robots_index":"","colormag_page_container_layout":"default_layout","colormag_page_sidebar_layout":"default_layout","footnotes":""},"categories":[1,7],"tags":[],"class_list":["post-35882","post","type-post","status-publish","format-video","has-post-thumbnail","hentry","category-destacadas","category-videos","post_format-post-format-video"],"acf":[],"_links":{"self":[{"href":"https:\/\/vocesparalelas.com.ar\/sitio\/wp-json\/wp\/v2\/posts\/35882","targetHints":{"allow":["GET"]}}],"collection":[{"href":"https:\/\/vocesparalelas.com.ar\/sitio\/wp-json\/wp\/v2\/posts"}],"about":[{"href":"https:\/\/vocesparalelas.com.ar\/sitio\/wp-json\/wp\/v2\/types\/post"}],"author":[{"embeddable":true,"href":"https:\/\/vocesparalelas.com.ar\/sitio\/wp-json\/wp\/v2\/users\/3"}],"replies":[{"embeddable":true,"href":"https:\/\/vocesparalelas.com.ar\/sitio\/wp-json\/wp\/v2\/comments?post=35882"}],"version-history":[{"count":1,"href":"https:\/\/vocesparalelas.com.ar\/sitio\/wp-json\/wp\/v2\/posts\/35882\/revisions"}],"predecessor-version":[{"id":35885,"href":"https:\/\/vocesparalelas.com.ar\/sitio\/wp-json\/wp\/v2\/posts\/35882\/revisions\/35885"}],"wp:featuredmedia":[{"embeddable":true,"href":"https:\/\/vocesparalelas.com.ar\/sitio\/wp-json\/wp\/v2\/media\/35884"}],"wp:attachment":[{"href":"https:\/\/vocesparalelas.com.ar\/sitio\/wp-json\/wp\/v2\/media?parent=35882"}],"wp:term":[{"taxonomy":"category","embeddable":true,"href":"https:\/\/vocesparalelas.com.ar\/sitio\/wp-json\/wp\/v2\/categories?post=35882"},{"taxonomy":"post_tag","embeddable":true,"href":"https:\/\/vocesparalelas.com.ar\/sitio\/wp-json\/wp\/v2\/tags?post=35882"}],"curies":[{"name":"wp","href":"https:\/\/api.w.org\/{rel}","templated":true}]}}