{"id":35858,"date":"2021-03-08T21:23:00","date_gmt":"2021-03-09T00:23:00","guid":{"rendered":"http:\/\/vocesparalelas.com.ar\/sitio\/?p=35858"},"modified":"2021-03-08T21:23:31","modified_gmt":"2021-03-09T00:23:31","slug":"hallazgo-fortuito-de-restos-arqueologicos-en-la-localidad-rodeo-del-departamento-iglesia-de-san-juan","status":"publish","type":"post","link":"https:\/\/vocesparalelas.com.ar\/sitio\/hallazgo-fortuito-de-restos-arqueologicos-en-la-localidad-rodeo-del-departamento-iglesia-de-san-juan\/","title":{"rendered":"Hallazgo fortuito de restos arqueol\u00f3gicos en la Localidad Rodeo del Departamento Iglesia de San Juan"},"content":{"rendered":"<p>El Ministerio de Turismo y Cultura a trav\u00e9s de la Direcci\u00f3n de Patrimonio Cultural, intervino y convoc\u00f3 al Instituto de Investigaciones Arqueol\u00f3gicas y Museo \u201cProf. Mariano Gambier\u201d de la Facultad de Filosof\u00eda, Humanidades y Artes de la Universidad Nacional de San Juan.<\/p>\n<p>Los profesionales se trasladaron al lugar de un hallazgo fortuito de restos arqueol\u00f3gicos, ubicado en Ruta 150 a unos 500 metros al sur de calle Santo Domingo de la localidad de\u00a0Rodeo, tras un llamado realizado de la Comisar\u00eda 22\u00b0 de Iglesia, y a requerimiento del Juzgado del Crimen de J\u00e1chal &#8211; Iglesia.<\/p>\n<p><img loading=\"lazy\" decoding=\"async\" class=\"alignnone wp-image-35860 size-full\" src=\"https:\/\/vocesparalelas.com.ar\/sitio\/wp-content\/uploads\/2021\/03\/HALLASGO-RODEO-01.jpg\" alt=\"\" width=\"800\" height=\"350\" srcset=\"https:\/\/vocesparalelas.com.ar\/sitio\/wp-content\/uploads\/2021\/03\/HALLASGO-RODEO-01.jpg 800w, https:\/\/vocesparalelas.com.ar\/sitio\/wp-content\/uploads\/2021\/03\/HALLASGO-RODEO-01-300x131.jpg 300w, https:\/\/vocesparalelas.com.ar\/sitio\/wp-content\/uploads\/2021\/03\/HALLASGO-RODEO-01-768x336.jpg 768w\" sizes=\"auto, (max-width: 800px) 100vw, 800px\" \/><\/p>\n<p>As\u00ed se llev\u00f3 a cabo la inspecci\u00f3n, prospecci\u00f3n del sitio y rescate de restos arqueol\u00f3gicos avistados a trav\u00e9s del trabajo coordinado entre la Direcci\u00f3n, la Comisar\u00eda, el Juzgado, el Instituto de Investigaciones Arqueol\u00f3gicas y la Municipalidad. En principio, puede decirse que, m\u00e1s all\u00e1 de estudios detallados, ser\u00edan de antigua data. Ahora, los restos se encuentran en el IIAyM MG para su acondicionamiento y estudio, que, junto a investigaci\u00f3n bibliogr\u00e1fica y documental, podr\u00e1n brindar m\u00e1s detalles que ser\u00e1n presentados a la Autoridad de Aplicaci\u00f3n de la Ley Nacional 25. 743 y la Ley Provincial 571-F.<\/p>\n<p>Ante lo acontecido, el Ministerio de Turismo y Cultura promueve la obligaci\u00f3n de informar ante el hallazgo de restos arqueol\u00f3gicos o paleontol\u00f3gicos, a las autoridades de la Secretar\u00eda de Cultura o la fuerza de seguridad m\u00e1s cercana, Polic\u00eda de San Juan o Gendarmer\u00eda (seg\u00fan el sitio).<\/p>\n<p><strong><span style=\"color: #99cc00;\">Cultura realiz\u00f3 denuncia ante el Poder Judicial<\/span><\/strong><\/p>\n<p><img loading=\"lazy\" decoding=\"async\" class=\"alignnone wp-image-35862 size-full\" src=\"https:\/\/vocesparalelas.com.ar\/sitio\/wp-content\/uploads\/2021\/03\/HALLAZGO-RODEO-03.jpg\" alt=\"\" width=\"800\" height=\"450\" srcset=\"https:\/\/vocesparalelas.com.ar\/sitio\/wp-content\/uploads\/2021\/03\/HALLAZGO-RODEO-03.jpg 800w, https:\/\/vocesparalelas.com.ar\/sitio\/wp-content\/uploads\/2021\/03\/HALLAZGO-RODEO-03-300x169.jpg 300w, https:\/\/vocesparalelas.com.ar\/sitio\/wp-content\/uploads\/2021\/03\/HALLAZGO-RODEO-03-768x432.jpg 768w\" sizes=\"auto, (max-width: 800px) 100vw, 800px\" \/><\/p>\n<p>Ante los hechos de vandalismo ocurridos en Lagar Grande, Caucete, se realiz\u00f3 la denuncia pertinente ante la Fiscal\u00eda Correccional 2 en Turno a cargo de la fiscal Dra. Alejandra Baz\u00e1n, donde la recibi\u00f3 el Dr. Francisco Monta\u00f1o. El procedimiento se realiz\u00f3 en virtud de lo establecido en la Ley Nacional N\u00b0 25.743 y de la Ley Provincial N\u00b0 571- F.<\/p>\n<p>De esta manera, el Ministerio de Turismo y Cultura a trav\u00e9s de la Direcci\u00f3n de Patrimonio Cultural, llev\u00f3 adelante la denuncia pertinente tras una investigaci\u00f3n donde se detect\u00f3 que una persona de sexo masculino escribi\u00f3 su nombre y da\u00f1\u00f3 este sitio arqueol\u00f3gico que data de 700 a 900 a\u00f1os.<\/p>\n","protected":false},"excerpt":{"rendered":"<p>El Ministerio de Turismo y Cultura a trav\u00e9s de la Direcci\u00f3n de Patrimonio Cultural, intervino y convoc\u00f3 al Instituto de<\/p>\n","protected":false},"author":3,"featured_media":35861,"comment_status":"closed","ping_status":"closed","sticky":false,"template":"","format":"standard","meta":{"_acf_changed":false,"_seopress_robots_primary_cat":"none","_seopress_titles_title":"","_seopress_titles_desc":"","_seopress_robots_index":"","colormag_page_container_layout":"default_layout","colormag_page_sidebar_layout":"default_layout","footnotes":""},"categories":[1],"tags":[],"class_list":["post-35858","post","type-post","status-publish","format-standard","has-post-thumbnail","hentry","category-destacadas"],"acf":[],"_links":{"self":[{"href":"https:\/\/vocesparalelas.com.ar\/sitio\/wp-json\/wp\/v2\/posts\/35858","targetHints":{"allow":["GET"]}}],"collection":[{"href":"https:\/\/vocesparalelas.com.ar\/sitio\/wp-json\/wp\/v2\/posts"}],"about":[{"href":"https:\/\/vocesparalelas.com.ar\/sitio\/wp-json\/wp\/v2\/types\/post"}],"author":[{"embeddable":true,"href":"https:\/\/vocesparalelas.com.ar\/sitio\/wp-json\/wp\/v2\/users\/3"}],"replies":[{"embeddable":true,"href":"https:\/\/vocesparalelas.com.ar\/sitio\/wp-json\/wp\/v2\/comments?post=35858"}],"version-history":[{"count":2,"href":"https:\/\/vocesparalelas.com.ar\/sitio\/wp-json\/wp\/v2\/posts\/35858\/revisions"}],"predecessor-version":[{"id":35864,"href":"https:\/\/vocesparalelas.com.ar\/sitio\/wp-json\/wp\/v2\/posts\/35858\/revisions\/35864"}],"wp:featuredmedia":[{"embeddable":true,"href":"https:\/\/vocesparalelas.com.ar\/sitio\/wp-json\/wp\/v2\/media\/35861"}],"wp:attachment":[{"href":"https:\/\/vocesparalelas.com.ar\/sitio\/wp-json\/wp\/v2\/media?parent=35858"}],"wp:term":[{"taxonomy":"category","embeddable":true,"href":"https:\/\/vocesparalelas.com.ar\/sitio\/wp-json\/wp\/v2\/categories?post=35858"},{"taxonomy":"post_tag","embeddable":true,"href":"https:\/\/vocesparalelas.com.ar\/sitio\/wp-json\/wp\/v2\/tags?post=35858"}],"curies":[{"name":"wp","href":"https:\/\/api.w.org\/{rel}","templated":true}]}}