{"id":35852,"date":"2021-03-08T20:46:33","date_gmt":"2021-03-08T23:46:33","guid":{"rendered":"http:\/\/vocesparalelas.com.ar\/sitio\/?p=35852"},"modified":"2021-03-08T20:49:53","modified_gmt":"2021-03-08T23:49:53","slug":"firmaron-el-acuerdo-federal-para-una-argentina-unida-contra-la-violencia-de-genero","status":"publish","type":"post","link":"https:\/\/vocesparalelas.com.ar\/sitio\/firmaron-el-acuerdo-federal-para-una-argentina-unida-contra-la-violencia-de-genero\/","title":{"rendered":"Firmaron el Acuerdo Federal para una Argentina Unida contra la violencia de g\u00e9nero"},"content":{"rendered":"<p>El presidente Dr. Alberto Fern\u00e1ndez presidi\u00f3 el acto con los gobernadores para la firma del \u00abAcuerdo Federal para una Argentina Unida contra la violencia de g\u00e9nero\u00bb.<\/p>\n<p>El gobernador de San Juan, Dr. Sergio U\u00f1ac, suscribi\u00f3 el acta compromiso junto a sus pares de todas las provincias. El fin del acta firmada es jerarquizar y fortalecer las \u00e1reas de g\u00e9nero encargadas de abordar esta problem\u00e1tica en cada territorio, dot\u00e1ndolas de los recursos, las herramientas y el acompa\u00f1amiento pol\u00edtico que la sociedad requiere.<\/p>\n<p>De esta manera se buscar\u00e1 lograr la transformaci\u00f3n cultural que se requiere, avanzando en pol\u00edticas de prevenci\u00f3n de las violencias, articulando acciones entre las distintas agencias estatales, con las organizaciones sociales, comunitarias y de la sociedad civil.<\/p>\n<p>Tras el acto, el mandatario destac\u00f3 la importancia de la iniciativa nacional como tambi\u00e9n la conformaci\u00f3n del Consejo Provincial de Protecci\u00f3n Integral de la Mujer\u00a0que se puso en marcha durante la ma\u00f1ana del lunes.<\/p>\n<p>Seguidamente, U\u00f1ac asegur\u00f3 que \u00abfirmamos el acuerdo para que todos los gobernadores junto al Gobierno nacional trabajemos en pol\u00edticas contra la violencia de g\u00e9nero, en esta fecha tan importante como es el D\u00eda de la Mujer\u00bb.<\/p>\n<p>El gobernador U\u00f1ac explic\u00f3 que \u201ctodas las provincias fuimos convocadas por el Gobierno nacional. He definido que el Ministerio de Gobierno, el Ministerio de Desarrollo Humano y la Secretar\u00eda de Seguridad y Orden P\u00fablico sean los designados para integrar este consejo asesor dentro del marco de este consejo nacional que pondremos en vigencia\u201d.<\/p>\n<p>n ese sentido, el gobernador manifest\u00f3 que \u201cel Consejo Federal coordinar\u00e1 pol\u00edticas entre el Gobierno nacional, los distintos ministerios y los gobiernos provinciales, con el fin de no solo castigar con quien infringe la ley respecto a la violencia de la mujer, sino generar pol\u00edticas de prevenci\u00f3n entre el Estado y ONG que trabajan en esta materia\u201d.<\/p>\n<p><img loading=\"lazy\" decoding=\"async\" class=\"alignnone wp-image-35854 size-full\" src=\"https:\/\/vocesparalelas.com.ar\/sitio\/wp-content\/uploads\/2021\/03\/VIOLENCIA-GENERO-01.jpg\" alt=\"\" width=\"800\" height=\"534\" srcset=\"https:\/\/vocesparalelas.com.ar\/sitio\/wp-content\/uploads\/2021\/03\/VIOLENCIA-GENERO-01.jpg 800w, https:\/\/vocesparalelas.com.ar\/sitio\/wp-content\/uploads\/2021\/03\/VIOLENCIA-GENERO-01-300x200.jpg 300w, https:\/\/vocesparalelas.com.ar\/sitio\/wp-content\/uploads\/2021\/03\/VIOLENCIA-GENERO-01-768x513.jpg 768w\" sizes=\"auto, (max-width: 800px) 100vw, 800px\" \/><\/p>\n<p><strong><span style=\"color: #99cc00;\">Medidas que se adoptar\u00e1n seg\u00fan el Acuerdo Federal<\/span><\/strong><\/p>\n<ol>\n<li>Integrar el Consejo Federal para la prevenci\u00f3n y el abordaje de femicidios, travesticidios y transfemicidios creado por Decreto N\u00b0 123\/2021.<\/li>\n<li>Adherir al Sistema \u00danico de Registro de denuncias por violencia de g\u00e9nero (URGE) creado por el Ministerio de Seguridad de la Naci\u00f3n creado por Resoluci\u00f3n del Ministerio de Seguridad N\u00ba 408\/2.<\/li>\n<li>Adherir al Sistema Integrado de casos de violencia por motivos de g\u00e9nero (SICVG) creado por Resoluci\u00f3n del Ministerio de las mujeres, g\u00e9neros y diversidad N\u00b0 48\/21.<\/li>\n<li>Promover que el Poder Judicial de cada provincia avance con las transformaciones necesarias para la incorporaci\u00f3n de la perspectiva de g\u00e9nero a su funcionamiento, realice las capacitaciones que corresponda para actualizar sus pr\u00e1cticas y que, en particular, establezca mecanismos y circuitos de trabajo que aseguren una r\u00e1pida, coordinada y especializada gesti\u00f3n de los casos de violencias por motivos de g\u00e9nero.<\/li>\n<li>Fortalecer las \u00e1reas de g\u00e9nero provinciales y promover el fortalecimiento de las \u00e1reas de g\u00e9nero municipales responsables de la asistencia y protecci\u00f3n integral a las personas en situaci\u00f3n de violencia por motivos de g\u00e9nero; y mejorar los mecanismos de coordinaci\u00f3n y criterios de actuaci\u00f3n conjunta entre la provincia y los municipios, en especial en casos de alto riesgo.<\/li>\n<li>Fortalecer los espacios de formaci\u00f3n y capacitaci\u00f3n en perspectiva de g\u00e9nero para las fuerzas policiales y generar mecanismos que faciliten la realizaci\u00f3n de denuncias administrativas ante casos de violencias por motivos de g\u00e9nero que involucren a miembros de las fuerzas de seguridad, a arbitrar todos los medios necesarios para la protecci\u00f3n de las personas en situaci\u00f3n de violencia por motivos de g\u00e9nero en dichos casos y a adherir a los procedimientos y modalidades de restricci\u00f3n del uso de armas de fuego de dotaci\u00f3n al personal de las Fuerzas Policiales y de Seguridad.<\/li>\n<li>Garantizar que en los establecimientos de salud se cuente con equipos interdisciplinarios que aseguren un adecuado abordaje de los casos de violencia por motivos de g\u00e9nero, incluyendo el registro de las Intervenciones sanitarias vinculadas a estas situaciones, en articulaci\u00f3n con los organismos competentes en la materia.<\/li>\n<li>Coordinar y trabajar de manera conjunta con el Ministerio de las Mujeres, G\u00e9neros y Diversidad de la Naci\u00f3n, articulando recursos, pol\u00edticas y acciones en el marco del Plan Nacional de Acci\u00f3n contra la violencia por motivos de g\u00e9nero 2020-2022.<\/li>\n<\/ol>\n<p>&nbsp;<\/p>\n<p><img loading=\"lazy\" decoding=\"async\" class=\"alignnone wp-image-35855 size-full\" src=\"https:\/\/vocesparalelas.com.ar\/sitio\/wp-content\/uploads\/2021\/03\/VIOLENCIA-GENERO-02.jpg\" alt=\"\" width=\"800\" height=\"534\" srcset=\"https:\/\/vocesparalelas.com.ar\/sitio\/wp-content\/uploads\/2021\/03\/VIOLENCIA-GENERO-02.jpg 800w, https:\/\/vocesparalelas.com.ar\/sitio\/wp-content\/uploads\/2021\/03\/VIOLENCIA-GENERO-02-300x200.jpg 300w, https:\/\/vocesparalelas.com.ar\/sitio\/wp-content\/uploads\/2021\/03\/VIOLENCIA-GENERO-02-768x513.jpg 768w\" sizes=\"auto, (max-width: 800px) 100vw, 800px\" \/><\/p>\n<p>&nbsp;<\/p>\n","protected":false},"excerpt":{"rendered":"<p>El presidente Dr. Alberto Fern\u00e1ndez presidi\u00f3 el acto con los gobernadores para la firma del \u00abAcuerdo Federal para una Argentina<\/p>\n","protected":false},"author":3,"featured_media":35856,"comment_status":"closed","ping_status":"closed","sticky":false,"template":"","format":"standard","meta":{"_acf_changed":false,"_seopress_robots_primary_cat":"none","_seopress_titles_title":"","_seopress_titles_desc":"","_seopress_robots_index":"","colormag_page_container_layout":"default_layout","colormag_page_sidebar_layout":"default_layout","footnotes":""},"categories":[1],"tags":[],"class_list":["post-35852","post","type-post","status-publish","format-standard","has-post-thumbnail","hentry","category-destacadas"],"acf":[],"_links":{"self":[{"href":"https:\/\/vocesparalelas.com.ar\/sitio\/wp-json\/wp\/v2\/posts\/35852","targetHints":{"allow":["GET"]}}],"collection":[{"href":"https:\/\/vocesparalelas.com.ar\/sitio\/wp-json\/wp\/v2\/posts"}],"about":[{"href":"https:\/\/vocesparalelas.com.ar\/sitio\/wp-json\/wp\/v2\/types\/post"}],"author":[{"embeddable":true,"href":"https:\/\/vocesparalelas.com.ar\/sitio\/wp-json\/wp\/v2\/users\/3"}],"replies":[{"embeddable":true,"href":"https:\/\/vocesparalelas.com.ar\/sitio\/wp-json\/wp\/v2\/comments?post=35852"}],"version-history":[{"count":1,"href":"https:\/\/vocesparalelas.com.ar\/sitio\/wp-json\/wp\/v2\/posts\/35852\/revisions"}],"predecessor-version":[{"id":35857,"href":"https:\/\/vocesparalelas.com.ar\/sitio\/wp-json\/wp\/v2\/posts\/35852\/revisions\/35857"}],"wp:featuredmedia":[{"embeddable":true,"href":"https:\/\/vocesparalelas.com.ar\/sitio\/wp-json\/wp\/v2\/media\/35856"}],"wp:attachment":[{"href":"https:\/\/vocesparalelas.com.ar\/sitio\/wp-json\/wp\/v2\/media?parent=35852"}],"wp:term":[{"taxonomy":"category","embeddable":true,"href":"https:\/\/vocesparalelas.com.ar\/sitio\/wp-json\/wp\/v2\/categories?post=35852"},{"taxonomy":"post_tag","embeddable":true,"href":"https:\/\/vocesparalelas.com.ar\/sitio\/wp-json\/wp\/v2\/tags?post=35852"}],"curies":[{"name":"wp","href":"https:\/\/api.w.org\/{rel}","templated":true}]}}