{"id":35840,"date":"2021-03-08T00:55:22","date_gmt":"2021-03-08T03:55:22","guid":{"rendered":"http:\/\/vocesparalelas.com.ar\/sitio\/?p=35840"},"modified":"2021-03-09T19:47:46","modified_gmt":"2021-03-09T22:47:46","slug":"la-voz-argentina-tiene-una-representante-de-san-juan-cintia-barros","status":"publish","type":"post","link":"https:\/\/vocesparalelas.com.ar\/sitio\/la-voz-argentina-tiene-una-representante-de-san-juan-cintia-barros\/","title":{"rendered":"La Voz Argentina tiene una representante de San Juan Cintia Barros"},"content":{"rendered":"<p>La Voz Argentina notific\u00f3 a la cantante de San Juan Cintia Barros quien envi\u00f3 un video de presentando interpretando a cappella creando m\u00fasica \u00fanicamente a trav\u00e9s de la voz demostrando su capacidad con \u00abMi raz\u00f3n de ser\u00bb.<\/p>\n<p>Es un orgullo para San Juan que una joven de s\u00f3lo 22 a\u00f1os haya sido seleccionada en tan importante evento y prestigio como \u00abLa Voz Argentina\u00bb.<\/p>\n<p><iframe loading=\"lazy\" title=\"(Precentacion) la voz argentina 2021\" width=\"800\" height=\"600\" src=\"https:\/\/www.youtube.com\/embed\/YZYvnm5N0zo?feature=oembed\" frameborder=\"0\" allow=\"accelerometer; autoplay; clipboard-write; encrypted-media; gyroscope; picture-in-picture\" allowfullscreen><\/iframe><\/p>\n<div dir=\"auto\">\n<div style=\"outline: invert none 0px; font-family: verdana, arial, helvetica, sans-serif; color: #497d49; font-size: 22px; text-align: center;\"><strong><span style=\"color: #99cc00;\">Mi raz\u00f3n de ser<\/span><\/strong><\/div>\n<div><\/div>\n<\/div>\n<div dir=\"auto\">\n<p style=\"line-height: 1.5; margin: 0px 0px 1.12em; padding-left: 0px; font-family: 'work sans', helvetica, sans-serif; color: #333333; text-align: center; background-color: #ffffff;\">Encontrarme a alguien como t\u00fa, con esa sencillez que te caracteriza<br \/>\nNo ha sido una tarea nada f\u00e1cil por que t\u00fa eres \u00fanica<br \/>\nConvences a mi coraz\u00f3n que te ame por completo<br \/>\nConquistas cada parte de mi mente y de mi cuerpo<br \/>\nT\u00fa haces que mi vida tenga mas sentido<br \/>\nHaces que a diario quiera estar contigo<\/p>\n<p>T\u00fa eres como el agua clara que llueve del cielo<br \/>\nTe quiero porque quiero que me quieras porque<br \/>\nComo tu no hay nadie mas bonita en esta tierra y<br \/>\nQue me hace so\u00f1ar cada vez que me besa y me pone a temblar<br \/>\nQue me intimida cada vez que me acaricia t\u00fa y nadie m\u00e1s<\/p>\n<p>Que satisface todos mis deseos y en cuesti\u00f3n de piel<br \/>\nY hace sentirme orgulloso simplemente si juntos nos ven<br \/>\nCaminando de la mano<br \/>\nEres mi raz\u00f3n de ser<\/p>\n<p>T\u00fa eres como el agua clara que llueve del cielo<br \/>\nTe quiero porque quiero que me quieras porque<br \/>\nComo tu no hay nadie mas bonita en esta tierra y<br \/>\nQue me hace so\u00f1ar cada vez que me besa y me pone a temblar<br \/>\nQue me intimida cada vez que me acaricia t\u00fa y nadie m\u00e1s<\/p>\n<p>Que satisface todos mis deseos y en cuesti\u00f3n de piel<br \/>\nY hace sentirme orgulloso simplemente si juntos nos ven<br \/>\nCaminando de la mano<br \/>\nEres mi raz\u00f3n de ser<\/p>\n<\/div>\n<p>Cintia Barros manifest\u00f3 a Voces Paralelas que \u00abpara m\u00ed representar a San Juan es muy emocionante. Voy a ser yo, humilde y me gusta cantar. Ser lo que soy porque vengo de una familia folkl\u00f3rica. Adem\u00e1s, representar a San Juan para mi va a ser emocionante. Siempre digo que si canto es porque me gusta y lo siento. Pienso que si en alg\u00fan momento no sigo en Voz Argentina no quiero que los sanjuaninos se sientan mal y no se sientan decepcionados por mi. La vida es as\u00ed muchas veces se gana o se pierde. Lo tomo desde ya como un concurso, seguir adelante, demostrar lo que soy cantar con el alma con lo que yo s\u00e9. Lo que venga de ahora en m\u00e1s, va a ser nuevo para m\u00ed. Muchas gracias y un abrazo a los sanjuaninos\u00bb.<\/p>\n<p>Es importante destacar que La Voz Argentina se emite por el Canal Telefe que\u00a0prepara la tercera temporada y regresa al aire durante el 2021. En la conducci\u00f3n contin\u00faa Marley pero hay cambios en el jurado por asuntos particulares de algunos integrantes.<\/p>\n<p>\u00c9xito a los participantes pero muy especial para la representante de San Juan Cintia Barros y a apoyarla en todo sentido para que llegue a ganar una experiencia musical maravillosa. Es una ganadora desde el momento en que fue seleccionada.<\/p>\n<p><img loading=\"lazy\" decoding=\"async\" class=\"alignnone wp-image-35843 size-full\" src=\"https:\/\/vocesparalelas.com.ar\/sitio\/wp-content\/uploads\/2021\/03\/LA-VOZ-ARGENTINA-LOGO.jpg\" alt=\"\" width=\"800\" height=\"448\" srcset=\"https:\/\/vocesparalelas.com.ar\/sitio\/wp-content\/uploads\/2021\/03\/LA-VOZ-ARGENTINA-LOGO.jpg 800w, https:\/\/vocesparalelas.com.ar\/sitio\/wp-content\/uploads\/2021\/03\/LA-VOZ-ARGENTINA-LOGO-300x168.jpg 300w, https:\/\/vocesparalelas.com.ar\/sitio\/wp-content\/uploads\/2021\/03\/LA-VOZ-ARGENTINA-LOGO-768x430.jpg 768w\" sizes=\"auto, (max-width: 800px) 100vw, 800px\" \/><\/p>\n","protected":false},"excerpt":{"rendered":"<p>La Voz Argentina notific\u00f3 a la cantante de San Juan Cintia Barros quien envi\u00f3 un video de presentando interpretando a<\/p>\n","protected":false},"author":3,"featured_media":35842,"comment_status":"closed","ping_status":"closed","sticky":false,"template":"","format":"video","meta":{"_acf_changed":false,"_seopress_robots_primary_cat":"none","_seopress_titles_title":"","_seopress_titles_desc":"","_seopress_robots_index":"","colormag_page_container_layout":"default_layout","colormag_page_sidebar_layout":"default_layout","footnotes":""},"categories":[20,7],"tags":[],"class_list":["post-35840","post","type-post","status-publish","format-video","has-post-thumbnail","hentry","category-cartelera","category-videos","post_format-post-format-video"],"acf":[],"_links":{"self":[{"href":"https:\/\/vocesparalelas.com.ar\/sitio\/wp-json\/wp\/v2\/posts\/35840","targetHints":{"allow":["GET"]}}],"collection":[{"href":"https:\/\/vocesparalelas.com.ar\/sitio\/wp-json\/wp\/v2\/posts"}],"about":[{"href":"https:\/\/vocesparalelas.com.ar\/sitio\/wp-json\/wp\/v2\/types\/post"}],"author":[{"embeddable":true,"href":"https:\/\/vocesparalelas.com.ar\/sitio\/wp-json\/wp\/v2\/users\/3"}],"replies":[{"embeddable":true,"href":"https:\/\/vocesparalelas.com.ar\/sitio\/wp-json\/wp\/v2\/comments?post=35840"}],"version-history":[{"count":2,"href":"https:\/\/vocesparalelas.com.ar\/sitio\/wp-json\/wp\/v2\/posts\/35840\/revisions"}],"predecessor-version":[{"id":35893,"href":"https:\/\/vocesparalelas.com.ar\/sitio\/wp-json\/wp\/v2\/posts\/35840\/revisions\/35893"}],"wp:featuredmedia":[{"embeddable":true,"href":"https:\/\/vocesparalelas.com.ar\/sitio\/wp-json\/wp\/v2\/media\/35842"}],"wp:attachment":[{"href":"https:\/\/vocesparalelas.com.ar\/sitio\/wp-json\/wp\/v2\/media?parent=35840"}],"wp:term":[{"taxonomy":"category","embeddable":true,"href":"https:\/\/vocesparalelas.com.ar\/sitio\/wp-json\/wp\/v2\/categories?post=35840"},{"taxonomy":"post_tag","embeddable":true,"href":"https:\/\/vocesparalelas.com.ar\/sitio\/wp-json\/wp\/v2\/tags?post=35840"}],"curies":[{"name":"wp","href":"https:\/\/api.w.org\/{rel}","templated":true}]}}