{"id":35835,"date":"2021-03-07T23:48:31","date_gmt":"2021-03-08T02:48:31","guid":{"rendered":"http:\/\/vocesparalelas.com.ar\/sitio\/?p=35835"},"modified":"2021-03-07T23:48:31","modified_gmt":"2021-03-08T02:48:31","slug":"mujeres-en-accion","status":"publish","type":"post","link":"https:\/\/vocesparalelas.com.ar\/sitio\/mujeres-en-accion\/","title":{"rendered":"Mujeres en Acci\u00f3n"},"content":{"rendered":"<p>Bajo la consigna \u00abMujeres en acci\u00f3n- Feminismo y construcci\u00f3n cultural\u00bb se invita a participar del Primer\u00a0Evento Feminista con transmisi\u00f3n en vivo v\u00eda streaming y a trav\u00e9s de Xama Se\u00f1al UNSJ por el 33.1 de la Televisi\u00f3n Digital Abierta y el canal 18 IO Total el Lunes, 8 de marzo a partir de las 20 horas.<\/p>\n<p>Se trata de una coproducci\u00f3n entre Xama Se\u00f1al UNSJ\u00a0<a href=\"https:\/\/www.facebook.com\/xamaUNSJ\">https:\/\/www.facebook.com\/xamaUNSJ<\/a>, el canal de televisi\u00f3n p\u00fablico de la Universidad Nacional de San Juan\u00a0<a href=\"https:\/\/www.facebook.com\/UNSJOficial\">https:\/\/www.facebook.com\/UNSJOficial <\/a>y el Centro Cultural Conte Grand\u00a0<a href=\"https:\/\/www.facebook.com\/cccontegrand\">https:\/\/www.facebook.com\/cccontegrand<\/a>.<\/p>\n<p>Las actividades previstas incluyen\u00a0performances, m\u00fasicas en escena, teatro, danza fusi\u00f3n, DJ, y un gran grupo de emprendedoras que ser\u00e1n parte de la EXPO. Esta conmemoraci\u00f3n est\u00e1 \u00edntegramente producida, dirigida y creada por mujeres.<\/p>\n<p>Por streaming se podr\u00e1 acceder al evento a trav\u00e9s del canal de YouTube del Centro Cultural Conte Grand\u00a0<a href=\"https:\/\/www.youtube.com\/channel\/UCIR14Ck3Gl8eJ-jB12n5sbg\">https:\/\/www.youtube.com\/channel\/UCIR14Ck3Gl8eJ-jB12n5sbg<\/a><\/p>\n<p><img loading=\"lazy\" decoding=\"async\" class=\"alignnone wp-image-35837 size-full\" src=\"https:\/\/vocesparalelas.com.ar\/sitio\/wp-content\/uploads\/2021\/03\/UNSJ-MUJERES-ACCION.jpg\" alt=\"\" width=\"800\" height=\"600\" srcset=\"https:\/\/vocesparalelas.com.ar\/sitio\/wp-content\/uploads\/2021\/03\/UNSJ-MUJERES-ACCION.jpg 800w, https:\/\/vocesparalelas.com.ar\/sitio\/wp-content\/uploads\/2021\/03\/UNSJ-MUJERES-ACCION-300x225.jpg 300w, https:\/\/vocesparalelas.com.ar\/sitio\/wp-content\/uploads\/2021\/03\/UNSJ-MUJERES-ACCION-768x576.jpg 768w\" sizes=\"auto, (max-width: 800px) 100vw, 800px\" \/><\/p>\n<p>&nbsp;<\/p>\n<p>&nbsp;<\/p>\n<p>&nbsp;<\/p>\n","protected":false},"excerpt":{"rendered":"<p>Bajo la consigna \u00abMujeres en acci\u00f3n- Feminismo y construcci\u00f3n cultural\u00bb se invita a participar del Primer\u00a0Evento Feminista con transmisi\u00f3n en<\/p>\n","protected":false},"author":3,"featured_media":35838,"comment_status":"closed","ping_status":"closed","sticky":false,"template":"","format":"standard","meta":{"_acf_changed":false,"_seopress_robots_primary_cat":"none","_seopress_titles_title":"","_seopress_titles_desc":"","_seopress_robots_index":"","colormag_page_container_layout":"default_layout","colormag_page_sidebar_layout":"default_layout","footnotes":""},"categories":[1],"tags":[],"class_list":["post-35835","post","type-post","status-publish","format-standard","has-post-thumbnail","hentry","category-destacadas"],"acf":[],"_links":{"self":[{"href":"https:\/\/vocesparalelas.com.ar\/sitio\/wp-json\/wp\/v2\/posts\/35835","targetHints":{"allow":["GET"]}}],"collection":[{"href":"https:\/\/vocesparalelas.com.ar\/sitio\/wp-json\/wp\/v2\/posts"}],"about":[{"href":"https:\/\/vocesparalelas.com.ar\/sitio\/wp-json\/wp\/v2\/types\/post"}],"author":[{"embeddable":true,"href":"https:\/\/vocesparalelas.com.ar\/sitio\/wp-json\/wp\/v2\/users\/3"}],"replies":[{"embeddable":true,"href":"https:\/\/vocesparalelas.com.ar\/sitio\/wp-json\/wp\/v2\/comments?post=35835"}],"version-history":[{"count":1,"href":"https:\/\/vocesparalelas.com.ar\/sitio\/wp-json\/wp\/v2\/posts\/35835\/revisions"}],"predecessor-version":[{"id":35839,"href":"https:\/\/vocesparalelas.com.ar\/sitio\/wp-json\/wp\/v2\/posts\/35835\/revisions\/35839"}],"wp:featuredmedia":[{"embeddable":true,"href":"https:\/\/vocesparalelas.com.ar\/sitio\/wp-json\/wp\/v2\/media\/35838"}],"wp:attachment":[{"href":"https:\/\/vocesparalelas.com.ar\/sitio\/wp-json\/wp\/v2\/media?parent=35835"}],"wp:term":[{"taxonomy":"category","embeddable":true,"href":"https:\/\/vocesparalelas.com.ar\/sitio\/wp-json\/wp\/v2\/categories?post=35835"},{"taxonomy":"post_tag","embeddable":true,"href":"https:\/\/vocesparalelas.com.ar\/sitio\/wp-json\/wp\/v2\/tags?post=35835"}],"curies":[{"name":"wp","href":"https:\/\/api.w.org\/{rel}","templated":true}]}}