{"id":35803,"date":"2021-03-05T22:39:23","date_gmt":"2021-03-06T01:39:23","guid":{"rendered":"http:\/\/vocesparalelas.com.ar\/sitio\/?p=35803"},"modified":"2021-03-05T22:39:23","modified_gmt":"2021-03-06T01:39:23","slug":"vacunacion-para-los-transplantados-en-san-juan","status":"publish","type":"post","link":"https:\/\/vocesparalelas.com.ar\/sitio\/vacunacion-para-los-transplantados-en-san-juan\/","title":{"rendered":"Vacunaci\u00f3n para los transplantados en San Juan"},"content":{"rendered":"<p>El Ministerio de Salud P\u00fablica del Gobierno de San Juan informa a trav\u00e9s del Programa Provincial de Inmunizaciones que desde el Lunes, 8 al Viernes, 12 de Marzo, pueden acceder a la vacunaci\u00f3n contra el COVID-19 los pacientes trasplantados.<\/p>\n<p>Los interesados deben concurrir, de acuerdo a la terminaci\u00f3n del DNI, al Polideportivo de la Escuela San Mart\u00edn, Avellaneda y Gral Paz, de 14:30 a 20:00 hs, concluyendo con la fila a las 19:00 hs<\/p>\n<p><strong><span style=\"color: #ff0000;\">Cronograma de vacunaci\u00f3n sg\u00fan la terminaci\u00f3n de DNI<\/span><\/strong><\/p>\n<ul>\n<li>Lunes: terminaci\u00f3n de DNI 0-1<\/li>\n<li>Martes: terminaci\u00f3n de DNI 2-3<\/li>\n<li>Mi\u00e9rcoles: terminaci\u00f3n de DNI 4-5<\/li>\n<li>Jueves: terminaci\u00f3n de DNI 6-7<\/li>\n<li>Viernes: terminaci\u00f3n de DNI 8-9<\/li>\n<\/ul>\n<p><strong><span style=\"color: #ff0000;\">Requisitos obligatorios a presentar<\/span><\/strong><\/p>\n<ul>\n<li>Tener 18 a\u00f1os en adelante.<\/li>\n<li>Presentar el Certificado de Implante otorgado por INAISA<\/li>\n<\/ul>\n<p>Para obtener el certificado puede solicitarlo v\u00eda email al Instituto de Ablaci\u00f3n e Implante de San Juan. INAISA<\/p>\n<ul>\n<li>Correo: <span id=\"cloak4bfcf7b3f864da236d0d5a15189b08e7\"><a href=\"mailto:inaisasanjuan@gmail.com\">inaisasanjuan@gmail.com<\/a><\/span><\/li>\n<li>Tel\u00e9fono 4201029 de Lunes a Viernes de 7 a 13hs<\/li>\n<li>Direcci\u00f3n: Hospital Dr. Guillermo Rawson (Av Rawson y Gral Paz, edificio verde primer piso) horario de atenci\u00f3n de 7 a 13hs.<\/li>\n<\/ul>\n<p>Ante la decisi\u00f3n de vacunarse, sugerimos que consulte a su m\u00e9dico de referencia para que les brinde informaci\u00f3n. Recordemos que el acto de vacunarse es una decisi\u00f3n totalmente personal y voluntaria.<\/p>\n<p>&nbsp;<\/p>\n<p><img loading=\"lazy\" decoding=\"async\" class=\"alignnone wp-image-35805 size-full\" src=\"https:\/\/vocesparalelas.com.ar\/sitio\/wp-content\/uploads\/2021\/03\/vacunacion-transplantados.jpg\" alt=\"\" width=\"650\" height=\"1024\" srcset=\"https:\/\/vocesparalelas.com.ar\/sitio\/wp-content\/uploads\/2021\/03\/vacunacion-transplantados.jpg 650w, https:\/\/vocesparalelas.com.ar\/sitio\/wp-content\/uploads\/2021\/03\/vacunacion-transplantados-190x300.jpg 190w, https:\/\/vocesparalelas.com.ar\/sitio\/wp-content\/uploads\/2021\/03\/vacunacion-transplantados-508x800.jpg 508w\" sizes=\"auto, (max-width: 650px) 100vw, 650px\" \/><\/p>\n<p>&nbsp;<\/p>\n","protected":false},"excerpt":{"rendered":"<p>El Ministerio de Salud P\u00fablica del Gobierno de San Juan informa a trav\u00e9s del Programa Provincial de Inmunizaciones que desde<\/p>\n","protected":false},"author":3,"featured_media":3895,"comment_status":"closed","ping_status":"closed","sticky":false,"template":"","format":"standard","meta":{"_acf_changed":false,"_seopress_robots_primary_cat":"none","_seopress_titles_title":"","_seopress_titles_desc":"","_seopress_robots_index":"","colormag_page_container_layout":"default_layout","colormag_page_sidebar_layout":"default_layout","footnotes":""},"categories":[1],"tags":[],"class_list":["post-35803","post","type-post","status-publish","format-standard","has-post-thumbnail","hentry","category-destacadas"],"acf":[],"_links":{"self":[{"href":"https:\/\/vocesparalelas.com.ar\/sitio\/wp-json\/wp\/v2\/posts\/35803","targetHints":{"allow":["GET"]}}],"collection":[{"href":"https:\/\/vocesparalelas.com.ar\/sitio\/wp-json\/wp\/v2\/posts"}],"about":[{"href":"https:\/\/vocesparalelas.com.ar\/sitio\/wp-json\/wp\/v2\/types\/post"}],"author":[{"embeddable":true,"href":"https:\/\/vocesparalelas.com.ar\/sitio\/wp-json\/wp\/v2\/users\/3"}],"replies":[{"embeddable":true,"href":"https:\/\/vocesparalelas.com.ar\/sitio\/wp-json\/wp\/v2\/comments?post=35803"}],"version-history":[{"count":1,"href":"https:\/\/vocesparalelas.com.ar\/sitio\/wp-json\/wp\/v2\/posts\/35803\/revisions"}],"predecessor-version":[{"id":35806,"href":"https:\/\/vocesparalelas.com.ar\/sitio\/wp-json\/wp\/v2\/posts\/35803\/revisions\/35806"}],"wp:featuredmedia":[{"embeddable":true,"href":"https:\/\/vocesparalelas.com.ar\/sitio\/wp-json\/wp\/v2\/media\/3895"}],"wp:attachment":[{"href":"https:\/\/vocesparalelas.com.ar\/sitio\/wp-json\/wp\/v2\/media?parent=35803"}],"wp:term":[{"taxonomy":"category","embeddable":true,"href":"https:\/\/vocesparalelas.com.ar\/sitio\/wp-json\/wp\/v2\/categories?post=35803"},{"taxonomy":"post_tag","embeddable":true,"href":"https:\/\/vocesparalelas.com.ar\/sitio\/wp-json\/wp\/v2\/tags?post=35803"}],"curies":[{"name":"wp","href":"https:\/\/api.w.org\/{rel}","templated":true}]}}