{"id":35789,"date":"2021-03-05T20:51:52","date_gmt":"2021-03-05T23:51:52","guid":{"rendered":"http:\/\/vocesparalelas.com.ar\/sitio\/?p=35789"},"modified":"2021-03-05T20:52:52","modified_gmt":"2021-03-05T23:52:52","slug":"el-personal-de-salud-debe-inscribirse-via-online-para-obtener-un-turno-de-vacunacion","status":"publish","type":"post","link":"https:\/\/vocesparalelas.com.ar\/sitio\/el-personal-de-salud-debe-inscribirse-via-online-para-obtener-un-turno-de-vacunacion\/","title":{"rendered":"El personal de salud debe inscribirse v\u00eda online para obtener un turno de vacunaci\u00f3n"},"content":{"rendered":"<p>El Ministerio de Salud P\u00fablica del Gobierno de San Juan, teniendo en cuenta la gran convocatoria, compromiso y responsabilidad del personal de salud para vacunarse contra el COVID-19 y merced a la necesidad de brindarle la mayor seguridad y evitar la aglomeraci\u00f3n de personas, decidi\u00f3 abrir la inscripci\u00f3n en el sitio oficial <a href=\"http:\/\/www.sisanjuan.gob.ar\/\">SI San Juan<\/a> <a href=\"http:\/\/www.sisanjuan.gob.ar\/\">sisanjuan.gob.ar<\/a>\u00a0para las personas que deben colocarse la primera y segunda dosis. De esta manera, la inscripci\u00f3n para obtener un turno de vacunaci\u00f3n en el Estadio Aldo Cantoni estar\u00e1 abierta desde el S\u00e1bado, 6 de Marzo, a las 9:00 horas.<\/p>\n<p><strong><span style=\"color: #ff0000;\">Procedimiento<\/span><\/strong><\/p>\n<ul>\n<li>Registrarse en el m\u00f3dulo habilitado para tal fin en <a href=\"http:\/\/www.sisanjuan.gob.ar\/\">SI San Juan <\/a><a href=\"http:\/\/www.sisanjuan.gob.ar\/\">sisanjuan.gob.ar<\/a><\/li>\n<li>Completar el formulario<\/li>\n<li>Les llega una confirmaci\u00f3n v\u00eda SMS con el d\u00eda y fecha que se deber\u00e1 presentar en el Estadio Aldo Cantoni.<\/li>\n<li>DNI<\/li>\n<li>Constancia del turno<\/li>\n<li>Certificado laboral otorgado por la instituci\u00f3n de salud.<\/li>\n<li>Llevar carnet de vacunaci\u00f3n para las personas que les corresponda la segunda dosis.<\/li>\n<\/ul>\n<p>&nbsp;<\/p>\n<p><img loading=\"lazy\" decoding=\"async\" class=\"alignnone wp-image-35791 size-full\" src=\"https:\/\/vocesparalelas.com.ar\/sitio\/wp-content\/uploads\/2021\/03\/VACUNA-SABADO.jpg\" alt=\"\" width=\"508\" height=\"800\" srcset=\"https:\/\/vocesparalelas.com.ar\/sitio\/wp-content\/uploads\/2021\/03\/VACUNA-SABADO.jpg 508w, https:\/\/vocesparalelas.com.ar\/sitio\/wp-content\/uploads\/2021\/03\/VACUNA-SABADO-191x300.jpg 191w\" sizes=\"auto, (max-width: 508px) 100vw, 508px\" \/><\/p>\n<p>&nbsp;<\/p>\n<p>&nbsp;<\/p>\n","protected":false},"excerpt":{"rendered":"<p>El Ministerio de Salud P\u00fablica del Gobierno de San Juan, teniendo en cuenta la gran convocatoria, compromiso y responsabilidad del<\/p>\n","protected":false},"author":3,"featured_media":33966,"comment_status":"closed","ping_status":"closed","sticky":false,"template":"","format":"standard","meta":{"_acf_changed":false,"_seopress_robots_primary_cat":"none","_seopress_titles_title":"","_seopress_titles_desc":"","_seopress_robots_index":"","colormag_page_container_layout":"default_layout","colormag_page_sidebar_layout":"default_layout","footnotes":""},"categories":[1],"tags":[],"class_list":["post-35789","post","type-post","status-publish","format-standard","has-post-thumbnail","hentry","category-destacadas"],"acf":[],"_links":{"self":[{"href":"https:\/\/vocesparalelas.com.ar\/sitio\/wp-json\/wp\/v2\/posts\/35789","targetHints":{"allow":["GET"]}}],"collection":[{"href":"https:\/\/vocesparalelas.com.ar\/sitio\/wp-json\/wp\/v2\/posts"}],"about":[{"href":"https:\/\/vocesparalelas.com.ar\/sitio\/wp-json\/wp\/v2\/types\/post"}],"author":[{"embeddable":true,"href":"https:\/\/vocesparalelas.com.ar\/sitio\/wp-json\/wp\/v2\/users\/3"}],"replies":[{"embeddable":true,"href":"https:\/\/vocesparalelas.com.ar\/sitio\/wp-json\/wp\/v2\/comments?post=35789"}],"version-history":[{"count":1,"href":"https:\/\/vocesparalelas.com.ar\/sitio\/wp-json\/wp\/v2\/posts\/35789\/revisions"}],"predecessor-version":[{"id":35792,"href":"https:\/\/vocesparalelas.com.ar\/sitio\/wp-json\/wp\/v2\/posts\/35789\/revisions\/35792"}],"wp:featuredmedia":[{"embeddable":true,"href":"https:\/\/vocesparalelas.com.ar\/sitio\/wp-json\/wp\/v2\/media\/33966"}],"wp:attachment":[{"href":"https:\/\/vocesparalelas.com.ar\/sitio\/wp-json\/wp\/v2\/media?parent=35789"}],"wp:term":[{"taxonomy":"category","embeddable":true,"href":"https:\/\/vocesparalelas.com.ar\/sitio\/wp-json\/wp\/v2\/categories?post=35789"},{"taxonomy":"post_tag","embeddable":true,"href":"https:\/\/vocesparalelas.com.ar\/sitio\/wp-json\/wp\/v2\/tags?post=35789"}],"curies":[{"name":"wp","href":"https:\/\/api.w.org\/{rel}","templated":true}]}}