{"id":35776,"date":"2021-03-05T20:05:45","date_gmt":"2021-03-05T23:05:45","guid":{"rendered":"http:\/\/vocesparalelas.com.ar\/sitio\/?p=35776"},"modified":"2021-03-05T20:05:45","modified_gmt":"2021-03-05T23:05:45","slug":"firma-de-convenio-para-fortalecer-la-feria-de-ramos-generales-de-la-economia-social","status":"publish","type":"post","link":"https:\/\/vocesparalelas.com.ar\/sitio\/firma-de-convenio-para-fortalecer-la-feria-de-ramos-generales-de-la-economia-social\/","title":{"rendered":"Firma de convenio para fortalecer la Feria de Ramos Generales de la Econom\u00eda Social"},"content":{"rendered":"<p>El Gobierno de San Juan contin\u00faa generando pol\u00edticas p\u00fablicas que fomentan el crecimiento y pleno desarrollo de cada emprendedor social.<\/p>\n<p>En esta oportunidad, mediante la extensi\u00f3n del convenio que tiene como fin dar continuidad a la Feria de Ramos Generales de la Econom\u00eda Social.<\/p>\n<p>En ese sentido, el ministro de Desarrollo Humano y Promoci\u00f3n Social, Prof. Fabian Aballay y el rector de la Universidad Nacional de San Juan, DR. Oscar Nasisi, rubricaron la extensi\u00f3n del convenio la herramienta orientada al sector del emprendedurismo.<\/p>\n<p><img loading=\"lazy\" decoding=\"async\" class=\"alignnone wp-image-35784 size-full\" src=\"https:\/\/vocesparalelas.com.ar\/sitio\/wp-content\/uploads\/2021\/03\/UNSJ-FERIA-06.jpg\" alt=\"\" width=\"800\" height=\"533\" srcset=\"https:\/\/vocesparalelas.com.ar\/sitio\/wp-content\/uploads\/2021\/03\/UNSJ-FERIA-06.jpg 800w, https:\/\/vocesparalelas.com.ar\/sitio\/wp-content\/uploads\/2021\/03\/UNSJ-FERIA-06-300x200.jpg 300w, https:\/\/vocesparalelas.com.ar\/sitio\/wp-content\/uploads\/2021\/03\/UNSJ-FERIA-06-768x512.jpg 768w\" sizes=\"auto, (max-width: 800px) 100vw, 800px\" \/><\/p>\n<p><img loading=\"lazy\" decoding=\"async\" class=\"alignnone wp-image-35783 size-full\" src=\"https:\/\/vocesparalelas.com.ar\/sitio\/wp-content\/uploads\/2021\/03\/UNSJ-FERIA-05.jpg\" alt=\"\" width=\"800\" height=\"533\" srcset=\"https:\/\/vocesparalelas.com.ar\/sitio\/wp-content\/uploads\/2021\/03\/UNSJ-FERIA-05.jpg 800w, https:\/\/vocesparalelas.com.ar\/sitio\/wp-content\/uploads\/2021\/03\/UNSJ-FERIA-05-300x200.jpg 300w, https:\/\/vocesparalelas.com.ar\/sitio\/wp-content\/uploads\/2021\/03\/UNSJ-FERIA-05-768x512.jpg 768w\" sizes=\"auto, (max-width: 800px) 100vw, 800px\" \/><\/p>\n<p><img loading=\"lazy\" decoding=\"async\" class=\"alignnone wp-image-35782 size-full\" src=\"https:\/\/vocesparalelas.com.ar\/sitio\/wp-content\/uploads\/2021\/03\/UNSJ-FERIA-04.jpg\" alt=\"\" width=\"800\" height=\"533\" srcset=\"https:\/\/vocesparalelas.com.ar\/sitio\/wp-content\/uploads\/2021\/03\/UNSJ-FERIA-04.jpg 800w, https:\/\/vocesparalelas.com.ar\/sitio\/wp-content\/uploads\/2021\/03\/UNSJ-FERIA-04-300x200.jpg 300w, https:\/\/vocesparalelas.com.ar\/sitio\/wp-content\/uploads\/2021\/03\/UNSJ-FERIA-04-768x512.jpg 768w\" sizes=\"auto, (max-width: 800px) 100vw, 800px\" \/><\/p>\n<p>Estas ferias se desarrollan de manera presencial y bajo un estricto protocolo sanitario durante dos d\u00edas, cada mes del 2021en el sector de avenida Ignacio de la Roza, entre avenida Rioja y Jujuy.<\/p>\n<p>Al respecto, el ministro de Desarrollo Humano y Promoci\u00f3n Social, Prof. Fabian Aballay expres\u00f3 que \u201choy a partir de este convenio se reactivan las actividades de los emprendedores y las emprendedoras sociales en donde podr\u00e1n comercializar sus productos y generar sus propios ingresos. Es muy gratificante poder observar tantos emprendedores, entendiendo que en cada venta hay un nuevo sustento para una familia sanjuanina, convirtiendo esta actividad en el sost\u00e9n de muchas familias de todos los departamentos\u201d.<\/p>\n<p>&nbsp;<\/p>\n<p><iframe loading=\"lazy\" title=\"UNSJ FERIA\" width=\"800\" height=\"450\" src=\"https:\/\/www.youtube.com\/embed\/OWOeuSrNrCM?feature=oembed\" frameborder=\"0\" allow=\"accelerometer; autoplay; clipboard-write; encrypted-media; gyroscope; picture-in-picture\" allowfullscreen><\/iframe><\/p>\n<p>A su vez, el rector de la UNSJ, DR. Oscar Nasisi coment\u00f3 que \u201cel acta complementaria ya es un \u00edcono de nuestra universidad y que indudablemente todos los emprendedores de San Juan esperan, entendiendo la importancia de la feria para ellos. Fue un a\u00f1o dif\u00edcil para todos y que oblig\u00f3 a tomar acciones con el objetivo de favorecer a aquellos sectores m\u00e1s vulnerables. Por ese motivo, surgi\u00f3 junto a Desarrollo Humano el programa S\u00faper Almac\u00e9n como otra herramienta fundamental de crecimiento de los emprendedores\u201d.<\/p>\n<p>&nbsp;<\/p>\n<p><iframe loading=\"lazy\" title=\"UNSJ FERIA\" width=\"800\" height=\"450\" src=\"https:\/\/www.youtube.com\/embed\/GfiLbQy87j8?feature=oembed\" frameborder=\"0\" allow=\"accelerometer; autoplay; clipboard-write; encrypted-media; gyroscope; picture-in-picture\" allowfullscreen><\/iframe><\/p>\n<p>La Feria de Ramos generales constituye un espacio de inclusi\u00f3n y de crecimiento para quienes apuestan al emprendedurismo, por lo que el Estado provincial continuar\u00e1 fomentando el pleno desarrollo de cada uno de los integrantes de la econom\u00eda social de San Juan.<\/p>\n<p><img loading=\"lazy\" decoding=\"async\" class=\"alignnone wp-image-35780 size-full\" src=\"https:\/\/vocesparalelas.com.ar\/sitio\/wp-content\/uploads\/2021\/03\/UNSJ-FERIA-02.jpg\" alt=\"\" width=\"800\" height=\"533\" srcset=\"https:\/\/vocesparalelas.com.ar\/sitio\/wp-content\/uploads\/2021\/03\/UNSJ-FERIA-02.jpg 800w, https:\/\/vocesparalelas.com.ar\/sitio\/wp-content\/uploads\/2021\/03\/UNSJ-FERIA-02-300x200.jpg 300w, https:\/\/vocesparalelas.com.ar\/sitio\/wp-content\/uploads\/2021\/03\/UNSJ-FERIA-02-768x512.jpg 768w\" sizes=\"auto, (max-width: 800px) 100vw, 800px\" \/><\/p>\n<p><img loading=\"lazy\" decoding=\"async\" class=\"alignnone wp-image-35779 size-full\" src=\"https:\/\/vocesparalelas.com.ar\/sitio\/wp-content\/uploads\/2021\/03\/UNSJ-FERIA-01.jpg\" alt=\"\" width=\"800\" height=\"533\" srcset=\"https:\/\/vocesparalelas.com.ar\/sitio\/wp-content\/uploads\/2021\/03\/UNSJ-FERIA-01.jpg 800w, https:\/\/vocesparalelas.com.ar\/sitio\/wp-content\/uploads\/2021\/03\/UNSJ-FERIA-01-300x200.jpg 300w, https:\/\/vocesparalelas.com.ar\/sitio\/wp-content\/uploads\/2021\/03\/UNSJ-FERIA-01-768x512.jpg 768w\" sizes=\"auto, (max-width: 800px) 100vw, 800px\" \/><\/p>\n","protected":false},"excerpt":{"rendered":"<p>El Gobierno de San Juan contin\u00faa generando pol\u00edticas p\u00fablicas que fomentan el crecimiento y pleno desarrollo de cada emprendedor social.<\/p>\n","protected":false},"author":3,"featured_media":35781,"comment_status":"closed","ping_status":"closed","sticky":false,"template":"","format":"video","meta":{"_acf_changed":false,"_seopress_robots_primary_cat":"none","_seopress_titles_title":"","_seopress_titles_desc":"","_seopress_robots_index":"","colormag_page_container_layout":"default_layout","colormag_page_sidebar_layout":"default_layout","footnotes":""},"categories":[1,7],"tags":[],"class_list":["post-35776","post","type-post","status-publish","format-video","has-post-thumbnail","hentry","category-destacadas","category-videos","post_format-post-format-video"],"acf":[],"_links":{"self":[{"href":"https:\/\/vocesparalelas.com.ar\/sitio\/wp-json\/wp\/v2\/posts\/35776","targetHints":{"allow":["GET"]}}],"collection":[{"href":"https:\/\/vocesparalelas.com.ar\/sitio\/wp-json\/wp\/v2\/posts"}],"about":[{"href":"https:\/\/vocesparalelas.com.ar\/sitio\/wp-json\/wp\/v2\/types\/post"}],"author":[{"embeddable":true,"href":"https:\/\/vocesparalelas.com.ar\/sitio\/wp-json\/wp\/v2\/users\/3"}],"replies":[{"embeddable":true,"href":"https:\/\/vocesparalelas.com.ar\/sitio\/wp-json\/wp\/v2\/comments?post=35776"}],"version-history":[{"count":1,"href":"https:\/\/vocesparalelas.com.ar\/sitio\/wp-json\/wp\/v2\/posts\/35776\/revisions"}],"predecessor-version":[{"id":35785,"href":"https:\/\/vocesparalelas.com.ar\/sitio\/wp-json\/wp\/v2\/posts\/35776\/revisions\/35785"}],"wp:featuredmedia":[{"embeddable":true,"href":"https:\/\/vocesparalelas.com.ar\/sitio\/wp-json\/wp\/v2\/media\/35781"}],"wp:attachment":[{"href":"https:\/\/vocesparalelas.com.ar\/sitio\/wp-json\/wp\/v2\/media?parent=35776"}],"wp:term":[{"taxonomy":"category","embeddable":true,"href":"https:\/\/vocesparalelas.com.ar\/sitio\/wp-json\/wp\/v2\/categories?post=35776"},{"taxonomy":"post_tag","embeddable":true,"href":"https:\/\/vocesparalelas.com.ar\/sitio\/wp-json\/wp\/v2\/tags?post=35776"}],"curies":[{"name":"wp","href":"https:\/\/api.w.org\/{rel}","templated":true}]}}