{"id":35761,"date":"2021-03-04T23:17:36","date_gmt":"2021-03-05T02:17:36","guid":{"rendered":"http:\/\/vocesparalelas.com.ar\/sitio\/?p=35761"},"modified":"2021-03-04T23:17:36","modified_gmt":"2021-03-05T02:17:36","slug":"se-realizara-la-denuncia-ante-el-poder-judicial-frente-a-los-danos-a-los-petroglifos","status":"publish","type":"post","link":"https:\/\/vocesparalelas.com.ar\/sitio\/se-realizara-la-denuncia-ante-el-poder-judicial-frente-a-los-danos-a-los-petroglifos\/","title":{"rendered":"Se realizar\u00e1 la denuncia ante el Poder Judicial frente a los da\u00f1os a los Petroglifos"},"content":{"rendered":"<p>Tras una investigaci\u00f3n, se detect\u00f3 que una persona de sexo masculino escribi\u00f3 su nombre y da\u00f1\u00f3 este sitio arqueol\u00f3gico que data de 700 a 900 a\u00f1os.<\/p>\n<p>Por lo tanto, el Ministerio de Turismo y Cultura del Gobierno de San Juan, a trav\u00e9s de la Direcci\u00f3n de Patrimonio Cultural, informa que ante los hechos de vandalismo ocurridos en la zona de Lagar Grande, departamento Caucete, se llev\u00f3 a cabo una investigaci\u00f3n donde se detect\u00f3 que una persona de sexo masculino realiz\u00f3 estas acciones irregulares. Como resultado de este procedimiento, se determin\u00f3 realizar la denuncia pertinente ante el Poder Judicial, en virtud de lo establecido en la Ley Nacional N\u00b0 25.743 y de la Ley Provincial N\u00b0 571- F.<\/p>\n<p><strong><span style=\"color: #99cc00;\">En defensa del Patrimonio Arqueol\u00f3gico<\/span><\/strong><\/p>\n<p>La Ley Nacional N\u00b0 25.743\/2003 expresa que forman parte del Patrimonio Arqueol\u00f3gico las cosas muebles e inmuebles o vestigios de cualquier naturaleza que se encuentren en la superficie, subsuelo o sumergidos en aguas jurisdiccionales, que puedan proporcionar informaci\u00f3n sobre los grupos socioculturales que habitaron el pa\u00eds desde \u00e9pocas precolombinas hasta \u00e9pocas hist\u00f3ricas recientes.<\/p>\n<p>Por otra parte, la Ley Provincial N\u00b0 571-F se adhiere a lo prescripto en la Ley Nacional N\u00ba 25743 que regula el Patrimonio Arqueol\u00f3gico y Paleontol\u00f3gico. En todo lo que no sea modificado por la presente Ley, la autoridad de aplicaci\u00f3n en San Juan es la Secretar\u00eda de Cultura.<\/p>\n<p>A su vez, la ley expresa que aquellas personas que, por acci\u00f3n u omisi\u00f3n, realicen un despojo, saqueo o sustracci\u00f3n de los bienes mencionados o que pongan a los mismos en peligro de p\u00e9rdida, desaparici\u00f3n o destrucci\u00f3n, total o parcial, o que perturben su funci\u00f3n social, ser\u00e1n sancionados con multas que oscilar\u00e1n entre tres (3) y hasta treinta (30) sueldos del escalaf\u00f3n m\u00ednimo de la Administraci\u00f3n P\u00fablica, de acuerdo al grado de participaci\u00f3n, gravedad de la infracci\u00f3n cometida y reincidencia, conforme establezca el Poder Ejecutivo.<\/p>\n<p>&nbsp;<\/p>\n","protected":false},"excerpt":{"rendered":"<p>Tras una investigaci\u00f3n, se detect\u00f3 que una persona de sexo masculino escribi\u00f3 su nombre y da\u00f1\u00f3 este sitio arqueol\u00f3gico que<\/p>\n","protected":false},"author":3,"featured_media":35763,"comment_status":"closed","ping_status":"closed","sticky":false,"template":"","format":"standard","meta":{"_acf_changed":false,"_seopress_robots_primary_cat":"none","_seopress_titles_title":"","_seopress_titles_desc":"","_seopress_robots_index":"","colormag_page_container_layout":"default_layout","colormag_page_sidebar_layout":"default_layout","footnotes":""},"categories":[1],"tags":[],"class_list":["post-35761","post","type-post","status-publish","format-standard","has-post-thumbnail","hentry","category-destacadas"],"acf":[],"_links":{"self":[{"href":"https:\/\/vocesparalelas.com.ar\/sitio\/wp-json\/wp\/v2\/posts\/35761","targetHints":{"allow":["GET"]}}],"collection":[{"href":"https:\/\/vocesparalelas.com.ar\/sitio\/wp-json\/wp\/v2\/posts"}],"about":[{"href":"https:\/\/vocesparalelas.com.ar\/sitio\/wp-json\/wp\/v2\/types\/post"}],"author":[{"embeddable":true,"href":"https:\/\/vocesparalelas.com.ar\/sitio\/wp-json\/wp\/v2\/users\/3"}],"replies":[{"embeddable":true,"href":"https:\/\/vocesparalelas.com.ar\/sitio\/wp-json\/wp\/v2\/comments?post=35761"}],"version-history":[{"count":1,"href":"https:\/\/vocesparalelas.com.ar\/sitio\/wp-json\/wp\/v2\/posts\/35761\/revisions"}],"predecessor-version":[{"id":35764,"href":"https:\/\/vocesparalelas.com.ar\/sitio\/wp-json\/wp\/v2\/posts\/35761\/revisions\/35764"}],"wp:featuredmedia":[{"embeddable":true,"href":"https:\/\/vocesparalelas.com.ar\/sitio\/wp-json\/wp\/v2\/media\/35763"}],"wp:attachment":[{"href":"https:\/\/vocesparalelas.com.ar\/sitio\/wp-json\/wp\/v2\/media?parent=35761"}],"wp:term":[{"taxonomy":"category","embeddable":true,"href":"https:\/\/vocesparalelas.com.ar\/sitio\/wp-json\/wp\/v2\/categories?post=35761"},{"taxonomy":"post_tag","embeddable":true,"href":"https:\/\/vocesparalelas.com.ar\/sitio\/wp-json\/wp\/v2\/tags?post=35761"}],"curies":[{"name":"wp","href":"https:\/\/api.w.org\/{rel}","templated":true}]}}