{"id":35755,"date":"2021-03-04T23:07:24","date_gmt":"2021-03-05T02:07:24","guid":{"rendered":"http:\/\/vocesparalelas.com.ar\/sitio\/?p=35755"},"modified":"2021-03-04T23:07:24","modified_gmt":"2021-03-05T02:07:24","slug":"reunion-preliminar-de-la-comision-de-evolucion-de-impacto-ambiental-del-proyecto-josemaria-de-san-juan","status":"publish","type":"post","link":"https:\/\/vocesparalelas.com.ar\/sitio\/reunion-preliminar-de-la-comision-de-evolucion-de-impacto-ambiental-del-proyecto-josemaria-de-san-juan\/","title":{"rendered":"Reuni\u00f3n preliminar de la Comisi\u00f3n de Evoluci\u00f3n de Impacto Ambiental del proyecto Josemar\u00eda de San Juan"},"content":{"rendered":"<p>Se llev\u00f3 a cabo un encuentro preparatorio de cara a la primera reuni\u00f3n de la Comisi\u00f3n de Evoluci\u00f3n de Impacto Ambiental del proyecto Josemar\u00eda tras la presentaci\u00f3n del Informe Ambiental que realiz\u00f3 la empresa.<\/p>\n<p>La reuni\u00f3n, que se desarroll\u00f3 en el edificio de la Secretar\u00eda de Gesti\u00f3n Ambiental, estuvo presidida por el ministro de Miner\u00eda del Gobierno de San Juan, Ing. Carlos Astudillo y cont\u00f3 adem\u00e1s con la participaci\u00f3n de la directora de Evaluaci\u00f3n Ambiental, Mar\u00eda Bel\u00e9n Uriza; directivos de Josemar\u00eda presididos por el encargado de Relaciones Institucionales, Iv\u00e1n Grgic; y representantes de la CIAEM, integrada por el Ministerio de Salud P\u00fablica, el Departamento de Hidr\u00e1ulica, INACRAS, la Direcci\u00f3n de Planeamiento y Desarrollo Urbano, la Direcci\u00f3n de Recursos Energ\u00e9ticos, CIPCAMI, DEAM, INPRES, UNSJ, UCCuyo, la Secretar\u00eda de Ambiente con tres direcciones<\/p>\n<ul>\n<li>Direcci\u00f3n de Gesti\u00f3n Ambiental,<\/li>\n<li>Direcci\u00f3n de Conservaci\u00f3n y \u00c1reas Protegidas,<\/li>\n<li>Direcci\u00f3n del Parque de la Biodiversidad);<\/li>\n<li>INTA<\/li>\n<li>Secretar\u00eda de Agroindustria y Ganader\u00eda.<\/li>\n<\/ul>\n<p>El objetivo del encuentro fue poner en conocimiento de la instancia en la que se encuentra la presentaci\u00f3n del proyecto y c\u00f3mo se van a llevar a cabo los lineamientos para la posterior evaluaci\u00f3n del Informe de Impacto Ambiental.<\/p>\n<p><img loading=\"lazy\" decoding=\"async\" class=\"alignnone wp-image-35757 size-full\" src=\"https:\/\/vocesparalelas.com.ar\/sitio\/wp-content\/uploads\/2021\/03\/REUNION-JOSEMARIA-02.jpg\" alt=\"\" width=\"800\" height=\"534\" srcset=\"https:\/\/vocesparalelas.com.ar\/sitio\/wp-content\/uploads\/2021\/03\/REUNION-JOSEMARIA-02.jpg 800w, https:\/\/vocesparalelas.com.ar\/sitio\/wp-content\/uploads\/2021\/03\/REUNION-JOSEMARIA-02-300x200.jpg 300w, https:\/\/vocesparalelas.com.ar\/sitio\/wp-content\/uploads\/2021\/03\/REUNION-JOSEMARIA-02-768x513.jpg 768w\" sizes=\"auto, (max-width: 800px) 100vw, 800px\" \/><\/p>\n<p>El ministro de Miner\u00eda, Carlos Astudillo, brind\u00f3 detalles del encuentro: \u201cHa sido una reuni\u00f3n preliminar. Nos juntamos con la comisi\u00f3n que analizar\u00e1 el Informe de Impacto Ambiental del proyecto Josemar\u00eda para comenzar a acordar la mec\u00e1nica a seguir con los distintos organismos que componen la comisi\u00f3n\u201d.<\/p>\n<p>Astudillo a\u00f1adi\u00f3 que el p\u00fablico en general podr\u00e1 acceder a toda la informaci\u00f3n. En ese sentido, en los pr\u00f3ximos d\u00edas, de acuerdo a lo contemplado en la legislaci\u00f3n vigente, la cartera minera convocar\u00e1 a consulta p\u00fablica para la conformaci\u00f3n de una comisi\u00f3n evaluadora, quedando a disposici\u00f3n de quien lo requiera todo el material correspondiente al proyecto.<\/p>\n<p>Por su parte, la directora de Evaluaci\u00f3n Ambiental, explic\u00f3 que \u201cel motivo de la reuni\u00f3n fue anticipar el proyecto, ponerlos en contexto en base a informaciones y evacuando dudas\u201d.<\/p>\n<p>Uriza asever\u00f3 que el grupo de trabajo se conoce, ya que ha trabajado con anterioridad en iniciativas similares y manifest\u00f3 que \u201cla comisi\u00f3n est\u00e1 muy entusiasmada en el nuevo proyecto ya que es un cambio general importante, teniendo en cuenta que el proceso es en mina de cobre y ven\u00edamos trabajando con otro tipo de explotaci\u00f3n\u201d.<\/p>\n<p>Para cerrar, la funcionaria consider\u00f3 que \u201cla idea es hacer un proceso r\u00e1pido, que sea lo m\u00e1s eficiente y \u00e1gil posible para que puedan estar dentro de un lapso prudente y para ello trabajaremos de manera ardua y en conjunto con la comisi\u00f3n\u201d.<\/p>\n<p>A su turno, Iv\u00e1n Grgic calific\u00f3 a la reuni\u00f3n como excelente y asever\u00f3 que durante su transcurso \u201cse han planificado modos de trabajos generales, tem\u00e1ticos, consulta p\u00fablica, una maqueta que vamos a disponer para que la gente pueda ver el dise\u00f1o del proyecto, as\u00ed como viajes al campamento para que la comisi\u00f3n y los evaluadores puedan ver lugares exactos\u201d.<\/p>\n<p>Esta \u00faltima iniciativa requerir\u00e1 una log\u00edstica especial, seg\u00fan Grgic ya que contemplar\u00e1 la implementaci\u00f3n de un protocolo de salud debido a que el campamento est\u00e1 ubicado a m\u00e1s de 4000 msnm, sumado al procoloto de COVID-19\u201d.<\/p>\n<p>Josemar\u00eda est\u00e1 localizado en Iglesia y su puesta en marcha generar\u00e1 4 mil empleos durante su construcci\u00f3n y otros 2 mil durante la etapa de explotaci\u00f3n. Con una inversi\u00f3n de 3 mil millones de d\u00f3lares en dos a\u00f1os, siendo la mayor a nivel privado en todo el pais.<\/p>\n<p><iframe loading=\"lazy\" title=\"Ultiman detalles para la primera reuni\u00f3n de Comisi\u00f3n de Evoluci\u00f3n de Impacto Ambiental de Josemar\u00eda\" width=\"800\" height=\"450\" src=\"https:\/\/www.youtube.com\/embed\/0vahEQXQgxc?feature=oembed\" frameborder=\"0\" allow=\"accelerometer; autoplay; clipboard-write; encrypted-media; gyroscope; picture-in-picture\" allowfullscreen><\/iframe><\/p>\n<p>&nbsp;<\/p>\n<p>&nbsp;<\/p>\n","protected":false},"excerpt":{"rendered":"<p>Se llev\u00f3 a cabo un encuentro preparatorio de cara a la primera reuni\u00f3n de la Comisi\u00f3n de Evoluci\u00f3n de Impacto<\/p>\n","protected":false},"author":3,"featured_media":35758,"comment_status":"closed","ping_status":"closed","sticky":false,"template":"","format":"video","meta":{"_acf_changed":false,"_seopress_robots_primary_cat":"none","_seopress_titles_title":"","_seopress_titles_desc":"","_seopress_robots_index":"","colormag_page_container_layout":"default_layout","colormag_page_sidebar_layout":"default_layout","footnotes":""},"categories":[1,7],"tags":[],"class_list":["post-35755","post","type-post","status-publish","format-video","has-post-thumbnail","hentry","category-destacadas","category-videos","post_format-post-format-video"],"acf":[],"_links":{"self":[{"href":"https:\/\/vocesparalelas.com.ar\/sitio\/wp-json\/wp\/v2\/posts\/35755","targetHints":{"allow":["GET"]}}],"collection":[{"href":"https:\/\/vocesparalelas.com.ar\/sitio\/wp-json\/wp\/v2\/posts"}],"about":[{"href":"https:\/\/vocesparalelas.com.ar\/sitio\/wp-json\/wp\/v2\/types\/post"}],"author":[{"embeddable":true,"href":"https:\/\/vocesparalelas.com.ar\/sitio\/wp-json\/wp\/v2\/users\/3"}],"replies":[{"embeddable":true,"href":"https:\/\/vocesparalelas.com.ar\/sitio\/wp-json\/wp\/v2\/comments?post=35755"}],"version-history":[{"count":1,"href":"https:\/\/vocesparalelas.com.ar\/sitio\/wp-json\/wp\/v2\/posts\/35755\/revisions"}],"predecessor-version":[{"id":35759,"href":"https:\/\/vocesparalelas.com.ar\/sitio\/wp-json\/wp\/v2\/posts\/35755\/revisions\/35759"}],"wp:featuredmedia":[{"embeddable":true,"href":"https:\/\/vocesparalelas.com.ar\/sitio\/wp-json\/wp\/v2\/media\/35758"}],"wp:attachment":[{"href":"https:\/\/vocesparalelas.com.ar\/sitio\/wp-json\/wp\/v2\/media?parent=35755"}],"wp:term":[{"taxonomy":"category","embeddable":true,"href":"https:\/\/vocesparalelas.com.ar\/sitio\/wp-json\/wp\/v2\/categories?post=35755"},{"taxonomy":"post_tag","embeddable":true,"href":"https:\/\/vocesparalelas.com.ar\/sitio\/wp-json\/wp\/v2\/tags?post=35755"}],"curies":[{"name":"wp","href":"https:\/\/api.w.org\/{rel}","templated":true}]}}