{"id":35750,"date":"2021-03-04T22:47:26","date_gmt":"2021-03-05T01:47:26","guid":{"rendered":"http:\/\/vocesparalelas.com.ar\/sitio\/?p=35750"},"modified":"2021-03-05T22:42:04","modified_gmt":"2021-03-06T01:42:04","slug":"actividades-dia-nacional-de-la-memoria-por-la-verdad-y-la-justicia-en-san-juan","status":"publish","type":"post","link":"https:\/\/vocesparalelas.com.ar\/sitio\/actividades-dia-nacional-de-la-memoria-por-la-verdad-y-la-justicia-en-san-juan\/","title":{"rendered":"Actividades \u00abD\u00eda Nacional de la Memoria, por la Verdad y la Justicia\u00bb en San Juan"},"content":{"rendered":"<p>El Ministerio de Gobierno de San Juan, en coordinaci\u00f3n con la Secretar\u00eda de Gobierno, Justicia y DD.HH., Subsecretar\u00eda de Derechos Humanos y la Direcci\u00f3n de Promoci\u00f3n y Protecci\u00f3n de los DD.HH., dio a conocer el cronograma de actividades desarrolladas en el marco del 24 de Marzo, D\u00eda Nacional de la Memoria por la Verdad y la Justicia, en conmemoraci\u00f3n de quienes resultaron v\u00edctimas del golpe de Estado c\u00edvico militar iniciado en esa fecha del a\u00f1o 1976.<\/p>\n<p><strong><span style=\"color: #800000;\">Calendario de actividades<\/span><\/strong><\/p>\n<p>&nbsp;<\/p>\n<p><img loading=\"lazy\" decoding=\"async\" class=\"alignnone wp-image-35752 size-full\" src=\"https:\/\/vocesparalelas.com.ar\/sitio\/wp-content\/uploads\/2021\/03\/memoria.jpg\" alt=\"\" width=\"576\" height=\"1024\" srcset=\"https:\/\/vocesparalelas.com.ar\/sitio\/wp-content\/uploads\/2021\/03\/memoria.jpg 576w, https:\/\/vocesparalelas.com.ar\/sitio\/wp-content\/uploads\/2021\/03\/memoria-169x300.jpg 169w, https:\/\/vocesparalelas.com.ar\/sitio\/wp-content\/uploads\/2021\/03\/memoria-450x800.jpg 450w\" sizes=\"auto, (max-width: 576px) 100vw, 576px\" \/><\/p>\n","protected":false},"excerpt":{"rendered":"<p>El Ministerio de Gobierno de San Juan, en coordinaci\u00f3n con la Secretar\u00eda de Gobierno, Justicia y DD.HH., Subsecretar\u00eda de Derechos<\/p>\n","protected":false},"author":3,"featured_media":35753,"comment_status":"closed","ping_status":"closed","sticky":false,"template":"","format":"standard","meta":{"_acf_changed":false,"_seopress_robots_primary_cat":"none","_seopress_titles_title":"","_seopress_titles_desc":"","_seopress_robots_index":"","colormag_page_container_layout":"default_layout","colormag_page_sidebar_layout":"default_layout","footnotes":""},"categories":[6],"tags":[],"class_list":["post-35750","post","type-post","status-publish","format-standard","has-post-thumbnail","hentry","category-eventos"],"acf":[],"_links":{"self":[{"href":"https:\/\/vocesparalelas.com.ar\/sitio\/wp-json\/wp\/v2\/posts\/35750","targetHints":{"allow":["GET"]}}],"collection":[{"href":"https:\/\/vocesparalelas.com.ar\/sitio\/wp-json\/wp\/v2\/posts"}],"about":[{"href":"https:\/\/vocesparalelas.com.ar\/sitio\/wp-json\/wp\/v2\/types\/post"}],"author":[{"embeddable":true,"href":"https:\/\/vocesparalelas.com.ar\/sitio\/wp-json\/wp\/v2\/users\/3"}],"replies":[{"embeddable":true,"href":"https:\/\/vocesparalelas.com.ar\/sitio\/wp-json\/wp\/v2\/comments?post=35750"}],"version-history":[{"count":1,"href":"https:\/\/vocesparalelas.com.ar\/sitio\/wp-json\/wp\/v2\/posts\/35750\/revisions"}],"predecessor-version":[{"id":35754,"href":"https:\/\/vocesparalelas.com.ar\/sitio\/wp-json\/wp\/v2\/posts\/35750\/revisions\/35754"}],"wp:featuredmedia":[{"embeddable":true,"href":"https:\/\/vocesparalelas.com.ar\/sitio\/wp-json\/wp\/v2\/media\/35753"}],"wp:attachment":[{"href":"https:\/\/vocesparalelas.com.ar\/sitio\/wp-json\/wp\/v2\/media?parent=35750"}],"wp:term":[{"taxonomy":"category","embeddable":true,"href":"https:\/\/vocesparalelas.com.ar\/sitio\/wp-json\/wp\/v2\/categories?post=35750"},{"taxonomy":"post_tag","embeddable":true,"href":"https:\/\/vocesparalelas.com.ar\/sitio\/wp-json\/wp\/v2\/tags?post=35750"}],"curies":[{"name":"wp","href":"https:\/\/api.w.org\/{rel}","templated":true}]}}